{"id":15932,"date":"2013-04-25T12:13:42","date_gmt":"2013-04-25T10:13:42","guid":{"rendered":"http:\/\/www.prosos.org\/sosvz\/?guid=de9a8aa721ae5c510b1c44d5fdb36049"},"modified":"2013-04-25T12:13:42","modified_gmt":"2013-04-25T10:13:42","slug":"zweieinhalbjahriger-bub-fallt-vom-balkon","status":"publish","type":"post","link":"https:\/\/www.prosos.org\/sosvz\/zweieinhalbjahriger-bub-fallt-vom-balkon-15932.html","title":{"rendered":"Zweieinhalbj\u00e4hriger Bub f\u00e4llt vom Balkon"},"content":{"rendered":"ORTENBURG, LKR. PASSAU. Ein zweieinhalbj\u00e4hriger Bub ist am Donnerstag, 25.04.2013 in Dorfbach bei Ortenburg von einem Balkon etwa vier Meter in die Tiefe gest\u00fcrzt. Er wurde mit dem Rettungshubschrauber ins Kinderkrankenhaus nach Passau geflogen. Die Schwere der Verletzungen ist im Moment noch nicht bekannt.   \n<p class=\"syndicated-attribution\"><br \/><a target='_blank' href='http:\/\/www.polizei.bayern.de\/niederbayern\/news\/presse\/aktuell\/index.html\/176929'> komplette Meldung auf Polizei Bayern lesen<\/a><br \/><\/p>","protected":false},"excerpt":{"rendered":"<p>ORTENBURG, LKR. PASSAU. Ein zweieinhalbj\u00e4hriger Bub ist am Donnerstag, 25.04.2013 in Dorfbach bei Ortenburg von einem Balkon etwa vier Meter in die Tiefe gest\u00fcrzt. Er wurde mit dem Rettungshubschrauber ins Kinderkrankenhaus nach Passau geflogen. Die &#8230;<\/p>\n","protected":false},"author":2,"featured_media":0,"comment_status":"closed","ping_status":"closed","sticky":false,"template":"","format":"standard","meta":{"footnotes":""},"categories":[5],"tags":[],"class_list":["post-15932","post","type-post","status-publish","format-standard","hentry","category-nayern"],"yoast_head":"<!-- This site is optimized with the Yoast SEO plugin v24.9 - https:\/\/yoast.com\/wordpress\/plugins\/seo\/ -->\n<title>Zweieinhalbj\u00e4hriger Bub f\u00e4llt vom Balkon<\/title>\n<meta name=\"description\" content=\"ORTENBURG, LKR. PASSAU. Ein zweieinhalbj\u00e4hriger Bub ist am Donnerstag, 25.04.2013 in Dorfbach bei Ortenburg von einem Balkon etwa vier Meter in die Tiefe gest\u00fcrzt. Er wurde mit dem Rettungshubschrauber ins Kinderkrankenhaus nach Passau geflogen. Die ...\" \/>\n<meta name=\"robots\" content=\"index, follow, max-snippet:-1, max-image-preview:large, max-video-preview:-1\" \/>\n<link rel=\"canonical\" href=\"https:\/\/www.prosos.org\/sosvz\/zweieinhalbjahriger-bub-fallt-vom-balkon-15932.html\" \/>\n<meta property=\"og:locale\" content=\"de_DE\" \/>\n<meta property=\"og:type\" content=\"article\" \/>\n<meta property=\"og:title\" content=\"Zweieinhalbj\u00e4hriger Bub f\u00e4llt vom Balkon\" \/>\n<meta property=\"og:description\" content=\"ORTENBURG, LKR. PASSAU. Ein zweieinhalbj\u00e4hriger Bub ist am Donnerstag, 25.04.2013 in Dorfbach bei Ortenburg von einem Balkon etwa vier Meter in die Tiefe gest\u00fcrzt. Er wurde mit dem Rettungshubschrauber ins Kinderkrankenhaus nach Passau geflogen. Die ...\" \/>\n<meta property=\"og:url\" content=\"https:\/\/www.prosos.org\/sosvz\/zweieinhalbjahriger-bub-fallt-vom-balkon-15932.html\" \/>\n<meta property=\"og:site_name\" content=\"ProSOS - sosVZ\" \/>\n<meta property=\"article:published_time\" content=\"2013-04-25T10:13:42+00:00\" \/>\n<meta name=\"author\" content=\"Polizei Bayern\" \/>\n<meta name=\"twitter:card\" content=\"summary_large_image\" \/>\n<meta name=\"twitter:label1\" content=\"Verfasst von\" \/>\n\t<meta name=\"twitter:data1\" content=\"Polizei Bayern\" \/>\n<script type=\"application\/ld+json\" class=\"yoast-schema-graph\">{\"@context\":\"https:\/\/schema.org\",\"@graph\":[{\"@type\":\"WebPage\",\"@id\":\"https:\/\/www.prosos.org\/sosvz\/zweieinhalbjahriger-bub-fallt-vom-balkon-15932.html\",\"url\":\"https:\/\/www.prosos.org\/sosvz\/zweieinhalbjahriger-bub-fallt-vom-balkon-15932.html\",\"name\":\"Zweieinhalbj\u00e4hriger Bub f\u00e4llt vom Balkon\",\"isPartOf\":{\"@id\":\"https:\/\/www.prosos.org\/sosvz\/#website\"},\"datePublished\":\"2013-04-25T10:13:42+00:00\",\"author\":{\"@id\":\"https:\/\/www.prosos.org\/sosvz\/#\/schema\/person\/fbd66aeac098e28acf1869332c6e55e9\"},\"description\":\"ORTENBURG, LKR. PASSAU. Ein zweieinhalbj\u00e4hriger Bub ist am Donnerstag, 25.04.2013 in Dorfbach bei Ortenburg von einem Balkon etwa vier Meter in die Tiefe gest\u00fcrzt. Er wurde mit dem Rettungshubschrauber ins Kinderkrankenhaus nach Passau geflogen. Die ...\",\"breadcrumb\":{\"@id\":\"https:\/\/www.prosos.org\/sosvz\/zweieinhalbjahriger-bub-fallt-vom-balkon-15932.html#breadcrumb\"},\"inLanguage\":\"de\",\"potentialAction\":[{\"@type\":\"ReadAction\",\"target\":[\"https:\/\/www.prosos.org\/sosvz\/zweieinhalbjahriger-bub-fallt-vom-balkon-15932.html\"]}]},{\"@type\":\"BreadcrumbList\",\"@id\":\"https:\/\/www.prosos.org\/sosvz\/zweieinhalbjahriger-bub-fallt-vom-balkon-15932.html#breadcrumb\",\"itemListElement\":[{\"@type\":\"ListItem\",\"position\":1,\"name\":\"Home\",\"item\":\"https:\/\/www.prosos.org\/sosvz\"},{\"@type\":\"ListItem\",\"position\":2,\"name\":\"Zweieinhalbj\u00e4hriger Bub f\u00e4llt vom Balkon\"}]},{\"@type\":\"WebSite\",\"@id\":\"https:\/\/www.prosos.org\/sosvz\/#website\",\"url\":\"https:\/\/www.prosos.org\/sosvz\/\",\"name\":\"ProSOS - sosVZ\",\"description\":\"Die Coummunity f\u00fcr Polizei, Feuerwehr, Rettungsdienste und Selbstschutz\",\"potentialAction\":[{\"@type\":\"SearchAction\",\"target\":{\"@type\":\"EntryPoint\",\"urlTemplate\":\"https:\/\/www.prosos.org\/sosvz\/?s={search_term_string}\"},\"query-input\":{\"@type\":\"PropertyValueSpecification\",\"valueRequired\":true,\"valueName\":\"search_term_string\"}}],\"inLanguage\":\"de\"},{\"@type\":\"Person\",\"@id\":\"https:\/\/www.prosos.org\/sosvz\/#\/schema\/person\/fbd66aeac098e28acf1869332c6e55e9\",\"name\":\"Polizei Bayern\",\"image\":{\"@type\":\"ImageObject\",\"inLanguage\":\"de\",\"@id\":\"https:\/\/www.prosos.org\/sosvz\/#\/schema\/person\/image\/\",\"url\":\"https:\/\/secure.gravatar.com\/avatar\/a483f747047c1dc1556555639a19986e42d28bda61988c35164221a541236fce?s=96&d=mm&r=g\",\"contentUrl\":\"https:\/\/secure.gravatar.com\/avatar\/a483f747047c1dc1556555639a19986e42d28bda61988c35164221a541236fce?s=96&d=mm&r=g\",\"caption\":\"Polizei Bayern\"},\"sameAs\":[\"http:\/\/www.polizei.bayern.de\"]}]}<\/script>\n<!-- \/ Yoast SEO plugin. -->","yoast_head_json":{"title":"Zweieinhalbj\u00e4hriger Bub f\u00e4llt vom Balkon","description":"ORTENBURG, LKR. PASSAU. Ein zweieinhalbj\u00e4hriger Bub ist am Donnerstag, 25.04.2013 in Dorfbach bei Ortenburg von einem Balkon etwa vier Meter in die Tiefe gest\u00fcrzt. Er wurde mit dem Rettungshubschrauber ins Kinderkrankenhaus nach Passau geflogen. Die ...","robots":{"index":"index","follow":"follow","max-snippet":"max-snippet:-1","max-image-preview":"max-image-preview:large","max-video-preview":"max-video-preview:-1"},"canonical":"https:\/\/www.prosos.org\/sosvz\/zweieinhalbjahriger-bub-fallt-vom-balkon-15932.html","og_locale":"de_DE","og_type":"article","og_title":"Zweieinhalbj\u00e4hriger Bub f\u00e4llt vom Balkon","og_description":"ORTENBURG, LKR. PASSAU. Ein zweieinhalbj\u00e4hriger Bub ist am Donnerstag, 25.04.2013 in Dorfbach bei Ortenburg von einem Balkon etwa vier Meter in die Tiefe gest\u00fcrzt. Er wurde mit dem Rettungshubschrauber ins Kinderkrankenhaus nach Passau geflogen. Die ...","og_url":"https:\/\/www.prosos.org\/sosvz\/zweieinhalbjahriger-bub-fallt-vom-balkon-15932.html","og_site_name":"ProSOS - sosVZ","article_published_time":"2013-04-25T10:13:42+00:00","author":"Polizei Bayern","twitter_card":"summary_large_image","twitter_misc":{"Verfasst von":"Polizei Bayern"},"schema":{"@context":"https:\/\/schema.org","@graph":[{"@type":"WebPage","@id":"https:\/\/www.prosos.org\/sosvz\/zweieinhalbjahriger-bub-fallt-vom-balkon-15932.html","url":"https:\/\/www.prosos.org\/sosvz\/zweieinhalbjahriger-bub-fallt-vom-balkon-15932.html","name":"Zweieinhalbj\u00e4hriger Bub f\u00e4llt vom Balkon","isPartOf":{"@id":"https:\/\/www.prosos.org\/sosvz\/#website"},"datePublished":"2013-04-25T10:13:42+00:00","author":{"@id":"https:\/\/www.prosos.org\/sosvz\/#\/schema\/person\/fbd66aeac098e28acf1869332c6e55e9"},"description":"ORTENBURG, LKR. PASSAU. Ein zweieinhalbj\u00e4hriger Bub ist am Donnerstag, 25.04.2013 in Dorfbach bei Ortenburg von einem Balkon etwa vier Meter in die Tiefe gest\u00fcrzt. Er wurde mit dem Rettungshubschrauber ins Kinderkrankenhaus nach Passau geflogen. Die ...","breadcrumb":{"@id":"https:\/\/www.prosos.org\/sosvz\/zweieinhalbjahriger-bub-fallt-vom-balkon-15932.html#breadcrumb"},"inLanguage":"de","potentialAction":[{"@type":"ReadAction","target":["https:\/\/www.prosos.org\/sosvz\/zweieinhalbjahriger-bub-fallt-vom-balkon-15932.html"]}]},{"@type":"BreadcrumbList","@id":"https:\/\/www.prosos.org\/sosvz\/zweieinhalbjahriger-bub-fallt-vom-balkon-15932.html#breadcrumb","itemListElement":[{"@type":"ListItem","position":1,"name":"Home","item":"https:\/\/www.prosos.org\/sosvz"},{"@type":"ListItem","position":2,"name":"Zweieinhalbj\u00e4hriger Bub f\u00e4llt vom Balkon"}]},{"@type":"WebSite","@id":"https:\/\/www.prosos.org\/sosvz\/#website","url":"https:\/\/www.prosos.org\/sosvz\/","name":"ProSOS - sosVZ","description":"Die Coummunity f\u00fcr Polizei, Feuerwehr, Rettungsdienste und Selbstschutz","potentialAction":[{"@type":"SearchAction","target":{"@type":"EntryPoint","urlTemplate":"https:\/\/www.prosos.org\/sosvz\/?s={search_term_string}"},"query-input":{"@type":"PropertyValueSpecification","valueRequired":true,"valueName":"search_term_string"}}],"inLanguage":"de"},{"@type":"Person","@id":"https:\/\/www.prosos.org\/sosvz\/#\/schema\/person\/fbd66aeac098e28acf1869332c6e55e9","name":"Polizei Bayern","image":{"@type":"ImageObject","inLanguage":"de","@id":"https:\/\/www.prosos.org\/sosvz\/#\/schema\/person\/image\/","url":"https:\/\/secure.gravatar.com\/avatar\/a483f747047c1dc1556555639a19986e42d28bda61988c35164221a541236fce?s=96&d=mm&r=g","contentUrl":"https:\/\/secure.gravatar.com\/avatar\/a483f747047c1dc1556555639a19986e42d28bda61988c35164221a541236fce?s=96&d=mm&r=g","caption":"Polizei Bayern"},"sameAs":["http:\/\/www.polizei.bayern.de"]}]}},"_links":{"self":[{"href":"https:\/\/www.prosos.org\/sosvz\/wp-json\/wp\/v2\/posts\/15932","targetHints":{"allow":["GET"]}}],"collection":[{"href":"https:\/\/www.prosos.org\/sosvz\/wp-json\/wp\/v2\/posts"}],"about":[{"href":"https:\/\/www.prosos.org\/sosvz\/wp-json\/wp\/v2\/types\/post"}],"author":[{"embeddable":true,"href":"https:\/\/www.prosos.org\/sosvz\/wp-json\/wp\/v2\/users\/2"}],"replies":[{"embeddable":true,"href":"https:\/\/www.prosos.org\/sosvz\/wp-json\/wp\/v2\/comments?post=15932"}],"version-history":[{"count":0,"href":"https:\/\/www.prosos.org\/sosvz\/wp-json\/wp\/v2\/posts\/15932\/revisions"}],"wp:attachment":[{"href":"https:\/\/www.prosos.org\/sosvz\/wp-json\/wp\/v2\/media?parent=15932"}],"wp:term":[{"taxonomy":"category","embeddable":true,"href":"https:\/\/www.prosos.org\/sosvz\/wp-json\/wp\/v2\/categories?post=15932"},{"taxonomy":"post_tag","embeddable":true,"href":"https:\/\/www.prosos.org\/sosvz\/wp-json\/wp\/v2\/tags?post=15932"}],"curies":[{"name":"wp","href":"https:\/\/api.w.org\/{rel}","templated":true}]}}