{"id":15934,"date":"2013-04-25T12:13:44","date_gmt":"2013-04-25T10:13:44","guid":{"rendered":"http:\/\/www.prosos.org\/sosvz\/?guid=e938b6b4eab8819b254c8af8bb527f2d"},"modified":"2013-04-25T12:13:44","modified_gmt":"2013-04-25T10:13:44","slug":"serie-von-kfz-diebstahlen-18-jahriger-mit-gestohlenem-pkw-am-grenzubergang-waidhaus-festgenommen","status":"publish","type":"post","link":"https:\/\/www.prosos.org\/sosvz\/serie-von-kfz-diebstahlen-18-jahriger-mit-gestohlenem-pkw-am-grenzubergang-waidhaus-festgenommen-15934.html","title":{"rendered":"Serie von Kfz-Diebst\u00e4hlen \u2013 18-J\u00e4hriger mit gestohlenem Pkw am Grenz\u00fcbergang Waidhaus festgenommen"},"content":{"rendered":"MARKTHEIDENFELD, OT MICHELRIETH, LKR. MAIN-SPESSART, SCHWEINFURT, RAUHENEBRACH, OT UNTERSTEINBACH, LKR. HA\u00dfBERGE. Eine Serie von Kfz-Diebst\u00e4hlen besch\u00e4ftigt seit einigen Tagen die Unterfr\u00e4nkische Polizei. In Schweinfurt, Rauhenebrach sowie Marktheidenfeld wurden zwei VW Touran, ein Audi Avant und ein Wohnmobil entwendet. In einem Fall hatte der T\u00e4ter nicht allzu lang Freude an dem gestohlenen Fahrzeug. Er wurde nur wenige Stunden sp\u00e4ter am Grenz\u00fcbergang Waidhaus von der Polizei gestoppt. In den anderen F\u00e4llen fehlt von den Dieben und ihrer Beute bislang jede Spur. \n<p class=\"syndicated-attribution\"><br \/><a target='_blank' href='http:\/\/www.polizei.bayern.de\/unterfranken\/news\/presse\/aktuell\/index.html\/176918'> komplette Meldung auf Polizei Bayern lesen<\/a><br \/><\/p>","protected":false},"excerpt":{"rendered":"<p>MARKTHEIDENFELD, OT MICHELRIETH, LKR. MAIN-SPESSART, SCHWEINFURT, RAUHENEBRACH, OT UNTERSTEINBACH, LKR. HA\u00dfBERGE. Eine Serie von Kfz-Diebst\u00e4hlen besch\u00e4ftigt seit einigen Tagen die Unterfr\u00e4nkische Polizei. In Schweinfurt, Rauhenebrach sowie Markthei&#8230;<\/p>\n","protected":false},"author":2,"featured_media":0,"comment_status":"closed","ping_status":"closed","sticky":false,"template":"","format":"standard","meta":{"footnotes":""},"categories":[5],"tags":[],"class_list":["post-15934","post","type-post","status-publish","format-standard","hentry","category-nayern"],"yoast_head":"<!-- This site is optimized with the Yoast SEO plugin v24.9 - https:\/\/yoast.com\/wordpress\/plugins\/seo\/ -->\n<title>Serie von Kfz-Diebst\u00e4hlen \u2013 18-J\u00e4hriger mit gestohlenem Pkw am Grenz\u00fcbergang Waidhaus festgenommen<\/title>\n<meta name=\"description\" content=\"MARKTHEIDENFELD, OT MICHELRIETH, LKR. MAIN-SPESSART, SCHWEINFURT, RAUHENEBRACH, OT UNTERSTEINBACH, LKR. HA\u00dfBERGE. Eine Serie von Kfz-Diebst\u00e4hlen besch\u00e4ftigt seit einigen Tagen die Unterfr\u00e4nkische Polizei. In Schweinfurt, Rauhenebrach sowie Markthei...\" \/>\n<meta name=\"robots\" content=\"index, follow, max-snippet:-1, max-image-preview:large, max-video-preview:-1\" \/>\n<link rel=\"canonical\" href=\"https:\/\/www.prosos.org\/sosvz\/serie-von-kfz-diebstahlen-18-jahriger-mit-gestohlenem-pkw-am-grenzubergang-waidhaus-festgenommen-15934.html\" \/>\n<meta property=\"og:locale\" content=\"de_DE\" \/>\n<meta property=\"og:type\" content=\"article\" \/>\n<meta property=\"og:title\" content=\"Serie von Kfz-Diebst\u00e4hlen \u2013 18-J\u00e4hriger mit gestohlenem Pkw am Grenz\u00fcbergang Waidhaus festgenommen\" \/>\n<meta property=\"og:description\" content=\"MARKTHEIDENFELD, OT MICHELRIETH, LKR. MAIN-SPESSART, SCHWEINFURT, RAUHENEBRACH, OT UNTERSTEINBACH, LKR. HA\u00dfBERGE. Eine Serie von Kfz-Diebst\u00e4hlen besch\u00e4ftigt seit einigen Tagen die Unterfr\u00e4nkische Polizei. In Schweinfurt, Rauhenebrach sowie Markthei...\" \/>\n<meta property=\"og:url\" content=\"https:\/\/www.prosos.org\/sosvz\/serie-von-kfz-diebstahlen-18-jahriger-mit-gestohlenem-pkw-am-grenzubergang-waidhaus-festgenommen-15934.html\" \/>\n<meta property=\"og:site_name\" content=\"ProSOS - sosVZ\" \/>\n<meta property=\"article:published_time\" content=\"2013-04-25T10:13:44+00:00\" \/>\n<meta name=\"author\" content=\"Polizei Bayern\" \/>\n<meta name=\"twitter:card\" content=\"summary_large_image\" \/>\n<meta name=\"twitter:label1\" content=\"Verfasst von\" \/>\n\t<meta name=\"twitter:data1\" content=\"Polizei Bayern\" \/>\n<script type=\"application\/ld+json\" class=\"yoast-schema-graph\">{\"@context\":\"https:\/\/schema.org\",\"@graph\":[{\"@type\":\"WebPage\",\"@id\":\"https:\/\/www.prosos.org\/sosvz\/serie-von-kfz-diebstahlen-18-jahriger-mit-gestohlenem-pkw-am-grenzubergang-waidhaus-festgenommen-15934.html\",\"url\":\"https:\/\/www.prosos.org\/sosvz\/serie-von-kfz-diebstahlen-18-jahriger-mit-gestohlenem-pkw-am-grenzubergang-waidhaus-festgenommen-15934.html\",\"name\":\"Serie von Kfz-Diebst\u00e4hlen \u2013 18-J\u00e4hriger mit gestohlenem Pkw am Grenz\u00fcbergang Waidhaus festgenommen\",\"isPartOf\":{\"@id\":\"https:\/\/www.prosos.org\/sosvz\/#website\"},\"datePublished\":\"2013-04-25T10:13:44+00:00\",\"author\":{\"@id\":\"https:\/\/www.prosos.org\/sosvz\/#\/schema\/person\/fbd66aeac098e28acf1869332c6e55e9\"},\"description\":\"MARKTHEIDENFELD, OT MICHELRIETH, LKR. MAIN-SPESSART, SCHWEINFURT, RAUHENEBRACH, OT UNTERSTEINBACH, LKR. HA\u00dfBERGE. Eine Serie von Kfz-Diebst\u00e4hlen besch\u00e4ftigt seit einigen Tagen die Unterfr\u00e4nkische Polizei. In Schweinfurt, Rauhenebrach sowie Markthei...\",\"breadcrumb\":{\"@id\":\"https:\/\/www.prosos.org\/sosvz\/serie-von-kfz-diebstahlen-18-jahriger-mit-gestohlenem-pkw-am-grenzubergang-waidhaus-festgenommen-15934.html#breadcrumb\"},\"inLanguage\":\"de\",\"potentialAction\":[{\"@type\":\"ReadAction\",\"target\":[\"https:\/\/www.prosos.org\/sosvz\/serie-von-kfz-diebstahlen-18-jahriger-mit-gestohlenem-pkw-am-grenzubergang-waidhaus-festgenommen-15934.html\"]}]},{\"@type\":\"BreadcrumbList\",\"@id\":\"https:\/\/www.prosos.org\/sosvz\/serie-von-kfz-diebstahlen-18-jahriger-mit-gestohlenem-pkw-am-grenzubergang-waidhaus-festgenommen-15934.html#breadcrumb\",\"itemListElement\":[{\"@type\":\"ListItem\",\"position\":1,\"name\":\"Home\",\"item\":\"https:\/\/www.prosos.org\/sosvz\"},{\"@type\":\"ListItem\",\"position\":2,\"name\":\"Serie von Kfz-Diebst\u00e4hlen \u2013 18-J\u00e4hriger mit gestohlenem Pkw am Grenz\u00fcbergang Waidhaus festgenommen\"}]},{\"@type\":\"WebSite\",\"@id\":\"https:\/\/www.prosos.org\/sosvz\/#website\",\"url\":\"https:\/\/www.prosos.org\/sosvz\/\",\"name\":\"ProSOS - sosVZ\",\"description\":\"Die Coummunity f\u00fcr Polizei, Feuerwehr, Rettungsdienste und Selbstschutz\",\"potentialAction\":[{\"@type\":\"SearchAction\",\"target\":{\"@type\":\"EntryPoint\",\"urlTemplate\":\"https:\/\/www.prosos.org\/sosvz\/?s={search_term_string}\"},\"query-input\":{\"@type\":\"PropertyValueSpecification\",\"valueRequired\":true,\"valueName\":\"search_term_string\"}}],\"inLanguage\":\"de\"},{\"@type\":\"Person\",\"@id\":\"https:\/\/www.prosos.org\/sosvz\/#\/schema\/person\/fbd66aeac098e28acf1869332c6e55e9\",\"name\":\"Polizei Bayern\",\"image\":{\"@type\":\"ImageObject\",\"inLanguage\":\"de\",\"@id\":\"https:\/\/www.prosos.org\/sosvz\/#\/schema\/person\/image\/\",\"url\":\"https:\/\/secure.gravatar.com\/avatar\/a483f747047c1dc1556555639a19986e42d28bda61988c35164221a541236fce?s=96&d=mm&r=g\",\"contentUrl\":\"https:\/\/secure.gravatar.com\/avatar\/a483f747047c1dc1556555639a19986e42d28bda61988c35164221a541236fce?s=96&d=mm&r=g\",\"caption\":\"Polizei Bayern\"},\"sameAs\":[\"http:\/\/www.polizei.bayern.de\"]}]}<\/script>\n<!-- \/ Yoast SEO plugin. -->","yoast_head_json":{"title":"Serie von Kfz-Diebst\u00e4hlen \u2013 18-J\u00e4hriger mit gestohlenem Pkw am Grenz\u00fcbergang Waidhaus festgenommen","description":"MARKTHEIDENFELD, OT MICHELRIETH, LKR. MAIN-SPESSART, SCHWEINFURT, RAUHENEBRACH, OT UNTERSTEINBACH, LKR. HA\u00dfBERGE. Eine Serie von Kfz-Diebst\u00e4hlen besch\u00e4ftigt seit einigen Tagen die Unterfr\u00e4nkische Polizei. In Schweinfurt, Rauhenebrach sowie Markthei...","robots":{"index":"index","follow":"follow","max-snippet":"max-snippet:-1","max-image-preview":"max-image-preview:large","max-video-preview":"max-video-preview:-1"},"canonical":"https:\/\/www.prosos.org\/sosvz\/serie-von-kfz-diebstahlen-18-jahriger-mit-gestohlenem-pkw-am-grenzubergang-waidhaus-festgenommen-15934.html","og_locale":"de_DE","og_type":"article","og_title":"Serie von Kfz-Diebst\u00e4hlen \u2013 18-J\u00e4hriger mit gestohlenem Pkw am Grenz\u00fcbergang Waidhaus festgenommen","og_description":"MARKTHEIDENFELD, OT MICHELRIETH, LKR. MAIN-SPESSART, SCHWEINFURT, RAUHENEBRACH, OT UNTERSTEINBACH, LKR. HA\u00dfBERGE. Eine Serie von Kfz-Diebst\u00e4hlen besch\u00e4ftigt seit einigen Tagen die Unterfr\u00e4nkische Polizei. In Schweinfurt, Rauhenebrach sowie Markthei...","og_url":"https:\/\/www.prosos.org\/sosvz\/serie-von-kfz-diebstahlen-18-jahriger-mit-gestohlenem-pkw-am-grenzubergang-waidhaus-festgenommen-15934.html","og_site_name":"ProSOS - sosVZ","article_published_time":"2013-04-25T10:13:44+00:00","author":"Polizei Bayern","twitter_card":"summary_large_image","twitter_misc":{"Verfasst von":"Polizei Bayern"},"schema":{"@context":"https:\/\/schema.org","@graph":[{"@type":"WebPage","@id":"https:\/\/www.prosos.org\/sosvz\/serie-von-kfz-diebstahlen-18-jahriger-mit-gestohlenem-pkw-am-grenzubergang-waidhaus-festgenommen-15934.html","url":"https:\/\/www.prosos.org\/sosvz\/serie-von-kfz-diebstahlen-18-jahriger-mit-gestohlenem-pkw-am-grenzubergang-waidhaus-festgenommen-15934.html","name":"Serie von Kfz-Diebst\u00e4hlen \u2013 18-J\u00e4hriger mit gestohlenem Pkw am Grenz\u00fcbergang Waidhaus festgenommen","isPartOf":{"@id":"https:\/\/www.prosos.org\/sosvz\/#website"},"datePublished":"2013-04-25T10:13:44+00:00","author":{"@id":"https:\/\/www.prosos.org\/sosvz\/#\/schema\/person\/fbd66aeac098e28acf1869332c6e55e9"},"description":"MARKTHEIDENFELD, OT MICHELRIETH, LKR. MAIN-SPESSART, SCHWEINFURT, RAUHENEBRACH, OT UNTERSTEINBACH, LKR. HA\u00dfBERGE. Eine Serie von Kfz-Diebst\u00e4hlen besch\u00e4ftigt seit einigen Tagen die Unterfr\u00e4nkische Polizei. In Schweinfurt, Rauhenebrach sowie Markthei...","breadcrumb":{"@id":"https:\/\/www.prosos.org\/sosvz\/serie-von-kfz-diebstahlen-18-jahriger-mit-gestohlenem-pkw-am-grenzubergang-waidhaus-festgenommen-15934.html#breadcrumb"},"inLanguage":"de","potentialAction":[{"@type":"ReadAction","target":["https:\/\/www.prosos.org\/sosvz\/serie-von-kfz-diebstahlen-18-jahriger-mit-gestohlenem-pkw-am-grenzubergang-waidhaus-festgenommen-15934.html"]}]},{"@type":"BreadcrumbList","@id":"https:\/\/www.prosos.org\/sosvz\/serie-von-kfz-diebstahlen-18-jahriger-mit-gestohlenem-pkw-am-grenzubergang-waidhaus-festgenommen-15934.html#breadcrumb","itemListElement":[{"@type":"ListItem","position":1,"name":"Home","item":"https:\/\/www.prosos.org\/sosvz"},{"@type":"ListItem","position":2,"name":"Serie von Kfz-Diebst\u00e4hlen \u2013 18-J\u00e4hriger mit gestohlenem Pkw am Grenz\u00fcbergang Waidhaus festgenommen"}]},{"@type":"WebSite","@id":"https:\/\/www.prosos.org\/sosvz\/#website","url":"https:\/\/www.prosos.org\/sosvz\/","name":"ProSOS - sosVZ","description":"Die Coummunity f\u00fcr Polizei, Feuerwehr, Rettungsdienste und Selbstschutz","potentialAction":[{"@type":"SearchAction","target":{"@type":"EntryPoint","urlTemplate":"https:\/\/www.prosos.org\/sosvz\/?s={search_term_string}"},"query-input":{"@type":"PropertyValueSpecification","valueRequired":true,"valueName":"search_term_string"}}],"inLanguage":"de"},{"@type":"Person","@id":"https:\/\/www.prosos.org\/sosvz\/#\/schema\/person\/fbd66aeac098e28acf1869332c6e55e9","name":"Polizei Bayern","image":{"@type":"ImageObject","inLanguage":"de","@id":"https:\/\/www.prosos.org\/sosvz\/#\/schema\/person\/image\/","url":"https:\/\/secure.gravatar.com\/avatar\/a483f747047c1dc1556555639a19986e42d28bda61988c35164221a541236fce?s=96&d=mm&r=g","contentUrl":"https:\/\/secure.gravatar.com\/avatar\/a483f747047c1dc1556555639a19986e42d28bda61988c35164221a541236fce?s=96&d=mm&r=g","caption":"Polizei Bayern"},"sameAs":["http:\/\/www.polizei.bayern.de"]}]}},"_links":{"self":[{"href":"https:\/\/www.prosos.org\/sosvz\/wp-json\/wp\/v2\/posts\/15934","targetHints":{"allow":["GET"]}}],"collection":[{"href":"https:\/\/www.prosos.org\/sosvz\/wp-json\/wp\/v2\/posts"}],"about":[{"href":"https:\/\/www.prosos.org\/sosvz\/wp-json\/wp\/v2\/types\/post"}],"author":[{"embeddable":true,"href":"https:\/\/www.prosos.org\/sosvz\/wp-json\/wp\/v2\/users\/2"}],"replies":[{"embeddable":true,"href":"https:\/\/www.prosos.org\/sosvz\/wp-json\/wp\/v2\/comments?post=15934"}],"version-history":[{"count":0,"href":"https:\/\/www.prosos.org\/sosvz\/wp-json\/wp\/v2\/posts\/15934\/revisions"}],"wp:attachment":[{"href":"https:\/\/www.prosos.org\/sosvz\/wp-json\/wp\/v2\/media?parent=15934"}],"wp:term":[{"taxonomy":"category","embeddable":true,"href":"https:\/\/www.prosos.org\/sosvz\/wp-json\/wp\/v2\/categories?post=15934"},{"taxonomy":"post_tag","embeddable":true,"href":"https:\/\/www.prosos.org\/sosvz\/wp-json\/wp\/v2\/tags?post=15934"}],"curies":[{"name":"wp","href":"https:\/\/api.w.org\/{rel}","templated":true}]}}