{"id":15951,"date":"2013-04-26T13:03:13","date_gmt":"2013-04-26T11:03:13","guid":{"rendered":"http:\/\/www.prosos.org\/sosvz\/?guid=15940dba9e85f7d790f37e0021fb69f5"},"modified":"2013-04-26T13:03:13","modified_gmt":"2013-04-26T11:03:13","slug":"schutzengel-erster-klasse-ausleger-eines-130-tonnen-autokrans-bricht-und-sturzt-auf-einen-pkw-eine-person-leicht-verletzt-hoher-sachschaden-riem","status":"publish","type":"post","link":"https:\/\/www.prosos.org\/sosvz\/schutzengel-erster-klasse-ausleger-eines-130-tonnen-autokrans-bricht-und-sturzt-auf-einen-pkw-eine-person-leicht-verletzt-hoher-sachschaden-riem-15951.html","title":{"rendered":"Schutzengel erster Klasse: Ausleger eines 130-Tonnen-Autokrans bricht und st\u00fcrzt auf einen Pkw; eine Person leicht verletzt; hoher Sachschaden \u2013 Riem"},"content":{"rendered":"M\u00fcnchen: Der Unfall ereignete sich im Rahmen von Abbauarbeiten der letzte Woche zu Ende gegangenen Messer BAUMA 2013. \n\nEin 57-j\u00e4hriger Kranf\u00fchrer war am Donnerstag, 25.04.2013, gegen 16.50 Uhr, zun\u00e4chst damit besch\u00e4ftigt, Maschinenteile einer Asphaltmischanlage mit seinem Autokran zu bewegen. Die betreffende Anlage sollte f\u00fcr den Abtransport demontiert werden. Mitarbeiter der Firma zerlegten das Ger\u00e4t und h\u00e4ngten ein ca. zehn Tonnen schweres Teilst\u00fcck an den Autokran.\n<p class=\"syndicated-attribution\"><br \/><a target='_blank' href='http:\/\/www.polizei.bayern.de\/muenchen\/news\/presse\/aktuell\/index.html\/177019'> komplette Meldung auf Polizei Bayern lesen<\/a><br \/><\/p>","protected":false},"excerpt":{"rendered":"<p>M\u00fcnchen: Der Unfall ereignete sich im Rahmen von Abbauarbeiten der letzte Woche zu Ende gegangenen Messer BAUMA 2013. <\/p>\n<p>Ein 57-j\u00e4hriger Kranf\u00fchrer war am Donnerstag, 25.04.2013, gegen 16.50 Uhr, zun\u00e4chst damit besch\u00e4ftigt, Maschinenteile einer Asp&#8230;<\/p>\n","protected":false},"author":2,"featured_media":0,"comment_status":"closed","ping_status":"closed","sticky":false,"template":"","format":"standard","meta":{"footnotes":""},"categories":[5],"tags":[],"class_list":["post-15951","post","type-post","status-publish","format-standard","hentry","category-nayern"],"yoast_head":"<!-- This site is optimized with the Yoast SEO plugin v24.9 - https:\/\/yoast.com\/wordpress\/plugins\/seo\/ -->\n<title>Schutzengel erster Klasse: Ausleger eines 130-Tonnen-Autokrans bricht und st\u00fcrzt auf einen Pkw; eine Person leicht verletzt; hoher Sachschaden \u2013 Riem<\/title>\n<meta name=\"description\" content=\"M\u00fcnchen: Der Unfall ereignete sich im Rahmen von Abbauarbeiten der letzte Woche zu Ende gegangenen Messer BAUMA 2013.  Ein 57-j\u00e4hriger Kranf\u00fchrer war am Donnerstag, 25.04.2013, gegen 16.50 Uhr, zun\u00e4chst damit besch\u00e4ftigt, Maschinenteile einer Asp...\" \/>\n<meta name=\"robots\" content=\"index, follow, max-snippet:-1, max-image-preview:large, max-video-preview:-1\" \/>\n<link rel=\"canonical\" href=\"https:\/\/www.prosos.org\/sosvz\/schutzengel-erster-klasse-ausleger-eines-130-tonnen-autokrans-bricht-und-sturzt-auf-einen-pkw-eine-person-leicht-verletzt-hoher-sachschaden-riem-15951.html\" \/>\n<meta property=\"og:locale\" content=\"de_DE\" \/>\n<meta property=\"og:type\" content=\"article\" \/>\n<meta property=\"og:title\" content=\"Schutzengel erster Klasse: Ausleger eines 130-Tonnen-Autokrans bricht und st\u00fcrzt auf einen Pkw; eine Person leicht verletzt; hoher Sachschaden \u2013 Riem\" \/>\n<meta property=\"og:description\" content=\"M\u00fcnchen: Der Unfall ereignete sich im Rahmen von Abbauarbeiten der letzte Woche zu Ende gegangenen Messer BAUMA 2013.  Ein 57-j\u00e4hriger Kranf\u00fchrer war am Donnerstag, 25.04.2013, gegen 16.50 Uhr, zun\u00e4chst damit besch\u00e4ftigt, Maschinenteile einer Asp...\" \/>\n<meta property=\"og:url\" content=\"https:\/\/www.prosos.org\/sosvz\/schutzengel-erster-klasse-ausleger-eines-130-tonnen-autokrans-bricht-und-sturzt-auf-einen-pkw-eine-person-leicht-verletzt-hoher-sachschaden-riem-15951.html\" \/>\n<meta property=\"og:site_name\" content=\"ProSOS - sosVZ\" \/>\n<meta property=\"article:published_time\" content=\"2013-04-26T11:03:13+00:00\" \/>\n<meta name=\"author\" content=\"Polizei Bayern\" \/>\n<meta name=\"twitter:card\" content=\"summary_large_image\" \/>\n<meta name=\"twitter:label1\" content=\"Verfasst von\" \/>\n\t<meta name=\"twitter:data1\" content=\"Polizei Bayern\" \/>\n<script type=\"application\/ld+json\" class=\"yoast-schema-graph\">{\"@context\":\"https:\/\/schema.org\",\"@graph\":[{\"@type\":\"WebPage\",\"@id\":\"https:\/\/www.prosos.org\/sosvz\/schutzengel-erster-klasse-ausleger-eines-130-tonnen-autokrans-bricht-und-sturzt-auf-einen-pkw-eine-person-leicht-verletzt-hoher-sachschaden-riem-15951.html\",\"url\":\"https:\/\/www.prosos.org\/sosvz\/schutzengel-erster-klasse-ausleger-eines-130-tonnen-autokrans-bricht-und-sturzt-auf-einen-pkw-eine-person-leicht-verletzt-hoher-sachschaden-riem-15951.html\",\"name\":\"Schutzengel erster Klasse: Ausleger eines 130-Tonnen-Autokrans bricht und st\u00fcrzt auf einen Pkw; eine Person leicht verletzt; hoher Sachschaden \u2013 Riem\",\"isPartOf\":{\"@id\":\"https:\/\/www.prosos.org\/sosvz\/#website\"},\"datePublished\":\"2013-04-26T11:03:13+00:00\",\"author\":{\"@id\":\"https:\/\/www.prosos.org\/sosvz\/#\/schema\/person\/fbd66aeac098e28acf1869332c6e55e9\"},\"description\":\"M\u00fcnchen: Der Unfall ereignete sich im Rahmen von Abbauarbeiten der letzte Woche zu Ende gegangenen Messer BAUMA 2013. Ein 57-j\u00e4hriger Kranf\u00fchrer war am Donnerstag, 25.04.2013, gegen 16.50 Uhr, zun\u00e4chst damit besch\u00e4ftigt, Maschinenteile einer Asp...\",\"breadcrumb\":{\"@id\":\"https:\/\/www.prosos.org\/sosvz\/schutzengel-erster-klasse-ausleger-eines-130-tonnen-autokrans-bricht-und-sturzt-auf-einen-pkw-eine-person-leicht-verletzt-hoher-sachschaden-riem-15951.html#breadcrumb\"},\"inLanguage\":\"de\",\"potentialAction\":[{\"@type\":\"ReadAction\",\"target\":[\"https:\/\/www.prosos.org\/sosvz\/schutzengel-erster-klasse-ausleger-eines-130-tonnen-autokrans-bricht-und-sturzt-auf-einen-pkw-eine-person-leicht-verletzt-hoher-sachschaden-riem-15951.html\"]}]},{\"@type\":\"BreadcrumbList\",\"@id\":\"https:\/\/www.prosos.org\/sosvz\/schutzengel-erster-klasse-ausleger-eines-130-tonnen-autokrans-bricht-und-sturzt-auf-einen-pkw-eine-person-leicht-verletzt-hoher-sachschaden-riem-15951.html#breadcrumb\",\"itemListElement\":[{\"@type\":\"ListItem\",\"position\":1,\"name\":\"Home\",\"item\":\"https:\/\/www.prosos.org\/sosvz\"},{\"@type\":\"ListItem\",\"position\":2,\"name\":\"Schutzengel erster Klasse: Ausleger eines 130-Tonnen-Autokrans bricht und st\u00fcrzt auf einen Pkw; eine Person leicht verletzt; hoher Sachschaden \u2013 Riem\"}]},{\"@type\":\"WebSite\",\"@id\":\"https:\/\/www.prosos.org\/sosvz\/#website\",\"url\":\"https:\/\/www.prosos.org\/sosvz\/\",\"name\":\"ProSOS - sosVZ\",\"description\":\"Die Coummunity f\u00fcr Polizei, Feuerwehr, Rettungsdienste und Selbstschutz\",\"potentialAction\":[{\"@type\":\"SearchAction\",\"target\":{\"@type\":\"EntryPoint\",\"urlTemplate\":\"https:\/\/www.prosos.org\/sosvz\/?s={search_term_string}\"},\"query-input\":{\"@type\":\"PropertyValueSpecification\",\"valueRequired\":true,\"valueName\":\"search_term_string\"}}],\"inLanguage\":\"de\"},{\"@type\":\"Person\",\"@id\":\"https:\/\/www.prosos.org\/sosvz\/#\/schema\/person\/fbd66aeac098e28acf1869332c6e55e9\",\"name\":\"Polizei Bayern\",\"image\":{\"@type\":\"ImageObject\",\"inLanguage\":\"de\",\"@id\":\"https:\/\/www.prosos.org\/sosvz\/#\/schema\/person\/image\/\",\"url\":\"https:\/\/secure.gravatar.com\/avatar\/a483f747047c1dc1556555639a19986e42d28bda61988c35164221a541236fce?s=96&d=mm&r=g\",\"contentUrl\":\"https:\/\/secure.gravatar.com\/avatar\/a483f747047c1dc1556555639a19986e42d28bda61988c35164221a541236fce?s=96&d=mm&r=g\",\"caption\":\"Polizei Bayern\"},\"sameAs\":[\"http:\/\/www.polizei.bayern.de\"]}]}<\/script>\n<!-- \/ Yoast SEO plugin. -->","yoast_head_json":{"title":"Schutzengel erster Klasse: Ausleger eines 130-Tonnen-Autokrans bricht und st\u00fcrzt auf einen Pkw; eine Person leicht verletzt; hoher Sachschaden \u2013 Riem","description":"M\u00fcnchen: Der Unfall ereignete sich im Rahmen von Abbauarbeiten der letzte Woche zu Ende gegangenen Messer BAUMA 2013.  Ein 57-j\u00e4hriger Kranf\u00fchrer war am Donnerstag, 25.04.2013, gegen 16.50 Uhr, zun\u00e4chst damit besch\u00e4ftigt, Maschinenteile einer Asp...","robots":{"index":"index","follow":"follow","max-snippet":"max-snippet:-1","max-image-preview":"max-image-preview:large","max-video-preview":"max-video-preview:-1"},"canonical":"https:\/\/www.prosos.org\/sosvz\/schutzengel-erster-klasse-ausleger-eines-130-tonnen-autokrans-bricht-und-sturzt-auf-einen-pkw-eine-person-leicht-verletzt-hoher-sachschaden-riem-15951.html","og_locale":"de_DE","og_type":"article","og_title":"Schutzengel erster Klasse: Ausleger eines 130-Tonnen-Autokrans bricht und st\u00fcrzt auf einen Pkw; eine Person leicht verletzt; hoher Sachschaden \u2013 Riem","og_description":"M\u00fcnchen: Der Unfall ereignete sich im Rahmen von Abbauarbeiten der letzte Woche zu Ende gegangenen Messer BAUMA 2013.  Ein 57-j\u00e4hriger Kranf\u00fchrer war am Donnerstag, 25.04.2013, gegen 16.50 Uhr, zun\u00e4chst damit besch\u00e4ftigt, Maschinenteile einer Asp...","og_url":"https:\/\/www.prosos.org\/sosvz\/schutzengel-erster-klasse-ausleger-eines-130-tonnen-autokrans-bricht-und-sturzt-auf-einen-pkw-eine-person-leicht-verletzt-hoher-sachschaden-riem-15951.html","og_site_name":"ProSOS - sosVZ","article_published_time":"2013-04-26T11:03:13+00:00","author":"Polizei Bayern","twitter_card":"summary_large_image","twitter_misc":{"Verfasst von":"Polizei Bayern"},"schema":{"@context":"https:\/\/schema.org","@graph":[{"@type":"WebPage","@id":"https:\/\/www.prosos.org\/sosvz\/schutzengel-erster-klasse-ausleger-eines-130-tonnen-autokrans-bricht-und-sturzt-auf-einen-pkw-eine-person-leicht-verletzt-hoher-sachschaden-riem-15951.html","url":"https:\/\/www.prosos.org\/sosvz\/schutzengel-erster-klasse-ausleger-eines-130-tonnen-autokrans-bricht-und-sturzt-auf-einen-pkw-eine-person-leicht-verletzt-hoher-sachschaden-riem-15951.html","name":"Schutzengel erster Klasse: Ausleger eines 130-Tonnen-Autokrans bricht und st\u00fcrzt auf einen Pkw; eine Person leicht verletzt; hoher Sachschaden \u2013 Riem","isPartOf":{"@id":"https:\/\/www.prosos.org\/sosvz\/#website"},"datePublished":"2013-04-26T11:03:13+00:00","author":{"@id":"https:\/\/www.prosos.org\/sosvz\/#\/schema\/person\/fbd66aeac098e28acf1869332c6e55e9"},"description":"M\u00fcnchen: Der Unfall ereignete sich im Rahmen von Abbauarbeiten der letzte Woche zu Ende gegangenen Messer BAUMA 2013. Ein 57-j\u00e4hriger Kranf\u00fchrer war am Donnerstag, 25.04.2013, gegen 16.50 Uhr, zun\u00e4chst damit besch\u00e4ftigt, Maschinenteile einer Asp...","breadcrumb":{"@id":"https:\/\/www.prosos.org\/sosvz\/schutzengel-erster-klasse-ausleger-eines-130-tonnen-autokrans-bricht-und-sturzt-auf-einen-pkw-eine-person-leicht-verletzt-hoher-sachschaden-riem-15951.html#breadcrumb"},"inLanguage":"de","potentialAction":[{"@type":"ReadAction","target":["https:\/\/www.prosos.org\/sosvz\/schutzengel-erster-klasse-ausleger-eines-130-tonnen-autokrans-bricht-und-sturzt-auf-einen-pkw-eine-person-leicht-verletzt-hoher-sachschaden-riem-15951.html"]}]},{"@type":"BreadcrumbList","@id":"https:\/\/www.prosos.org\/sosvz\/schutzengel-erster-klasse-ausleger-eines-130-tonnen-autokrans-bricht-und-sturzt-auf-einen-pkw-eine-person-leicht-verletzt-hoher-sachschaden-riem-15951.html#breadcrumb","itemListElement":[{"@type":"ListItem","position":1,"name":"Home","item":"https:\/\/www.prosos.org\/sosvz"},{"@type":"ListItem","position":2,"name":"Schutzengel erster Klasse: Ausleger eines 130-Tonnen-Autokrans bricht und st\u00fcrzt auf einen Pkw; eine Person leicht verletzt; hoher Sachschaden \u2013 Riem"}]},{"@type":"WebSite","@id":"https:\/\/www.prosos.org\/sosvz\/#website","url":"https:\/\/www.prosos.org\/sosvz\/","name":"ProSOS - sosVZ","description":"Die Coummunity f\u00fcr Polizei, Feuerwehr, Rettungsdienste und Selbstschutz","potentialAction":[{"@type":"SearchAction","target":{"@type":"EntryPoint","urlTemplate":"https:\/\/www.prosos.org\/sosvz\/?s={search_term_string}"},"query-input":{"@type":"PropertyValueSpecification","valueRequired":true,"valueName":"search_term_string"}}],"inLanguage":"de"},{"@type":"Person","@id":"https:\/\/www.prosos.org\/sosvz\/#\/schema\/person\/fbd66aeac098e28acf1869332c6e55e9","name":"Polizei Bayern","image":{"@type":"ImageObject","inLanguage":"de","@id":"https:\/\/www.prosos.org\/sosvz\/#\/schema\/person\/image\/","url":"https:\/\/secure.gravatar.com\/avatar\/a483f747047c1dc1556555639a19986e42d28bda61988c35164221a541236fce?s=96&d=mm&r=g","contentUrl":"https:\/\/secure.gravatar.com\/avatar\/a483f747047c1dc1556555639a19986e42d28bda61988c35164221a541236fce?s=96&d=mm&r=g","caption":"Polizei Bayern"},"sameAs":["http:\/\/www.polizei.bayern.de"]}]}},"_links":{"self":[{"href":"https:\/\/www.prosos.org\/sosvz\/wp-json\/wp\/v2\/posts\/15951","targetHints":{"allow":["GET"]}}],"collection":[{"href":"https:\/\/www.prosos.org\/sosvz\/wp-json\/wp\/v2\/posts"}],"about":[{"href":"https:\/\/www.prosos.org\/sosvz\/wp-json\/wp\/v2\/types\/post"}],"author":[{"embeddable":true,"href":"https:\/\/www.prosos.org\/sosvz\/wp-json\/wp\/v2\/users\/2"}],"replies":[{"embeddable":true,"href":"https:\/\/www.prosos.org\/sosvz\/wp-json\/wp\/v2\/comments?post=15951"}],"version-history":[{"count":0,"href":"https:\/\/www.prosos.org\/sosvz\/wp-json\/wp\/v2\/posts\/15951\/revisions"}],"wp:attachment":[{"href":"https:\/\/www.prosos.org\/sosvz\/wp-json\/wp\/v2\/media?parent=15951"}],"wp:term":[{"taxonomy":"category","embeddable":true,"href":"https:\/\/www.prosos.org\/sosvz\/wp-json\/wp\/v2\/categories?post=15951"},{"taxonomy":"post_tag","embeddable":true,"href":"https:\/\/www.prosos.org\/sosvz\/wp-json\/wp\/v2\/tags?post=15951"}],"curies":[{"name":"wp","href":"https:\/\/api.w.org\/{rel}","templated":true}]}}