{"id":15962,"date":"2013-04-27T11:00:00","date_gmt":"2013-04-27T09:00:00","guid":{"rendered":"http:\/\/www.mi.brandenburg.de\/cms\/detail.php\/bb1.c.329203.de"},"modified":"2013-04-27T11:00:00","modified_gmt":"2013-04-27T09:00:00","slug":"neue-fahrzeuge-fur-den-katastrophenschutz","status":"publish","type":"post","link":"https:\/\/www.prosos.org\/sosvz\/neue-fahrzeuge-fur-den-katastrophenschutz-15962.html","title":{"rendered":"Neue Fahrzeuge f\u00fcr den Katastrophenschutz"},"content":{"rendered":"Potsdam - Brandenburg modernisiert die Einsatztechnik des Katastrophenschutzes. Innenminister Dietmar Woidke \u00fcbergab heute in Potsdam zwanzig neue Katastrophenschutzfahrzeuge f\u00fcr Sanit\u00e4tseins\u00e4tze bei Gro\u00dfschadenslagen und Katastrophen an die Landkreise. Dabei handelt es sich um neun Wechsellader-Lkw......\n<p class=\"syndicated-attribution\"><br \/><a target='_blank' href='http:\/\/www.mi.brandenburg.de\/cms\/detail.php\/bb1.c.329203.de'> komplette Meldung auf Innenministerium lesen<\/a><br \/><\/p>","protected":false},"excerpt":{"rendered":"<p>Potsdam &#8211; Brandenburg modernisiert die Einsatztechnik des Katastrophenschutzes. Innenminister Dietmar Woidke &uuml;bergab heute in Potsdam zwanzig neue Katastrophenschutzfahrzeuge f&uuml;r Sanit&auml;tseins&auml;tze bei Gro&szlig;schadenslagen und Katastrophen an die Landkreise. Dabei handelt es sich um neun Wechsellader-Lkw&#8230;&#8230;<\/p>\n","protected":false},"author":5,"featured_media":0,"comment_status":"closed","ping_status":"closed","sticky":false,"template":"","format":"standard","meta":{"footnotes":""},"categories":[20],"tags":[],"class_list":["post-15962","post","type-post","status-publish","format-standard","hentry","category-brandenburg"],"yoast_head":"<!-- This site is optimized with the Yoast SEO plugin v24.9 - https:\/\/yoast.com\/wordpress\/plugins\/seo\/ -->\n<title>Neue Fahrzeuge f\u00fcr den Katastrophenschutz<\/title>\n<meta name=\"description\" content=\"Potsdam - Brandenburg modernisiert die Einsatztechnik des Katastrophenschutzes. Innenminister Dietmar Woidke &uuml;bergab heute in Potsdam zwanzig neue Katastrophenschutzfahrzeuge f&uuml;r Sanit&auml;tseins&auml;tze bei Gro&szlig;schadenslagen und Katastrophen an die Landkreise. Dabei handelt es sich um neun Wechsellader-Lkw......\" \/>\n<meta name=\"robots\" content=\"index, follow, max-snippet:-1, max-image-preview:large, max-video-preview:-1\" \/>\n<link rel=\"canonical\" href=\"https:\/\/www.prosos.org\/sosvz\/neue-fahrzeuge-fur-den-katastrophenschutz-15962.html\" \/>\n<meta property=\"og:locale\" content=\"de_DE\" \/>\n<meta property=\"og:type\" content=\"article\" \/>\n<meta property=\"og:title\" content=\"Neue Fahrzeuge f\u00fcr den Katastrophenschutz\" \/>\n<meta property=\"og:description\" content=\"Potsdam - Brandenburg modernisiert die Einsatztechnik des Katastrophenschutzes. Innenminister Dietmar Woidke &uuml;bergab heute in Potsdam zwanzig neue Katastrophenschutzfahrzeuge f&uuml;r Sanit&auml;tseins&auml;tze bei Gro&szlig;schadenslagen und Katastrophen an die Landkreise. Dabei handelt es sich um neun Wechsellader-Lkw......\" \/>\n<meta property=\"og:url\" content=\"https:\/\/www.prosos.org\/sosvz\/neue-fahrzeuge-fur-den-katastrophenschutz-15962.html\" \/>\n<meta property=\"og:site_name\" content=\"ProSOS - sosVZ\" \/>\n<meta property=\"article:published_time\" content=\"2013-04-27T09:00:00+00:00\" \/>\n<meta name=\"author\" content=\"Innenministerium\" \/>\n<meta name=\"twitter:card\" content=\"summary_large_image\" \/>\n<meta name=\"twitter:label1\" content=\"Verfasst von\" \/>\n\t<meta name=\"twitter:data1\" content=\"Innenministerium\" \/>\n<script type=\"application\/ld+json\" class=\"yoast-schema-graph\">{\"@context\":\"https:\/\/schema.org\",\"@graph\":[{\"@type\":\"WebPage\",\"@id\":\"https:\/\/www.prosos.org\/sosvz\/neue-fahrzeuge-fur-den-katastrophenschutz-15962.html\",\"url\":\"https:\/\/www.prosos.org\/sosvz\/neue-fahrzeuge-fur-den-katastrophenschutz-15962.html\",\"name\":\"Neue Fahrzeuge f\u00fcr den Katastrophenschutz\",\"isPartOf\":{\"@id\":\"https:\/\/www.prosos.org\/sosvz\/#website\"},\"datePublished\":\"2013-04-27T09:00:00+00:00\",\"author\":{\"@id\":\"https:\/\/www.prosos.org\/sosvz\/#\/schema\/person\/d51887fb89f49dea03d3cbb082fd2c64\"},\"description\":\"Potsdam - Brandenburg modernisiert die Einsatztechnik des Katastrophenschutzes. Innenminister Dietmar Woidke &uuml;bergab heute in Potsdam zwanzig neue Katastrophenschutzfahrzeuge f&uuml;r Sanit&auml;tseins&auml;tze bei Gro&szlig;schadenslagen und Katastrophen an die Landkreise. Dabei handelt es sich um neun Wechsellader-Lkw......\",\"breadcrumb\":{\"@id\":\"https:\/\/www.prosos.org\/sosvz\/neue-fahrzeuge-fur-den-katastrophenschutz-15962.html#breadcrumb\"},\"inLanguage\":\"de\",\"potentialAction\":[{\"@type\":\"ReadAction\",\"target\":[\"https:\/\/www.prosos.org\/sosvz\/neue-fahrzeuge-fur-den-katastrophenschutz-15962.html\"]}]},{\"@type\":\"BreadcrumbList\",\"@id\":\"https:\/\/www.prosos.org\/sosvz\/neue-fahrzeuge-fur-den-katastrophenschutz-15962.html#breadcrumb\",\"itemListElement\":[{\"@type\":\"ListItem\",\"position\":1,\"name\":\"Home\",\"item\":\"https:\/\/www.prosos.org\/sosvz\"},{\"@type\":\"ListItem\",\"position\":2,\"name\":\"Neue Fahrzeuge f\u00fcr den Katastrophenschutz\"}]},{\"@type\":\"WebSite\",\"@id\":\"https:\/\/www.prosos.org\/sosvz\/#website\",\"url\":\"https:\/\/www.prosos.org\/sosvz\/\",\"name\":\"ProSOS - sosVZ\",\"description\":\"Die Coummunity f\u00fcr Polizei, Feuerwehr, Rettungsdienste und Selbstschutz\",\"potentialAction\":[{\"@type\":\"SearchAction\",\"target\":{\"@type\":\"EntryPoint\",\"urlTemplate\":\"https:\/\/www.prosos.org\/sosvz\/?s={search_term_string}\"},\"query-input\":{\"@type\":\"PropertyValueSpecification\",\"valueRequired\":true,\"valueName\":\"search_term_string\"}}],\"inLanguage\":\"de\"},{\"@type\":\"Person\",\"@id\":\"https:\/\/www.prosos.org\/sosvz\/#\/schema\/person\/d51887fb89f49dea03d3cbb082fd2c64\",\"name\":\"Innenministerium\",\"image\":{\"@type\":\"ImageObject\",\"inLanguage\":\"de\",\"@id\":\"https:\/\/www.prosos.org\/sosvz\/#\/schema\/person\/image\/\",\"url\":\"https:\/\/secure.gravatar.com\/avatar\/fffb6e982bea8f04536c3bf016282905d61156fb83c7ffdc25c0507c7368a44b?s=96&d=mm&r=g\",\"contentUrl\":\"https:\/\/secure.gravatar.com\/avatar\/fffb6e982bea8f04536c3bf016282905d61156fb83c7ffdc25c0507c7368a44b?s=96&d=mm&r=g\",\"caption\":\"Innenministerium\"},\"sameAs\":[\"http:\/\/www.mi.brandenburg.de\/cms\/detail.php\/lbm1.c.225226.de\"]}]}<\/script>\n<!-- \/ Yoast SEO plugin. -->","yoast_head_json":{"title":"Neue Fahrzeuge f\u00fcr den Katastrophenschutz","description":"Potsdam - Brandenburg modernisiert die Einsatztechnik des Katastrophenschutzes. Innenminister Dietmar Woidke &uuml;bergab heute in Potsdam zwanzig neue Katastrophenschutzfahrzeuge f&uuml;r Sanit&auml;tseins&auml;tze bei Gro&szlig;schadenslagen und Katastrophen an die Landkreise. Dabei handelt es sich um neun Wechsellader-Lkw......","robots":{"index":"index","follow":"follow","max-snippet":"max-snippet:-1","max-image-preview":"max-image-preview:large","max-video-preview":"max-video-preview:-1"},"canonical":"https:\/\/www.prosos.org\/sosvz\/neue-fahrzeuge-fur-den-katastrophenschutz-15962.html","og_locale":"de_DE","og_type":"article","og_title":"Neue Fahrzeuge f\u00fcr den Katastrophenschutz","og_description":"Potsdam - Brandenburg modernisiert die Einsatztechnik des Katastrophenschutzes. Innenminister Dietmar Woidke &uuml;bergab heute in Potsdam zwanzig neue Katastrophenschutzfahrzeuge f&uuml;r Sanit&auml;tseins&auml;tze bei Gro&szlig;schadenslagen und Katastrophen an die Landkreise. Dabei handelt es sich um neun Wechsellader-Lkw......","og_url":"https:\/\/www.prosos.org\/sosvz\/neue-fahrzeuge-fur-den-katastrophenschutz-15962.html","og_site_name":"ProSOS - sosVZ","article_published_time":"2013-04-27T09:00:00+00:00","author":"Innenministerium","twitter_card":"summary_large_image","twitter_misc":{"Verfasst von":"Innenministerium"},"schema":{"@context":"https:\/\/schema.org","@graph":[{"@type":"WebPage","@id":"https:\/\/www.prosos.org\/sosvz\/neue-fahrzeuge-fur-den-katastrophenschutz-15962.html","url":"https:\/\/www.prosos.org\/sosvz\/neue-fahrzeuge-fur-den-katastrophenschutz-15962.html","name":"Neue Fahrzeuge f\u00fcr den Katastrophenschutz","isPartOf":{"@id":"https:\/\/www.prosos.org\/sosvz\/#website"},"datePublished":"2013-04-27T09:00:00+00:00","author":{"@id":"https:\/\/www.prosos.org\/sosvz\/#\/schema\/person\/d51887fb89f49dea03d3cbb082fd2c64"},"description":"Potsdam - Brandenburg modernisiert die Einsatztechnik des Katastrophenschutzes. Innenminister Dietmar Woidke &uuml;bergab heute in Potsdam zwanzig neue Katastrophenschutzfahrzeuge f&uuml;r Sanit&auml;tseins&auml;tze bei Gro&szlig;schadenslagen und Katastrophen an die Landkreise. Dabei handelt es sich um neun Wechsellader-Lkw......","breadcrumb":{"@id":"https:\/\/www.prosos.org\/sosvz\/neue-fahrzeuge-fur-den-katastrophenschutz-15962.html#breadcrumb"},"inLanguage":"de","potentialAction":[{"@type":"ReadAction","target":["https:\/\/www.prosos.org\/sosvz\/neue-fahrzeuge-fur-den-katastrophenschutz-15962.html"]}]},{"@type":"BreadcrumbList","@id":"https:\/\/www.prosos.org\/sosvz\/neue-fahrzeuge-fur-den-katastrophenschutz-15962.html#breadcrumb","itemListElement":[{"@type":"ListItem","position":1,"name":"Home","item":"https:\/\/www.prosos.org\/sosvz"},{"@type":"ListItem","position":2,"name":"Neue Fahrzeuge f\u00fcr den Katastrophenschutz"}]},{"@type":"WebSite","@id":"https:\/\/www.prosos.org\/sosvz\/#website","url":"https:\/\/www.prosos.org\/sosvz\/","name":"ProSOS - sosVZ","description":"Die Coummunity f\u00fcr Polizei, Feuerwehr, Rettungsdienste und Selbstschutz","potentialAction":[{"@type":"SearchAction","target":{"@type":"EntryPoint","urlTemplate":"https:\/\/www.prosos.org\/sosvz\/?s={search_term_string}"},"query-input":{"@type":"PropertyValueSpecification","valueRequired":true,"valueName":"search_term_string"}}],"inLanguage":"de"},{"@type":"Person","@id":"https:\/\/www.prosos.org\/sosvz\/#\/schema\/person\/d51887fb89f49dea03d3cbb082fd2c64","name":"Innenministerium","image":{"@type":"ImageObject","inLanguage":"de","@id":"https:\/\/www.prosos.org\/sosvz\/#\/schema\/person\/image\/","url":"https:\/\/secure.gravatar.com\/avatar\/fffb6e982bea8f04536c3bf016282905d61156fb83c7ffdc25c0507c7368a44b?s=96&d=mm&r=g","contentUrl":"https:\/\/secure.gravatar.com\/avatar\/fffb6e982bea8f04536c3bf016282905d61156fb83c7ffdc25c0507c7368a44b?s=96&d=mm&r=g","caption":"Innenministerium"},"sameAs":["http:\/\/www.mi.brandenburg.de\/cms\/detail.php\/lbm1.c.225226.de"]}]}},"_links":{"self":[{"href":"https:\/\/www.prosos.org\/sosvz\/wp-json\/wp\/v2\/posts\/15962","targetHints":{"allow":["GET"]}}],"collection":[{"href":"https:\/\/www.prosos.org\/sosvz\/wp-json\/wp\/v2\/posts"}],"about":[{"href":"https:\/\/www.prosos.org\/sosvz\/wp-json\/wp\/v2\/types\/post"}],"author":[{"embeddable":true,"href":"https:\/\/www.prosos.org\/sosvz\/wp-json\/wp\/v2\/users\/5"}],"replies":[{"embeddable":true,"href":"https:\/\/www.prosos.org\/sosvz\/wp-json\/wp\/v2\/comments?post=15962"}],"version-history":[{"count":1,"href":"https:\/\/www.prosos.org\/sosvz\/wp-json\/wp\/v2\/posts\/15962\/revisions"}],"predecessor-version":[{"id":16128,"href":"https:\/\/www.prosos.org\/sosvz\/wp-json\/wp\/v2\/posts\/15962\/revisions\/16128"}],"wp:attachment":[{"href":"https:\/\/www.prosos.org\/sosvz\/wp-json\/wp\/v2\/media?parent=15962"}],"wp:term":[{"taxonomy":"category","embeddable":true,"href":"https:\/\/www.prosos.org\/sosvz\/wp-json\/wp\/v2\/categories?post=15962"},{"taxonomy":"post_tag","embeddable":true,"href":"https:\/\/www.prosos.org\/sosvz\/wp-json\/wp\/v2\/tags?post=15962"}],"curies":[{"name":"wp","href":"https:\/\/api.w.org\/{rel}","templated":true}]}}