{"id":15970,"date":"2013-04-27T12:32:23","date_gmt":"2013-04-27T10:32:23","guid":{"rendered":"http:\/\/www.prosos.org\/sosvz\/?guid=dc35d8adc13764c401b66f539c512dc5"},"modified":"2013-04-27T12:32:23","modified_gmt":"2013-04-27T10:32:23","slug":"dachstuhl-des-sparkassengebaudes-in-brand-geraten-gr0ser-loscheinsatz-im-gange","status":"publish","type":"post","link":"https:\/\/www.prosos.org\/sosvz\/dachstuhl-des-sparkassengebaudes-in-brand-geraten-gr0ser-loscheinsatz-im-gange-15970.html","title":{"rendered":"Dachstuhl des Sparkassengeb\u00e4udes in Brand geraten &#8211; gr0\u00dfer L\u00f6scheinsatz im Gange"},"content":{"rendered":"LOHR AM MAIN, LKR. MAIN-SPESSART. Am Freitagnachmittag ist der Dachstuhl des Sparkassengeb\u00e4udes am Marktplatz in Brand geraten. Momentan (13:50 Uhr) l\u00e4uft immer noch ein gro\u00dfer L\u00f6scheinsatz zahlreicher Feuerwehren. Wie hoch der entstandene Schaden ist, l\u00e4sst sich noch nicht sagen. Es gibt auch noch keine Erkenntnisse dar\u00fcber, wie der Brand entstanden ist. Verletzt wurde offenbar niemand. \n<p class=\"syndicated-attribution\"><br \/><a target='_blank' href='http:\/\/www.polizei.bayern.de\/unterfranken\/news\/presse\/aktuell\/index.html\/177039'> komplette Meldung auf Polizei Bayern lesen<\/a><br \/><\/p>","protected":false},"excerpt":{"rendered":"<p>LOHR AM MAIN, LKR. MAIN-SPESSART. Am Freitagnachmittag ist der Dachstuhl des Sparkassengeb\u00e4udes am Marktplatz in Brand geraten. Momentan (13:50 Uhr) l\u00e4uft immer noch ein gro\u00dfer L\u00f6scheinsatz zahlreicher Feuerwehren. Wie hoch der entstandene Schaden &#8230;<\/p>\n","protected":false},"author":2,"featured_media":0,"comment_status":"closed","ping_status":"closed","sticky":false,"template":"","format":"standard","meta":{"footnotes":""},"categories":[5],"tags":[],"class_list":["post-15970","post","type-post","status-publish","format-standard","hentry","category-nayern"],"yoast_head":"<!-- This site is optimized with the Yoast SEO plugin v24.9 - https:\/\/yoast.com\/wordpress\/plugins\/seo\/ -->\n<title>Dachstuhl des Sparkassengeb\u00e4udes in Brand geraten - gr0\u00dfer L\u00f6scheinsatz im Gange<\/title>\n<meta name=\"description\" content=\"LOHR AM MAIN, LKR. MAIN-SPESSART. Am Freitagnachmittag ist der Dachstuhl des Sparkassengeb\u00e4udes am Marktplatz in Brand geraten. Momentan (13:50 Uhr) l\u00e4uft immer noch ein gro\u00dfer L\u00f6scheinsatz zahlreicher Feuerwehren. Wie hoch der entstandene Schaden ...\" \/>\n<meta name=\"robots\" content=\"index, follow, max-snippet:-1, max-image-preview:large, max-video-preview:-1\" \/>\n<link rel=\"canonical\" href=\"https:\/\/www.prosos.org\/sosvz\/dachstuhl-des-sparkassengebaudes-in-brand-geraten-gr0ser-loscheinsatz-im-gange-15970.html\" \/>\n<meta property=\"og:locale\" content=\"de_DE\" \/>\n<meta property=\"og:type\" content=\"article\" \/>\n<meta property=\"og:title\" content=\"Dachstuhl des Sparkassengeb\u00e4udes in Brand geraten - gr0\u00dfer L\u00f6scheinsatz im Gange\" \/>\n<meta property=\"og:description\" content=\"LOHR AM MAIN, LKR. MAIN-SPESSART. Am Freitagnachmittag ist der Dachstuhl des Sparkassengeb\u00e4udes am Marktplatz in Brand geraten. Momentan (13:50 Uhr) l\u00e4uft immer noch ein gro\u00dfer L\u00f6scheinsatz zahlreicher Feuerwehren. Wie hoch der entstandene Schaden ...\" \/>\n<meta property=\"og:url\" content=\"https:\/\/www.prosos.org\/sosvz\/dachstuhl-des-sparkassengebaudes-in-brand-geraten-gr0ser-loscheinsatz-im-gange-15970.html\" \/>\n<meta property=\"og:site_name\" content=\"ProSOS - sosVZ\" \/>\n<meta property=\"article:published_time\" content=\"2013-04-27T10:32:23+00:00\" \/>\n<meta name=\"author\" content=\"Polizei Bayern\" \/>\n<meta name=\"twitter:card\" content=\"summary_large_image\" \/>\n<meta name=\"twitter:label1\" content=\"Verfasst von\" \/>\n\t<meta name=\"twitter:data1\" content=\"Polizei Bayern\" \/>\n<script type=\"application\/ld+json\" class=\"yoast-schema-graph\">{\"@context\":\"https:\/\/schema.org\",\"@graph\":[{\"@type\":\"WebPage\",\"@id\":\"https:\/\/www.prosos.org\/sosvz\/dachstuhl-des-sparkassengebaudes-in-brand-geraten-gr0ser-loscheinsatz-im-gange-15970.html\",\"url\":\"https:\/\/www.prosos.org\/sosvz\/dachstuhl-des-sparkassengebaudes-in-brand-geraten-gr0ser-loscheinsatz-im-gange-15970.html\",\"name\":\"Dachstuhl des Sparkassengeb\u00e4udes in Brand geraten - gr0\u00dfer L\u00f6scheinsatz im Gange\",\"isPartOf\":{\"@id\":\"https:\/\/www.prosos.org\/sosvz\/#website\"},\"datePublished\":\"2013-04-27T10:32:23+00:00\",\"author\":{\"@id\":\"https:\/\/www.prosos.org\/sosvz\/#\/schema\/person\/fbd66aeac098e28acf1869332c6e55e9\"},\"description\":\"LOHR AM MAIN, LKR. MAIN-SPESSART. Am Freitagnachmittag ist der Dachstuhl des Sparkassengeb\u00e4udes am Marktplatz in Brand geraten. Momentan (13:50 Uhr) l\u00e4uft immer noch ein gro\u00dfer L\u00f6scheinsatz zahlreicher Feuerwehren. Wie hoch der entstandene Schaden ...\",\"breadcrumb\":{\"@id\":\"https:\/\/www.prosos.org\/sosvz\/dachstuhl-des-sparkassengebaudes-in-brand-geraten-gr0ser-loscheinsatz-im-gange-15970.html#breadcrumb\"},\"inLanguage\":\"de\",\"potentialAction\":[{\"@type\":\"ReadAction\",\"target\":[\"https:\/\/www.prosos.org\/sosvz\/dachstuhl-des-sparkassengebaudes-in-brand-geraten-gr0ser-loscheinsatz-im-gange-15970.html\"]}]},{\"@type\":\"BreadcrumbList\",\"@id\":\"https:\/\/www.prosos.org\/sosvz\/dachstuhl-des-sparkassengebaudes-in-brand-geraten-gr0ser-loscheinsatz-im-gange-15970.html#breadcrumb\",\"itemListElement\":[{\"@type\":\"ListItem\",\"position\":1,\"name\":\"Home\",\"item\":\"https:\/\/www.prosos.org\/sosvz\"},{\"@type\":\"ListItem\",\"position\":2,\"name\":\"Dachstuhl des Sparkassengeb\u00e4udes in Brand geraten &#8211; gr0\u00dfer L\u00f6scheinsatz im Gange\"}]},{\"@type\":\"WebSite\",\"@id\":\"https:\/\/www.prosos.org\/sosvz\/#website\",\"url\":\"https:\/\/www.prosos.org\/sosvz\/\",\"name\":\"ProSOS - sosVZ\",\"description\":\"Die Coummunity f\u00fcr Polizei, Feuerwehr, Rettungsdienste und Selbstschutz\",\"potentialAction\":[{\"@type\":\"SearchAction\",\"target\":{\"@type\":\"EntryPoint\",\"urlTemplate\":\"https:\/\/www.prosos.org\/sosvz\/?s={search_term_string}\"},\"query-input\":{\"@type\":\"PropertyValueSpecification\",\"valueRequired\":true,\"valueName\":\"search_term_string\"}}],\"inLanguage\":\"de\"},{\"@type\":\"Person\",\"@id\":\"https:\/\/www.prosos.org\/sosvz\/#\/schema\/person\/fbd66aeac098e28acf1869332c6e55e9\",\"name\":\"Polizei Bayern\",\"image\":{\"@type\":\"ImageObject\",\"inLanguage\":\"de\",\"@id\":\"https:\/\/www.prosos.org\/sosvz\/#\/schema\/person\/image\/\",\"url\":\"https:\/\/secure.gravatar.com\/avatar\/a483f747047c1dc1556555639a19986e42d28bda61988c35164221a541236fce?s=96&d=mm&r=g\",\"contentUrl\":\"https:\/\/secure.gravatar.com\/avatar\/a483f747047c1dc1556555639a19986e42d28bda61988c35164221a541236fce?s=96&d=mm&r=g\",\"caption\":\"Polizei Bayern\"},\"sameAs\":[\"http:\/\/www.polizei.bayern.de\"]}]}<\/script>\n<!-- \/ Yoast SEO plugin. -->","yoast_head_json":{"title":"Dachstuhl des Sparkassengeb\u00e4udes in Brand geraten - gr0\u00dfer L\u00f6scheinsatz im Gange","description":"LOHR AM MAIN, LKR. MAIN-SPESSART. Am Freitagnachmittag ist der Dachstuhl des Sparkassengeb\u00e4udes am Marktplatz in Brand geraten. Momentan (13:50 Uhr) l\u00e4uft immer noch ein gro\u00dfer L\u00f6scheinsatz zahlreicher Feuerwehren. Wie hoch der entstandene Schaden ...","robots":{"index":"index","follow":"follow","max-snippet":"max-snippet:-1","max-image-preview":"max-image-preview:large","max-video-preview":"max-video-preview:-1"},"canonical":"https:\/\/www.prosos.org\/sosvz\/dachstuhl-des-sparkassengebaudes-in-brand-geraten-gr0ser-loscheinsatz-im-gange-15970.html","og_locale":"de_DE","og_type":"article","og_title":"Dachstuhl des Sparkassengeb\u00e4udes in Brand geraten - gr0\u00dfer L\u00f6scheinsatz im Gange","og_description":"LOHR AM MAIN, LKR. MAIN-SPESSART. Am Freitagnachmittag ist der Dachstuhl des Sparkassengeb\u00e4udes am Marktplatz in Brand geraten. Momentan (13:50 Uhr) l\u00e4uft immer noch ein gro\u00dfer L\u00f6scheinsatz zahlreicher Feuerwehren. Wie hoch der entstandene Schaden ...","og_url":"https:\/\/www.prosos.org\/sosvz\/dachstuhl-des-sparkassengebaudes-in-brand-geraten-gr0ser-loscheinsatz-im-gange-15970.html","og_site_name":"ProSOS - sosVZ","article_published_time":"2013-04-27T10:32:23+00:00","author":"Polizei Bayern","twitter_card":"summary_large_image","twitter_misc":{"Verfasst von":"Polizei Bayern"},"schema":{"@context":"https:\/\/schema.org","@graph":[{"@type":"WebPage","@id":"https:\/\/www.prosos.org\/sosvz\/dachstuhl-des-sparkassengebaudes-in-brand-geraten-gr0ser-loscheinsatz-im-gange-15970.html","url":"https:\/\/www.prosos.org\/sosvz\/dachstuhl-des-sparkassengebaudes-in-brand-geraten-gr0ser-loscheinsatz-im-gange-15970.html","name":"Dachstuhl des Sparkassengeb\u00e4udes in Brand geraten - gr0\u00dfer L\u00f6scheinsatz im Gange","isPartOf":{"@id":"https:\/\/www.prosos.org\/sosvz\/#website"},"datePublished":"2013-04-27T10:32:23+00:00","author":{"@id":"https:\/\/www.prosos.org\/sosvz\/#\/schema\/person\/fbd66aeac098e28acf1869332c6e55e9"},"description":"LOHR AM MAIN, LKR. MAIN-SPESSART. Am Freitagnachmittag ist der Dachstuhl des Sparkassengeb\u00e4udes am Marktplatz in Brand geraten. Momentan (13:50 Uhr) l\u00e4uft immer noch ein gro\u00dfer L\u00f6scheinsatz zahlreicher Feuerwehren. Wie hoch der entstandene Schaden ...","breadcrumb":{"@id":"https:\/\/www.prosos.org\/sosvz\/dachstuhl-des-sparkassengebaudes-in-brand-geraten-gr0ser-loscheinsatz-im-gange-15970.html#breadcrumb"},"inLanguage":"de","potentialAction":[{"@type":"ReadAction","target":["https:\/\/www.prosos.org\/sosvz\/dachstuhl-des-sparkassengebaudes-in-brand-geraten-gr0ser-loscheinsatz-im-gange-15970.html"]}]},{"@type":"BreadcrumbList","@id":"https:\/\/www.prosos.org\/sosvz\/dachstuhl-des-sparkassengebaudes-in-brand-geraten-gr0ser-loscheinsatz-im-gange-15970.html#breadcrumb","itemListElement":[{"@type":"ListItem","position":1,"name":"Home","item":"https:\/\/www.prosos.org\/sosvz"},{"@type":"ListItem","position":2,"name":"Dachstuhl des Sparkassengeb\u00e4udes in Brand geraten &#8211; gr0\u00dfer L\u00f6scheinsatz im Gange"}]},{"@type":"WebSite","@id":"https:\/\/www.prosos.org\/sosvz\/#website","url":"https:\/\/www.prosos.org\/sosvz\/","name":"ProSOS - sosVZ","description":"Die Coummunity f\u00fcr Polizei, Feuerwehr, Rettungsdienste und Selbstschutz","potentialAction":[{"@type":"SearchAction","target":{"@type":"EntryPoint","urlTemplate":"https:\/\/www.prosos.org\/sosvz\/?s={search_term_string}"},"query-input":{"@type":"PropertyValueSpecification","valueRequired":true,"valueName":"search_term_string"}}],"inLanguage":"de"},{"@type":"Person","@id":"https:\/\/www.prosos.org\/sosvz\/#\/schema\/person\/fbd66aeac098e28acf1869332c6e55e9","name":"Polizei Bayern","image":{"@type":"ImageObject","inLanguage":"de","@id":"https:\/\/www.prosos.org\/sosvz\/#\/schema\/person\/image\/","url":"https:\/\/secure.gravatar.com\/avatar\/a483f747047c1dc1556555639a19986e42d28bda61988c35164221a541236fce?s=96&d=mm&r=g","contentUrl":"https:\/\/secure.gravatar.com\/avatar\/a483f747047c1dc1556555639a19986e42d28bda61988c35164221a541236fce?s=96&d=mm&r=g","caption":"Polizei Bayern"},"sameAs":["http:\/\/www.polizei.bayern.de"]}]}},"_links":{"self":[{"href":"https:\/\/www.prosos.org\/sosvz\/wp-json\/wp\/v2\/posts\/15970","targetHints":{"allow":["GET"]}}],"collection":[{"href":"https:\/\/www.prosos.org\/sosvz\/wp-json\/wp\/v2\/posts"}],"about":[{"href":"https:\/\/www.prosos.org\/sosvz\/wp-json\/wp\/v2\/types\/post"}],"author":[{"embeddable":true,"href":"https:\/\/www.prosos.org\/sosvz\/wp-json\/wp\/v2\/users\/2"}],"replies":[{"embeddable":true,"href":"https:\/\/www.prosos.org\/sosvz\/wp-json\/wp\/v2\/comments?post=15970"}],"version-history":[{"count":0,"href":"https:\/\/www.prosos.org\/sosvz\/wp-json\/wp\/v2\/posts\/15970\/revisions"}],"wp:attachment":[{"href":"https:\/\/www.prosos.org\/sosvz\/wp-json\/wp\/v2\/media?parent=15970"}],"wp:term":[{"taxonomy":"category","embeddable":true,"href":"https:\/\/www.prosos.org\/sosvz\/wp-json\/wp\/v2\/categories?post=15970"},{"taxonomy":"post_tag","embeddable":true,"href":"https:\/\/www.prosos.org\/sosvz\/wp-json\/wp\/v2\/tags?post=15970"}],"curies":[{"name":"wp","href":"https:\/\/api.w.org\/{rel}","templated":true}]}}