{"id":15984,"date":"2013-04-29T10:30:41","date_gmt":"2013-04-29T08:30:41","guid":{"rendered":"http:\/\/www.prosos.org\/sosvz\/?guid=063dd534ddb6a4a578da6282cef34aa6"},"modified":"2013-04-29T10:30:41","modified_gmt":"2013-04-29T08:30:41","slug":"mit-schnittverletzung-am-hals-im-krankenhaus-unbekannte-tater-gefluchtet","status":"publish","type":"post","link":"https:\/\/www.prosos.org\/sosvz\/mit-schnittverletzung-am-hals-im-krankenhaus-unbekannte-tater-gefluchtet-15984.html","title":{"rendered":"Mit Schnittverletzung am Hals im Krankenhaus &#8211; Unbekannte T\u00e4ter gefl\u00fcchtet"},"content":{"rendered":"KITZINGEN. Mit Schnittverletzungen am Hals und einer Kopfplatzwunde ist am fr\u00fchen Samstagmorgen ein Mann aus Kitzingen in ein Krankenhaus eingeliefert worden. Nach Angaben des 32-J\u00e4hrigen war er von mehreren Jugendlichen angegriffen worden. Als die T\u00e4ter verschwunden waren, stellte sich heraus, dass der Mann am Hals erheblich verletzt war. Der Gesch\u00e4digte wurde in ein Krankenhaus eingeliefert, wo er weiter station\u00e4r behandelt wird. Von den T\u00e4tern fehlt bislang jede Spur.\n \n\n<p class=\"syndicated-attribution\"><br \/><a target='_blank' href='http:\/\/www.polizei.bayern.de\/unterfranken\/news\/presse\/aktuell\/index.html\/177098'> komplette Meldung auf Polizei Bayern lesen<\/a><br \/><\/p>","protected":false},"excerpt":{"rendered":"<p>KITZINGEN. Mit Schnittverletzungen am Hals und einer Kopfplatzwunde ist am fr\u00fchen Samstagmorgen ein Mann aus Kitzingen in ein Krankenhaus eingeliefert worden. Nach Angaben des 32-J\u00e4hrigen war er von mehreren Jugendlichen angegriffen worden. Als die T&#8230;<\/p>\n","protected":false},"author":2,"featured_media":0,"comment_status":"closed","ping_status":"closed","sticky":false,"template":"","format":"standard","meta":{"footnotes":""},"categories":[5],"tags":[],"class_list":["post-15984","post","type-post","status-publish","format-standard","hentry","category-nayern"],"yoast_head":"<!-- This site is optimized with the Yoast SEO plugin v24.9 - https:\/\/yoast.com\/wordpress\/plugins\/seo\/ -->\n<title>Mit Schnittverletzung am Hals im Krankenhaus - Unbekannte T\u00e4ter gefl\u00fcchtet<\/title>\n<meta name=\"description\" content=\"KITZINGEN. Mit Schnittverletzungen am Hals und einer Kopfplatzwunde ist am fr\u00fchen Samstagmorgen ein Mann aus Kitzingen in ein Krankenhaus eingeliefert worden. Nach Angaben des 32-J\u00e4hrigen war er von mehreren Jugendlichen angegriffen worden. Als die T...\" \/>\n<meta name=\"robots\" content=\"index, follow, max-snippet:-1, max-image-preview:large, max-video-preview:-1\" \/>\n<link rel=\"canonical\" href=\"https:\/\/www.prosos.org\/sosvz\/mit-schnittverletzung-am-hals-im-krankenhaus-unbekannte-tater-gefluchtet-15984.html\" \/>\n<meta property=\"og:locale\" content=\"de_DE\" \/>\n<meta property=\"og:type\" content=\"article\" \/>\n<meta property=\"og:title\" content=\"Mit Schnittverletzung am Hals im Krankenhaus - Unbekannte T\u00e4ter gefl\u00fcchtet\" \/>\n<meta property=\"og:description\" content=\"KITZINGEN. Mit Schnittverletzungen am Hals und einer Kopfplatzwunde ist am fr\u00fchen Samstagmorgen ein Mann aus Kitzingen in ein Krankenhaus eingeliefert worden. Nach Angaben des 32-J\u00e4hrigen war er von mehreren Jugendlichen angegriffen worden. Als die T...\" \/>\n<meta property=\"og:url\" content=\"https:\/\/www.prosos.org\/sosvz\/mit-schnittverletzung-am-hals-im-krankenhaus-unbekannte-tater-gefluchtet-15984.html\" \/>\n<meta property=\"og:site_name\" content=\"ProSOS - sosVZ\" \/>\n<meta property=\"article:published_time\" content=\"2013-04-29T08:30:41+00:00\" \/>\n<meta name=\"author\" content=\"Polizei Bayern\" \/>\n<meta name=\"twitter:card\" content=\"summary_large_image\" \/>\n<meta name=\"twitter:label1\" content=\"Verfasst von\" \/>\n\t<meta name=\"twitter:data1\" content=\"Polizei Bayern\" \/>\n<script type=\"application\/ld+json\" class=\"yoast-schema-graph\">{\"@context\":\"https:\/\/schema.org\",\"@graph\":[{\"@type\":\"WebPage\",\"@id\":\"https:\/\/www.prosos.org\/sosvz\/mit-schnittverletzung-am-hals-im-krankenhaus-unbekannte-tater-gefluchtet-15984.html\",\"url\":\"https:\/\/www.prosos.org\/sosvz\/mit-schnittverletzung-am-hals-im-krankenhaus-unbekannte-tater-gefluchtet-15984.html\",\"name\":\"Mit Schnittverletzung am Hals im Krankenhaus - Unbekannte T\u00e4ter gefl\u00fcchtet\",\"isPartOf\":{\"@id\":\"https:\/\/www.prosos.org\/sosvz\/#website\"},\"datePublished\":\"2013-04-29T08:30:41+00:00\",\"author\":{\"@id\":\"https:\/\/www.prosos.org\/sosvz\/#\/schema\/person\/fbd66aeac098e28acf1869332c6e55e9\"},\"description\":\"KITZINGEN. Mit Schnittverletzungen am Hals und einer Kopfplatzwunde ist am fr\u00fchen Samstagmorgen ein Mann aus Kitzingen in ein Krankenhaus eingeliefert worden. Nach Angaben des 32-J\u00e4hrigen war er von mehreren Jugendlichen angegriffen worden. Als die T...\",\"breadcrumb\":{\"@id\":\"https:\/\/www.prosos.org\/sosvz\/mit-schnittverletzung-am-hals-im-krankenhaus-unbekannte-tater-gefluchtet-15984.html#breadcrumb\"},\"inLanguage\":\"de\",\"potentialAction\":[{\"@type\":\"ReadAction\",\"target\":[\"https:\/\/www.prosos.org\/sosvz\/mit-schnittverletzung-am-hals-im-krankenhaus-unbekannte-tater-gefluchtet-15984.html\"]}]},{\"@type\":\"BreadcrumbList\",\"@id\":\"https:\/\/www.prosos.org\/sosvz\/mit-schnittverletzung-am-hals-im-krankenhaus-unbekannte-tater-gefluchtet-15984.html#breadcrumb\",\"itemListElement\":[{\"@type\":\"ListItem\",\"position\":1,\"name\":\"Home\",\"item\":\"https:\/\/www.prosos.org\/sosvz\"},{\"@type\":\"ListItem\",\"position\":2,\"name\":\"Mit Schnittverletzung am Hals im Krankenhaus &#8211; Unbekannte T\u00e4ter gefl\u00fcchtet\"}]},{\"@type\":\"WebSite\",\"@id\":\"https:\/\/www.prosos.org\/sosvz\/#website\",\"url\":\"https:\/\/www.prosos.org\/sosvz\/\",\"name\":\"ProSOS - sosVZ\",\"description\":\"Die Coummunity f\u00fcr Polizei, Feuerwehr, Rettungsdienste und Selbstschutz\",\"potentialAction\":[{\"@type\":\"SearchAction\",\"target\":{\"@type\":\"EntryPoint\",\"urlTemplate\":\"https:\/\/www.prosos.org\/sosvz\/?s={search_term_string}\"},\"query-input\":{\"@type\":\"PropertyValueSpecification\",\"valueRequired\":true,\"valueName\":\"search_term_string\"}}],\"inLanguage\":\"de\"},{\"@type\":\"Person\",\"@id\":\"https:\/\/www.prosos.org\/sosvz\/#\/schema\/person\/fbd66aeac098e28acf1869332c6e55e9\",\"name\":\"Polizei Bayern\",\"image\":{\"@type\":\"ImageObject\",\"inLanguage\":\"de\",\"@id\":\"https:\/\/www.prosos.org\/sosvz\/#\/schema\/person\/image\/\",\"url\":\"https:\/\/secure.gravatar.com\/avatar\/a483f747047c1dc1556555639a19986e42d28bda61988c35164221a541236fce?s=96&d=mm&r=g\",\"contentUrl\":\"https:\/\/secure.gravatar.com\/avatar\/a483f747047c1dc1556555639a19986e42d28bda61988c35164221a541236fce?s=96&d=mm&r=g\",\"caption\":\"Polizei Bayern\"},\"sameAs\":[\"http:\/\/www.polizei.bayern.de\"]}]}<\/script>\n<!-- \/ Yoast SEO plugin. -->","yoast_head_json":{"title":"Mit Schnittverletzung am Hals im Krankenhaus - Unbekannte T\u00e4ter gefl\u00fcchtet","description":"KITZINGEN. Mit Schnittverletzungen am Hals und einer Kopfplatzwunde ist am fr\u00fchen Samstagmorgen ein Mann aus Kitzingen in ein Krankenhaus eingeliefert worden. Nach Angaben des 32-J\u00e4hrigen war er von mehreren Jugendlichen angegriffen worden. Als die T...","robots":{"index":"index","follow":"follow","max-snippet":"max-snippet:-1","max-image-preview":"max-image-preview:large","max-video-preview":"max-video-preview:-1"},"canonical":"https:\/\/www.prosos.org\/sosvz\/mit-schnittverletzung-am-hals-im-krankenhaus-unbekannte-tater-gefluchtet-15984.html","og_locale":"de_DE","og_type":"article","og_title":"Mit Schnittverletzung am Hals im Krankenhaus - Unbekannte T\u00e4ter gefl\u00fcchtet","og_description":"KITZINGEN. Mit Schnittverletzungen am Hals und einer Kopfplatzwunde ist am fr\u00fchen Samstagmorgen ein Mann aus Kitzingen in ein Krankenhaus eingeliefert worden. Nach Angaben des 32-J\u00e4hrigen war er von mehreren Jugendlichen angegriffen worden. Als die T...","og_url":"https:\/\/www.prosos.org\/sosvz\/mit-schnittverletzung-am-hals-im-krankenhaus-unbekannte-tater-gefluchtet-15984.html","og_site_name":"ProSOS - sosVZ","article_published_time":"2013-04-29T08:30:41+00:00","author":"Polizei Bayern","twitter_card":"summary_large_image","twitter_misc":{"Verfasst von":"Polizei Bayern"},"schema":{"@context":"https:\/\/schema.org","@graph":[{"@type":"WebPage","@id":"https:\/\/www.prosos.org\/sosvz\/mit-schnittverletzung-am-hals-im-krankenhaus-unbekannte-tater-gefluchtet-15984.html","url":"https:\/\/www.prosos.org\/sosvz\/mit-schnittverletzung-am-hals-im-krankenhaus-unbekannte-tater-gefluchtet-15984.html","name":"Mit Schnittverletzung am Hals im Krankenhaus - Unbekannte T\u00e4ter gefl\u00fcchtet","isPartOf":{"@id":"https:\/\/www.prosos.org\/sosvz\/#website"},"datePublished":"2013-04-29T08:30:41+00:00","author":{"@id":"https:\/\/www.prosos.org\/sosvz\/#\/schema\/person\/fbd66aeac098e28acf1869332c6e55e9"},"description":"KITZINGEN. Mit Schnittverletzungen am Hals und einer Kopfplatzwunde ist am fr\u00fchen Samstagmorgen ein Mann aus Kitzingen in ein Krankenhaus eingeliefert worden. Nach Angaben des 32-J\u00e4hrigen war er von mehreren Jugendlichen angegriffen worden. Als die T...","breadcrumb":{"@id":"https:\/\/www.prosos.org\/sosvz\/mit-schnittverletzung-am-hals-im-krankenhaus-unbekannte-tater-gefluchtet-15984.html#breadcrumb"},"inLanguage":"de","potentialAction":[{"@type":"ReadAction","target":["https:\/\/www.prosos.org\/sosvz\/mit-schnittverletzung-am-hals-im-krankenhaus-unbekannte-tater-gefluchtet-15984.html"]}]},{"@type":"BreadcrumbList","@id":"https:\/\/www.prosos.org\/sosvz\/mit-schnittverletzung-am-hals-im-krankenhaus-unbekannte-tater-gefluchtet-15984.html#breadcrumb","itemListElement":[{"@type":"ListItem","position":1,"name":"Home","item":"https:\/\/www.prosos.org\/sosvz"},{"@type":"ListItem","position":2,"name":"Mit Schnittverletzung am Hals im Krankenhaus &#8211; Unbekannte T\u00e4ter gefl\u00fcchtet"}]},{"@type":"WebSite","@id":"https:\/\/www.prosos.org\/sosvz\/#website","url":"https:\/\/www.prosos.org\/sosvz\/","name":"ProSOS - sosVZ","description":"Die Coummunity f\u00fcr Polizei, Feuerwehr, Rettungsdienste und Selbstschutz","potentialAction":[{"@type":"SearchAction","target":{"@type":"EntryPoint","urlTemplate":"https:\/\/www.prosos.org\/sosvz\/?s={search_term_string}"},"query-input":{"@type":"PropertyValueSpecification","valueRequired":true,"valueName":"search_term_string"}}],"inLanguage":"de"},{"@type":"Person","@id":"https:\/\/www.prosos.org\/sosvz\/#\/schema\/person\/fbd66aeac098e28acf1869332c6e55e9","name":"Polizei Bayern","image":{"@type":"ImageObject","inLanguage":"de","@id":"https:\/\/www.prosos.org\/sosvz\/#\/schema\/person\/image\/","url":"https:\/\/secure.gravatar.com\/avatar\/a483f747047c1dc1556555639a19986e42d28bda61988c35164221a541236fce?s=96&d=mm&r=g","contentUrl":"https:\/\/secure.gravatar.com\/avatar\/a483f747047c1dc1556555639a19986e42d28bda61988c35164221a541236fce?s=96&d=mm&r=g","caption":"Polizei Bayern"},"sameAs":["http:\/\/www.polizei.bayern.de"]}]}},"_links":{"self":[{"href":"https:\/\/www.prosos.org\/sosvz\/wp-json\/wp\/v2\/posts\/15984","targetHints":{"allow":["GET"]}}],"collection":[{"href":"https:\/\/www.prosos.org\/sosvz\/wp-json\/wp\/v2\/posts"}],"about":[{"href":"https:\/\/www.prosos.org\/sosvz\/wp-json\/wp\/v2\/types\/post"}],"author":[{"embeddable":true,"href":"https:\/\/www.prosos.org\/sosvz\/wp-json\/wp\/v2\/users\/2"}],"replies":[{"embeddable":true,"href":"https:\/\/www.prosos.org\/sosvz\/wp-json\/wp\/v2\/comments?post=15984"}],"version-history":[{"count":0,"href":"https:\/\/www.prosos.org\/sosvz\/wp-json\/wp\/v2\/posts\/15984\/revisions"}],"wp:attachment":[{"href":"https:\/\/www.prosos.org\/sosvz\/wp-json\/wp\/v2\/media?parent=15984"}],"wp:term":[{"taxonomy":"category","embeddable":true,"href":"https:\/\/www.prosos.org\/sosvz\/wp-json\/wp\/v2\/categories?post=15984"},{"taxonomy":"post_tag","embeddable":true,"href":"https:\/\/www.prosos.org\/sosvz\/wp-json\/wp\/v2\/tags?post=15984"}],"curies":[{"name":"wp","href":"https:\/\/api.w.org\/{rel}","templated":true}]}}