{"id":19007,"date":"2013-12-10T17:04:51","date_gmt":"2013-12-10T16:04:51","guid":{"rendered":"http:\/\/www.prosos.org\/sosvz\/?guid=c33b8c53e1c99f44a62605599293ecd7"},"modified":"2013-12-10T17:04:51","modified_gmt":"2013-12-10T16:04:51","slug":"38-jaehriger-verletzt-36-jaehrigen-mit-messer-taetverdaechtigen-im-schlafzimmerschrank-festgenommen","status":"publish","type":"post","link":"https:\/\/www.prosos.org\/sosvz\/38-jaehriger-verletzt-36-jaehrigen-mit-messer-taetverdaechtigen-im-schlafzimmerschrank-festgenommen-19007.html","title":{"rendered":"38-J\u00e4hriger verletzt 36-J\u00e4hrigen mit Messer &#8211; T\u00e4tverd\u00e4chtigen im Schlafzimmerschrank festgenommen"},"content":{"rendered":"POCKING, LKR. PASSAU. Am Montagabend, 09.12.13 gegen 18.15 Uhr griff ein 38-j\u00e4hriger Mann aus dem s\u00fcdlichen Landkreis Passau seinen 36 Jahre alten Kontrahenten in dessen Wohnung im Stadtgebiet Pocking mit einem Messer an und verletzte ihn dabei schwer im Gesichtsbereich. Bereits am Nachmittag desselben Tages hatten die beiden M\u00e4nner verbalen Streit.\n<p class=\"syndicated-attribution\"><br \/><a target='_blank' href='http:\/\/www.polizei.bayern.de\/niederbayern\/news\/presse\/aktuell\/index.html\/191135'> komplette Meldung auf Polizei Bayern lesen<\/a><br \/><\/p>","protected":false},"excerpt":{"rendered":"<p>POCKING, LKR. PASSAU. Am Montagabend, 09.12.13 gegen 18.15 Uhr griff ein 38-j\u00e4hriger Mann aus dem s\u00fcdlichen Landkreis Passau seinen 36 Jahre alten Kontrahenten in dessen Wohnung im Stadtgebiet Pocking mit einem Messer an und verletzte ihn dabei schwe&#8230;<\/p>\n","protected":false},"author":2,"featured_media":0,"comment_status":"closed","ping_status":"closed","sticky":false,"template":"","format":"standard","meta":{"footnotes":""},"categories":[5],"tags":[],"class_list":["post-19007","post","type-post","status-publish","format-standard","hentry","category-nayern"],"yoast_head":"<!-- This site is optimized with the Yoast SEO plugin v24.9 - https:\/\/yoast.com\/wordpress\/plugins\/seo\/ -->\n<title>38-J\u00e4hriger verletzt 36-J\u00e4hrigen mit Messer - T\u00e4tverd\u00e4chtigen im Schlafzimmerschrank festgenommen<\/title>\n<meta name=\"description\" content=\"POCKING, LKR. PASSAU. Am Montagabend, 09.12.13 gegen 18.15 Uhr griff ein 38-j\u00e4hriger Mann aus dem s\u00fcdlichen Landkreis Passau seinen 36 Jahre alten Kontrahenten in dessen Wohnung im Stadtgebiet Pocking mit einem Messer an und verletzte ihn dabei schwe...\" \/>\n<meta name=\"robots\" content=\"index, follow, max-snippet:-1, max-image-preview:large, max-video-preview:-1\" \/>\n<link rel=\"canonical\" href=\"https:\/\/www.prosos.org\/sosvz\/38-jaehriger-verletzt-36-jaehrigen-mit-messer-taetverdaechtigen-im-schlafzimmerschrank-festgenommen-19007.html\" \/>\n<meta property=\"og:locale\" content=\"de_DE\" \/>\n<meta property=\"og:type\" content=\"article\" \/>\n<meta property=\"og:title\" content=\"38-J\u00e4hriger verletzt 36-J\u00e4hrigen mit Messer - T\u00e4tverd\u00e4chtigen im Schlafzimmerschrank festgenommen\" \/>\n<meta property=\"og:description\" content=\"POCKING, LKR. PASSAU. Am Montagabend, 09.12.13 gegen 18.15 Uhr griff ein 38-j\u00e4hriger Mann aus dem s\u00fcdlichen Landkreis Passau seinen 36 Jahre alten Kontrahenten in dessen Wohnung im Stadtgebiet Pocking mit einem Messer an und verletzte ihn dabei schwe...\" \/>\n<meta property=\"og:url\" content=\"https:\/\/www.prosos.org\/sosvz\/38-jaehriger-verletzt-36-jaehrigen-mit-messer-taetverdaechtigen-im-schlafzimmerschrank-festgenommen-19007.html\" \/>\n<meta property=\"og:site_name\" content=\"ProSOS - sosVZ\" \/>\n<meta property=\"article:published_time\" content=\"2013-12-10T16:04:51+00:00\" \/>\n<meta name=\"author\" content=\"Polizei Bayern\" \/>\n<meta name=\"twitter:card\" content=\"summary_large_image\" \/>\n<meta name=\"twitter:label1\" content=\"Verfasst von\" \/>\n\t<meta name=\"twitter:data1\" content=\"Polizei Bayern\" \/>\n<script type=\"application\/ld+json\" class=\"yoast-schema-graph\">{\"@context\":\"https:\/\/schema.org\",\"@graph\":[{\"@type\":\"WebPage\",\"@id\":\"https:\/\/www.prosos.org\/sosvz\/38-jaehriger-verletzt-36-jaehrigen-mit-messer-taetverdaechtigen-im-schlafzimmerschrank-festgenommen-19007.html\",\"url\":\"https:\/\/www.prosos.org\/sosvz\/38-jaehriger-verletzt-36-jaehrigen-mit-messer-taetverdaechtigen-im-schlafzimmerschrank-festgenommen-19007.html\",\"name\":\"38-J\u00e4hriger verletzt 36-J\u00e4hrigen mit Messer - T\u00e4tverd\u00e4chtigen im Schlafzimmerschrank festgenommen\",\"isPartOf\":{\"@id\":\"https:\/\/www.prosos.org\/sosvz\/#website\"},\"datePublished\":\"2013-12-10T16:04:51+00:00\",\"author\":{\"@id\":\"https:\/\/www.prosos.org\/sosvz\/#\/schema\/person\/fbd66aeac098e28acf1869332c6e55e9\"},\"description\":\"POCKING, LKR. PASSAU. Am Montagabend, 09.12.13 gegen 18.15 Uhr griff ein 38-j\u00e4hriger Mann aus dem s\u00fcdlichen Landkreis Passau seinen 36 Jahre alten Kontrahenten in dessen Wohnung im Stadtgebiet Pocking mit einem Messer an und verletzte ihn dabei schwe...\",\"breadcrumb\":{\"@id\":\"https:\/\/www.prosos.org\/sosvz\/38-jaehriger-verletzt-36-jaehrigen-mit-messer-taetverdaechtigen-im-schlafzimmerschrank-festgenommen-19007.html#breadcrumb\"},\"inLanguage\":\"de\",\"potentialAction\":[{\"@type\":\"ReadAction\",\"target\":[\"https:\/\/www.prosos.org\/sosvz\/38-jaehriger-verletzt-36-jaehrigen-mit-messer-taetverdaechtigen-im-schlafzimmerschrank-festgenommen-19007.html\"]}]},{\"@type\":\"BreadcrumbList\",\"@id\":\"https:\/\/www.prosos.org\/sosvz\/38-jaehriger-verletzt-36-jaehrigen-mit-messer-taetverdaechtigen-im-schlafzimmerschrank-festgenommen-19007.html#breadcrumb\",\"itemListElement\":[{\"@type\":\"ListItem\",\"position\":1,\"name\":\"Home\",\"item\":\"https:\/\/www.prosos.org\/sosvz\"},{\"@type\":\"ListItem\",\"position\":2,\"name\":\"38-J\u00e4hriger verletzt 36-J\u00e4hrigen mit Messer &#8211; T\u00e4tverd\u00e4chtigen im Schlafzimmerschrank festgenommen\"}]},{\"@type\":\"WebSite\",\"@id\":\"https:\/\/www.prosos.org\/sosvz\/#website\",\"url\":\"https:\/\/www.prosos.org\/sosvz\/\",\"name\":\"ProSOS - sosVZ\",\"description\":\"Die Coummunity f\u00fcr Polizei, Feuerwehr, Rettungsdienste und Selbstschutz\",\"potentialAction\":[{\"@type\":\"SearchAction\",\"target\":{\"@type\":\"EntryPoint\",\"urlTemplate\":\"https:\/\/www.prosos.org\/sosvz\/?s={search_term_string}\"},\"query-input\":{\"@type\":\"PropertyValueSpecification\",\"valueRequired\":true,\"valueName\":\"search_term_string\"}}],\"inLanguage\":\"de\"},{\"@type\":\"Person\",\"@id\":\"https:\/\/www.prosos.org\/sosvz\/#\/schema\/person\/fbd66aeac098e28acf1869332c6e55e9\",\"name\":\"Polizei Bayern\",\"image\":{\"@type\":\"ImageObject\",\"inLanguage\":\"de\",\"@id\":\"https:\/\/www.prosos.org\/sosvz\/#\/schema\/person\/image\/\",\"url\":\"https:\/\/secure.gravatar.com\/avatar\/a483f747047c1dc1556555639a19986e42d28bda61988c35164221a541236fce?s=96&d=mm&r=g\",\"contentUrl\":\"https:\/\/secure.gravatar.com\/avatar\/a483f747047c1dc1556555639a19986e42d28bda61988c35164221a541236fce?s=96&d=mm&r=g\",\"caption\":\"Polizei Bayern\"},\"sameAs\":[\"http:\/\/www.polizei.bayern.de\"]}]}<\/script>\n<!-- \/ Yoast SEO plugin. -->","yoast_head_json":{"title":"38-J\u00e4hriger verletzt 36-J\u00e4hrigen mit Messer - T\u00e4tverd\u00e4chtigen im Schlafzimmerschrank festgenommen","description":"POCKING, LKR. PASSAU. Am Montagabend, 09.12.13 gegen 18.15 Uhr griff ein 38-j\u00e4hriger Mann aus dem s\u00fcdlichen Landkreis Passau seinen 36 Jahre alten Kontrahenten in dessen Wohnung im Stadtgebiet Pocking mit einem Messer an und verletzte ihn dabei schwe...","robots":{"index":"index","follow":"follow","max-snippet":"max-snippet:-1","max-image-preview":"max-image-preview:large","max-video-preview":"max-video-preview:-1"},"canonical":"https:\/\/www.prosos.org\/sosvz\/38-jaehriger-verletzt-36-jaehrigen-mit-messer-taetverdaechtigen-im-schlafzimmerschrank-festgenommen-19007.html","og_locale":"de_DE","og_type":"article","og_title":"38-J\u00e4hriger verletzt 36-J\u00e4hrigen mit Messer - T\u00e4tverd\u00e4chtigen im Schlafzimmerschrank festgenommen","og_description":"POCKING, LKR. PASSAU. Am Montagabend, 09.12.13 gegen 18.15 Uhr griff ein 38-j\u00e4hriger Mann aus dem s\u00fcdlichen Landkreis Passau seinen 36 Jahre alten Kontrahenten in dessen Wohnung im Stadtgebiet Pocking mit einem Messer an und verletzte ihn dabei schwe...","og_url":"https:\/\/www.prosos.org\/sosvz\/38-jaehriger-verletzt-36-jaehrigen-mit-messer-taetverdaechtigen-im-schlafzimmerschrank-festgenommen-19007.html","og_site_name":"ProSOS - sosVZ","article_published_time":"2013-12-10T16:04:51+00:00","author":"Polizei Bayern","twitter_card":"summary_large_image","twitter_misc":{"Verfasst von":"Polizei Bayern"},"schema":{"@context":"https:\/\/schema.org","@graph":[{"@type":"WebPage","@id":"https:\/\/www.prosos.org\/sosvz\/38-jaehriger-verletzt-36-jaehrigen-mit-messer-taetverdaechtigen-im-schlafzimmerschrank-festgenommen-19007.html","url":"https:\/\/www.prosos.org\/sosvz\/38-jaehriger-verletzt-36-jaehrigen-mit-messer-taetverdaechtigen-im-schlafzimmerschrank-festgenommen-19007.html","name":"38-J\u00e4hriger verletzt 36-J\u00e4hrigen mit Messer - T\u00e4tverd\u00e4chtigen im Schlafzimmerschrank festgenommen","isPartOf":{"@id":"https:\/\/www.prosos.org\/sosvz\/#website"},"datePublished":"2013-12-10T16:04:51+00:00","author":{"@id":"https:\/\/www.prosos.org\/sosvz\/#\/schema\/person\/fbd66aeac098e28acf1869332c6e55e9"},"description":"POCKING, LKR. PASSAU. Am Montagabend, 09.12.13 gegen 18.15 Uhr griff ein 38-j\u00e4hriger Mann aus dem s\u00fcdlichen Landkreis Passau seinen 36 Jahre alten Kontrahenten in dessen Wohnung im Stadtgebiet Pocking mit einem Messer an und verletzte ihn dabei schwe...","breadcrumb":{"@id":"https:\/\/www.prosos.org\/sosvz\/38-jaehriger-verletzt-36-jaehrigen-mit-messer-taetverdaechtigen-im-schlafzimmerschrank-festgenommen-19007.html#breadcrumb"},"inLanguage":"de","potentialAction":[{"@type":"ReadAction","target":["https:\/\/www.prosos.org\/sosvz\/38-jaehriger-verletzt-36-jaehrigen-mit-messer-taetverdaechtigen-im-schlafzimmerschrank-festgenommen-19007.html"]}]},{"@type":"BreadcrumbList","@id":"https:\/\/www.prosos.org\/sosvz\/38-jaehriger-verletzt-36-jaehrigen-mit-messer-taetverdaechtigen-im-schlafzimmerschrank-festgenommen-19007.html#breadcrumb","itemListElement":[{"@type":"ListItem","position":1,"name":"Home","item":"https:\/\/www.prosos.org\/sosvz"},{"@type":"ListItem","position":2,"name":"38-J\u00e4hriger verletzt 36-J\u00e4hrigen mit Messer &#8211; T\u00e4tverd\u00e4chtigen im Schlafzimmerschrank festgenommen"}]},{"@type":"WebSite","@id":"https:\/\/www.prosos.org\/sosvz\/#website","url":"https:\/\/www.prosos.org\/sosvz\/","name":"ProSOS - sosVZ","description":"Die Coummunity f\u00fcr Polizei, Feuerwehr, Rettungsdienste und Selbstschutz","potentialAction":[{"@type":"SearchAction","target":{"@type":"EntryPoint","urlTemplate":"https:\/\/www.prosos.org\/sosvz\/?s={search_term_string}"},"query-input":{"@type":"PropertyValueSpecification","valueRequired":true,"valueName":"search_term_string"}}],"inLanguage":"de"},{"@type":"Person","@id":"https:\/\/www.prosos.org\/sosvz\/#\/schema\/person\/fbd66aeac098e28acf1869332c6e55e9","name":"Polizei Bayern","image":{"@type":"ImageObject","inLanguage":"de","@id":"https:\/\/www.prosos.org\/sosvz\/#\/schema\/person\/image\/","url":"https:\/\/secure.gravatar.com\/avatar\/a483f747047c1dc1556555639a19986e42d28bda61988c35164221a541236fce?s=96&d=mm&r=g","contentUrl":"https:\/\/secure.gravatar.com\/avatar\/a483f747047c1dc1556555639a19986e42d28bda61988c35164221a541236fce?s=96&d=mm&r=g","caption":"Polizei Bayern"},"sameAs":["http:\/\/www.polizei.bayern.de"]}]}},"_links":{"self":[{"href":"https:\/\/www.prosos.org\/sosvz\/wp-json\/wp\/v2\/posts\/19007","targetHints":{"allow":["GET"]}}],"collection":[{"href":"https:\/\/www.prosos.org\/sosvz\/wp-json\/wp\/v2\/posts"}],"about":[{"href":"https:\/\/www.prosos.org\/sosvz\/wp-json\/wp\/v2\/types\/post"}],"author":[{"embeddable":true,"href":"https:\/\/www.prosos.org\/sosvz\/wp-json\/wp\/v2\/users\/2"}],"replies":[{"embeddable":true,"href":"https:\/\/www.prosos.org\/sosvz\/wp-json\/wp\/v2\/comments?post=19007"}],"version-history":[{"count":0,"href":"https:\/\/www.prosos.org\/sosvz\/wp-json\/wp\/v2\/posts\/19007\/revisions"}],"wp:attachment":[{"href":"https:\/\/www.prosos.org\/sosvz\/wp-json\/wp\/v2\/media?parent=19007"}],"wp:term":[{"taxonomy":"category","embeddable":true,"href":"https:\/\/www.prosos.org\/sosvz\/wp-json\/wp\/v2\/categories?post=19007"},{"taxonomy":"post_tag","embeddable":true,"href":"https:\/\/www.prosos.org\/sosvz\/wp-json\/wp\/v2\/tags?post=19007"}],"curies":[{"name":"wp","href":"https:\/\/api.w.org\/{rel}","templated":true}]}}