{"id":19041,"date":"2013-12-15T14:05:19","date_gmt":"2013-12-15T13:05:19","guid":{"rendered":"http:\/\/www.prosos.org\/sosvz\/?guid=fc29af50fff71324d61bfbfb61c7d490"},"modified":"2013-12-15T14:05:19","modified_gmt":"2013-12-15T13:05:19","slug":"bei-brand-in-recyclingbetrieb-produktionshalle-ausgebrannt-und-teilweise-eingestuerzt-bislang-keine-verletzten","status":"publish","type":"post","link":"https:\/\/www.prosos.org\/sosvz\/bei-brand-in-recyclingbetrieb-produktionshalle-ausgebrannt-und-teilweise-eingestuerzt-bislang-keine-verletzten-19041.html","title":{"rendered":"Bei Brand in Recyclingbetrieb \u2013 Produktionshalle ausgebrannt und teilweise eingest\u00fcrzt \u2013 bislang keine Verletzten"},"content":{"rendered":"W\u00dcRZBURG\/UNTERD\u00dcRRBACH. Beim zweiten Brand in einem Recyclingbetrieb im Neuen Hafen innerhalb weniger Tage ist am Samstagabend die H\u00e4lfte einer  Produktionshalle ausgebrannt und teilweise eingest\u00fcrzt. Verletzt wurde gl\u00fccklicherweise niemand. Zahlreiche Feuerwehrleute waren zur Brandbek\u00e4mpfung stundenlang im Einsatz. Die Ursache f\u00fcr das Feuer ist noch v\u00f6llig unklar. Die Kriminalpolizei W\u00fcrzburg hat noch in der Nacht die Ermittlungen aufgenommen. \n<p class=\"syndicated-attribution\"><br \/><a target='_blank' href='http:\/\/www.polizei.bayern.de\/unterfranken\/news\/presse\/aktuell\/index.html\/191344'> komplette Meldung auf Polizei Bayern lesen<\/a><br \/><\/p>","protected":false},"excerpt":{"rendered":"<p>W\u00dcRZBURG\/UNTERD\u00dcRRBACH. Beim zweiten Brand in einem Recyclingbetrieb im Neuen Hafen innerhalb weniger Tage ist am Samstagabend die H\u00e4lfte einer  Produktionshalle ausgebrannt und teilweise eingest\u00fcrzt. Verletzt wurde gl\u00fccklicherweise niemand. Zahlr&#8230;<\/p>\n","protected":false},"author":2,"featured_media":0,"comment_status":"closed","ping_status":"closed","sticky":false,"template":"","format":"standard","meta":{"footnotes":""},"categories":[5],"tags":[],"class_list":["post-19041","post","type-post","status-publish","format-standard","hentry","category-nayern"],"yoast_head":"<!-- This site is optimized with the Yoast SEO plugin v24.9 - https:\/\/yoast.com\/wordpress\/plugins\/seo\/ -->\n<title>Bei Brand in Recyclingbetrieb \u2013 Produktionshalle ausgebrannt und teilweise eingest\u00fcrzt \u2013 bislang keine Verletzten<\/title>\n<meta name=\"description\" content=\"W\u00dcRZBURG\/UNTERD\u00dcRRBACH. Beim zweiten Brand in einem Recyclingbetrieb im Neuen Hafen innerhalb weniger Tage ist am Samstagabend die H\u00e4lfte einer Produktionshalle ausgebrannt und teilweise eingest\u00fcrzt. Verletzt wurde gl\u00fccklicherweise niemand. Zahlr...\" \/>\n<meta name=\"robots\" content=\"index, follow, max-snippet:-1, max-image-preview:large, max-video-preview:-1\" \/>\n<link rel=\"canonical\" href=\"https:\/\/www.prosos.org\/sosvz\/bei-brand-in-recyclingbetrieb-produktionshalle-ausgebrannt-und-teilweise-eingestuerzt-bislang-keine-verletzten-19041.html\" \/>\n<meta property=\"og:locale\" content=\"de_DE\" \/>\n<meta property=\"og:type\" content=\"article\" \/>\n<meta property=\"og:title\" content=\"Bei Brand in Recyclingbetrieb \u2013 Produktionshalle ausgebrannt und teilweise eingest\u00fcrzt \u2013 bislang keine Verletzten\" \/>\n<meta property=\"og:description\" content=\"W\u00dcRZBURG\/UNTERD\u00dcRRBACH. Beim zweiten Brand in einem Recyclingbetrieb im Neuen Hafen innerhalb weniger Tage ist am Samstagabend die H\u00e4lfte einer Produktionshalle ausgebrannt und teilweise eingest\u00fcrzt. Verletzt wurde gl\u00fccklicherweise niemand. Zahlr...\" \/>\n<meta property=\"og:url\" content=\"https:\/\/www.prosos.org\/sosvz\/bei-brand-in-recyclingbetrieb-produktionshalle-ausgebrannt-und-teilweise-eingestuerzt-bislang-keine-verletzten-19041.html\" \/>\n<meta property=\"og:site_name\" content=\"ProSOS - sosVZ\" \/>\n<meta property=\"article:published_time\" content=\"2013-12-15T13:05:19+00:00\" \/>\n<meta name=\"author\" content=\"Polizei Bayern\" \/>\n<meta name=\"twitter:card\" content=\"summary_large_image\" \/>\n<meta name=\"twitter:label1\" content=\"Verfasst von\" \/>\n\t<meta name=\"twitter:data1\" content=\"Polizei Bayern\" \/>\n<script type=\"application\/ld+json\" class=\"yoast-schema-graph\">{\"@context\":\"https:\/\/schema.org\",\"@graph\":[{\"@type\":\"WebPage\",\"@id\":\"https:\/\/www.prosos.org\/sosvz\/bei-brand-in-recyclingbetrieb-produktionshalle-ausgebrannt-und-teilweise-eingestuerzt-bislang-keine-verletzten-19041.html\",\"url\":\"https:\/\/www.prosos.org\/sosvz\/bei-brand-in-recyclingbetrieb-produktionshalle-ausgebrannt-und-teilweise-eingestuerzt-bislang-keine-verletzten-19041.html\",\"name\":\"Bei Brand in Recyclingbetrieb \u2013 Produktionshalle ausgebrannt und teilweise eingest\u00fcrzt \u2013 bislang keine Verletzten\",\"isPartOf\":{\"@id\":\"https:\/\/www.prosos.org\/sosvz\/#website\"},\"datePublished\":\"2013-12-15T13:05:19+00:00\",\"author\":{\"@id\":\"https:\/\/www.prosos.org\/sosvz\/#\/schema\/person\/fbd66aeac098e28acf1869332c6e55e9\"},\"description\":\"W\u00dcRZBURG\/UNTERD\u00dcRRBACH. Beim zweiten Brand in einem Recyclingbetrieb im Neuen Hafen innerhalb weniger Tage ist am Samstagabend die H\u00e4lfte einer Produktionshalle ausgebrannt und teilweise eingest\u00fcrzt. Verletzt wurde gl\u00fccklicherweise niemand. Zahlr...\",\"breadcrumb\":{\"@id\":\"https:\/\/www.prosos.org\/sosvz\/bei-brand-in-recyclingbetrieb-produktionshalle-ausgebrannt-und-teilweise-eingestuerzt-bislang-keine-verletzten-19041.html#breadcrumb\"},\"inLanguage\":\"de\",\"potentialAction\":[{\"@type\":\"ReadAction\",\"target\":[\"https:\/\/www.prosos.org\/sosvz\/bei-brand-in-recyclingbetrieb-produktionshalle-ausgebrannt-und-teilweise-eingestuerzt-bislang-keine-verletzten-19041.html\"]}]},{\"@type\":\"BreadcrumbList\",\"@id\":\"https:\/\/www.prosos.org\/sosvz\/bei-brand-in-recyclingbetrieb-produktionshalle-ausgebrannt-und-teilweise-eingestuerzt-bislang-keine-verletzten-19041.html#breadcrumb\",\"itemListElement\":[{\"@type\":\"ListItem\",\"position\":1,\"name\":\"Home\",\"item\":\"https:\/\/www.prosos.org\/sosvz\"},{\"@type\":\"ListItem\",\"position\":2,\"name\":\"Bei Brand in Recyclingbetrieb \u2013 Produktionshalle ausgebrannt und teilweise eingest\u00fcrzt \u2013 bislang keine Verletzten\"}]},{\"@type\":\"WebSite\",\"@id\":\"https:\/\/www.prosos.org\/sosvz\/#website\",\"url\":\"https:\/\/www.prosos.org\/sosvz\/\",\"name\":\"ProSOS - sosVZ\",\"description\":\"Die Coummunity f\u00fcr Polizei, Feuerwehr, Rettungsdienste und Selbstschutz\",\"potentialAction\":[{\"@type\":\"SearchAction\",\"target\":{\"@type\":\"EntryPoint\",\"urlTemplate\":\"https:\/\/www.prosos.org\/sosvz\/?s={search_term_string}\"},\"query-input\":{\"@type\":\"PropertyValueSpecification\",\"valueRequired\":true,\"valueName\":\"search_term_string\"}}],\"inLanguage\":\"de\"},{\"@type\":\"Person\",\"@id\":\"https:\/\/www.prosos.org\/sosvz\/#\/schema\/person\/fbd66aeac098e28acf1869332c6e55e9\",\"name\":\"Polizei Bayern\",\"image\":{\"@type\":\"ImageObject\",\"inLanguage\":\"de\",\"@id\":\"https:\/\/www.prosos.org\/sosvz\/#\/schema\/person\/image\/\",\"url\":\"https:\/\/secure.gravatar.com\/avatar\/a483f747047c1dc1556555639a19986e42d28bda61988c35164221a541236fce?s=96&d=mm&r=g\",\"contentUrl\":\"https:\/\/secure.gravatar.com\/avatar\/a483f747047c1dc1556555639a19986e42d28bda61988c35164221a541236fce?s=96&d=mm&r=g\",\"caption\":\"Polizei Bayern\"},\"sameAs\":[\"http:\/\/www.polizei.bayern.de\"]}]}<\/script>\n<!-- \/ Yoast SEO plugin. -->","yoast_head_json":{"title":"Bei Brand in Recyclingbetrieb \u2013 Produktionshalle ausgebrannt und teilweise eingest\u00fcrzt \u2013 bislang keine Verletzten","description":"W\u00dcRZBURG\/UNTERD\u00dcRRBACH. Beim zweiten Brand in einem Recyclingbetrieb im Neuen Hafen innerhalb weniger Tage ist am Samstagabend die H\u00e4lfte einer Produktionshalle ausgebrannt und teilweise eingest\u00fcrzt. Verletzt wurde gl\u00fccklicherweise niemand. Zahlr...","robots":{"index":"index","follow":"follow","max-snippet":"max-snippet:-1","max-image-preview":"max-image-preview:large","max-video-preview":"max-video-preview:-1"},"canonical":"https:\/\/www.prosos.org\/sosvz\/bei-brand-in-recyclingbetrieb-produktionshalle-ausgebrannt-und-teilweise-eingestuerzt-bislang-keine-verletzten-19041.html","og_locale":"de_DE","og_type":"article","og_title":"Bei Brand in Recyclingbetrieb \u2013 Produktionshalle ausgebrannt und teilweise eingest\u00fcrzt \u2013 bislang keine Verletzten","og_description":"W\u00dcRZBURG\/UNTERD\u00dcRRBACH. Beim zweiten Brand in einem Recyclingbetrieb im Neuen Hafen innerhalb weniger Tage ist am Samstagabend die H\u00e4lfte einer Produktionshalle ausgebrannt und teilweise eingest\u00fcrzt. Verletzt wurde gl\u00fccklicherweise niemand. Zahlr...","og_url":"https:\/\/www.prosos.org\/sosvz\/bei-brand-in-recyclingbetrieb-produktionshalle-ausgebrannt-und-teilweise-eingestuerzt-bislang-keine-verletzten-19041.html","og_site_name":"ProSOS - sosVZ","article_published_time":"2013-12-15T13:05:19+00:00","author":"Polizei Bayern","twitter_card":"summary_large_image","twitter_misc":{"Verfasst von":"Polizei Bayern"},"schema":{"@context":"https:\/\/schema.org","@graph":[{"@type":"WebPage","@id":"https:\/\/www.prosos.org\/sosvz\/bei-brand-in-recyclingbetrieb-produktionshalle-ausgebrannt-und-teilweise-eingestuerzt-bislang-keine-verletzten-19041.html","url":"https:\/\/www.prosos.org\/sosvz\/bei-brand-in-recyclingbetrieb-produktionshalle-ausgebrannt-und-teilweise-eingestuerzt-bislang-keine-verletzten-19041.html","name":"Bei Brand in Recyclingbetrieb \u2013 Produktionshalle ausgebrannt und teilweise eingest\u00fcrzt \u2013 bislang keine Verletzten","isPartOf":{"@id":"https:\/\/www.prosos.org\/sosvz\/#website"},"datePublished":"2013-12-15T13:05:19+00:00","author":{"@id":"https:\/\/www.prosos.org\/sosvz\/#\/schema\/person\/fbd66aeac098e28acf1869332c6e55e9"},"description":"W\u00dcRZBURG\/UNTERD\u00dcRRBACH. Beim zweiten Brand in einem Recyclingbetrieb im Neuen Hafen innerhalb weniger Tage ist am Samstagabend die H\u00e4lfte einer Produktionshalle ausgebrannt und teilweise eingest\u00fcrzt. Verletzt wurde gl\u00fccklicherweise niemand. Zahlr...","breadcrumb":{"@id":"https:\/\/www.prosos.org\/sosvz\/bei-brand-in-recyclingbetrieb-produktionshalle-ausgebrannt-und-teilweise-eingestuerzt-bislang-keine-verletzten-19041.html#breadcrumb"},"inLanguage":"de","potentialAction":[{"@type":"ReadAction","target":["https:\/\/www.prosos.org\/sosvz\/bei-brand-in-recyclingbetrieb-produktionshalle-ausgebrannt-und-teilweise-eingestuerzt-bislang-keine-verletzten-19041.html"]}]},{"@type":"BreadcrumbList","@id":"https:\/\/www.prosos.org\/sosvz\/bei-brand-in-recyclingbetrieb-produktionshalle-ausgebrannt-und-teilweise-eingestuerzt-bislang-keine-verletzten-19041.html#breadcrumb","itemListElement":[{"@type":"ListItem","position":1,"name":"Home","item":"https:\/\/www.prosos.org\/sosvz"},{"@type":"ListItem","position":2,"name":"Bei Brand in Recyclingbetrieb \u2013 Produktionshalle ausgebrannt und teilweise eingest\u00fcrzt \u2013 bislang keine Verletzten"}]},{"@type":"WebSite","@id":"https:\/\/www.prosos.org\/sosvz\/#website","url":"https:\/\/www.prosos.org\/sosvz\/","name":"ProSOS - sosVZ","description":"Die Coummunity f\u00fcr Polizei, Feuerwehr, Rettungsdienste und Selbstschutz","potentialAction":[{"@type":"SearchAction","target":{"@type":"EntryPoint","urlTemplate":"https:\/\/www.prosos.org\/sosvz\/?s={search_term_string}"},"query-input":{"@type":"PropertyValueSpecification","valueRequired":true,"valueName":"search_term_string"}}],"inLanguage":"de"},{"@type":"Person","@id":"https:\/\/www.prosos.org\/sosvz\/#\/schema\/person\/fbd66aeac098e28acf1869332c6e55e9","name":"Polizei Bayern","image":{"@type":"ImageObject","inLanguage":"de","@id":"https:\/\/www.prosos.org\/sosvz\/#\/schema\/person\/image\/","url":"https:\/\/secure.gravatar.com\/avatar\/a483f747047c1dc1556555639a19986e42d28bda61988c35164221a541236fce?s=96&d=mm&r=g","contentUrl":"https:\/\/secure.gravatar.com\/avatar\/a483f747047c1dc1556555639a19986e42d28bda61988c35164221a541236fce?s=96&d=mm&r=g","caption":"Polizei Bayern"},"sameAs":["http:\/\/www.polizei.bayern.de"]}]}},"_links":{"self":[{"href":"https:\/\/www.prosos.org\/sosvz\/wp-json\/wp\/v2\/posts\/19041","targetHints":{"allow":["GET"]}}],"collection":[{"href":"https:\/\/www.prosos.org\/sosvz\/wp-json\/wp\/v2\/posts"}],"about":[{"href":"https:\/\/www.prosos.org\/sosvz\/wp-json\/wp\/v2\/types\/post"}],"author":[{"embeddable":true,"href":"https:\/\/www.prosos.org\/sosvz\/wp-json\/wp\/v2\/users\/2"}],"replies":[{"embeddable":true,"href":"https:\/\/www.prosos.org\/sosvz\/wp-json\/wp\/v2\/comments?post=19041"}],"version-history":[{"count":0,"href":"https:\/\/www.prosos.org\/sosvz\/wp-json\/wp\/v2\/posts\/19041\/revisions"}],"wp:attachment":[{"href":"https:\/\/www.prosos.org\/sosvz\/wp-json\/wp\/v2\/media?parent=19041"}],"wp:term":[{"taxonomy":"category","embeddable":true,"href":"https:\/\/www.prosos.org\/sosvz\/wp-json\/wp\/v2\/categories?post=19041"},{"taxonomy":"post_tag","embeddable":true,"href":"https:\/\/www.prosos.org\/sosvz\/wp-json\/wp\/v2\/tags?post=19041"}],"curies":[{"name":"wp","href":"https:\/\/api.w.org\/{rel}","templated":true}]}}