{"id":19055,"date":"2013-12-16T14:53:53","date_gmt":"2013-12-16T13:53:53","guid":{"rendered":"http:\/\/www.prosos.org\/sosvz\/?guid=277c09b99a76a2fd0f0f45697d49d19a"},"modified":"2013-12-16T14:53:53","modified_gmt":"2013-12-16T13:53:53","slug":"nach-brand-in-recyclingbetrieb-sachschaden-mindestens-im-hohen-sechsstelligen-eurobereich-brandursache-weiter-unklar","status":"publish","type":"post","link":"https:\/\/www.prosos.org\/sosvz\/nach-brand-in-recyclingbetrieb-sachschaden-mindestens-im-hohen-sechsstelligen-eurobereich-brandursache-weiter-unklar-19055.html","title":{"rendered":"Nach Brand in Recyclingbetrieb \u2013 Sachschaden  mindestens im hohen sechsstelligen Eurobereich \u2013 Brandursache weiter unklar"},"content":{"rendered":"W\u00dcRZBURG\/UNTERD\u00dcRRBACH. Nach dem Gro\u00dfbrand in einem Recyclingbetrieb dauern die Nachl\u00f6scharbeiten der Feuerwehr im Moment immer noch an. Die Berufsfeuerwehr W\u00fcrzburg ist immer noch mit zehn bis f\u00fcnfzehn Leuten im Einsatz. Dabei waren in den letzten Stunden auch Radlader des Technischen Hilfswerks im Einsatz, die die Halle soweit es m\u00f6glich war, ausr\u00e4umten, damit die Feuerwehr auch an die verbleibenden Glutnester gelangen konnte. \n<p class=\"syndicated-attribution\"><br \/><a target='_blank' href='http:\/\/www.polizei.bayern.de\/unterfranken\/news\/presse\/aktuell\/index.html\/191413'> komplette Meldung auf Polizei Bayern lesen<\/a><br \/><\/p>","protected":false},"excerpt":{"rendered":"<p>W\u00dcRZBURG\/UNTERD\u00dcRRBACH. Nach dem Gro\u00dfbrand in einem Recyclingbetrieb dauern die Nachl\u00f6scharbeiten der Feuerwehr im Moment immer noch an. Die Berufsfeuerwehr W\u00fcrzburg ist immer noch mit zehn bis f\u00fcnfzehn Leuten im Einsatz. Dabei waren in den letzt&#8230;<\/p>\n","protected":false},"author":2,"featured_media":0,"comment_status":"closed","ping_status":"closed","sticky":false,"template":"","format":"standard","meta":{"footnotes":""},"categories":[5],"tags":[],"class_list":["post-19055","post","type-post","status-publish","format-standard","hentry","category-nayern"],"yoast_head":"<!-- This site is optimized with the Yoast SEO plugin v24.9 - https:\/\/yoast.com\/wordpress\/plugins\/seo\/ -->\n<title>Nach Brand in Recyclingbetrieb \u2013 Sachschaden mindestens im hohen sechsstelligen Eurobereich \u2013 Brandursache weiter unklar<\/title>\n<meta name=\"description\" content=\"W\u00dcRZBURG\/UNTERD\u00dcRRBACH. Nach dem Gro\u00dfbrand in einem Recyclingbetrieb dauern die Nachl\u00f6scharbeiten der Feuerwehr im Moment immer noch an. Die Berufsfeuerwehr W\u00fcrzburg ist immer noch mit zehn bis f\u00fcnfzehn Leuten im Einsatz. Dabei waren in den letzt...\" \/>\n<meta name=\"robots\" content=\"index, follow, max-snippet:-1, max-image-preview:large, max-video-preview:-1\" \/>\n<link rel=\"canonical\" href=\"https:\/\/www.prosos.org\/sosvz\/nach-brand-in-recyclingbetrieb-sachschaden-mindestens-im-hohen-sechsstelligen-eurobereich-brandursache-weiter-unklar-19055.html\" \/>\n<meta property=\"og:locale\" content=\"de_DE\" \/>\n<meta property=\"og:type\" content=\"article\" \/>\n<meta property=\"og:title\" content=\"Nach Brand in Recyclingbetrieb \u2013 Sachschaden mindestens im hohen sechsstelligen Eurobereich \u2013 Brandursache weiter unklar\" \/>\n<meta property=\"og:description\" content=\"W\u00dcRZBURG\/UNTERD\u00dcRRBACH. Nach dem Gro\u00dfbrand in einem Recyclingbetrieb dauern die Nachl\u00f6scharbeiten der Feuerwehr im Moment immer noch an. Die Berufsfeuerwehr W\u00fcrzburg ist immer noch mit zehn bis f\u00fcnfzehn Leuten im Einsatz. Dabei waren in den letzt...\" \/>\n<meta property=\"og:url\" content=\"https:\/\/www.prosos.org\/sosvz\/nach-brand-in-recyclingbetrieb-sachschaden-mindestens-im-hohen-sechsstelligen-eurobereich-brandursache-weiter-unklar-19055.html\" \/>\n<meta property=\"og:site_name\" content=\"ProSOS - sosVZ\" \/>\n<meta property=\"article:published_time\" content=\"2013-12-16T13:53:53+00:00\" \/>\n<meta name=\"author\" content=\"Polizei Bayern\" \/>\n<meta name=\"twitter:card\" content=\"summary_large_image\" \/>\n<meta name=\"twitter:label1\" content=\"Verfasst von\" \/>\n\t<meta name=\"twitter:data1\" content=\"Polizei Bayern\" \/>\n<script type=\"application\/ld+json\" class=\"yoast-schema-graph\">{\"@context\":\"https:\/\/schema.org\",\"@graph\":[{\"@type\":\"WebPage\",\"@id\":\"https:\/\/www.prosos.org\/sosvz\/nach-brand-in-recyclingbetrieb-sachschaden-mindestens-im-hohen-sechsstelligen-eurobereich-brandursache-weiter-unklar-19055.html\",\"url\":\"https:\/\/www.prosos.org\/sosvz\/nach-brand-in-recyclingbetrieb-sachschaden-mindestens-im-hohen-sechsstelligen-eurobereich-brandursache-weiter-unklar-19055.html\",\"name\":\"Nach Brand in Recyclingbetrieb \u2013 Sachschaden mindestens im hohen sechsstelligen Eurobereich \u2013 Brandursache weiter unklar\",\"isPartOf\":{\"@id\":\"https:\/\/www.prosos.org\/sosvz\/#website\"},\"datePublished\":\"2013-12-16T13:53:53+00:00\",\"author\":{\"@id\":\"https:\/\/www.prosos.org\/sosvz\/#\/schema\/person\/fbd66aeac098e28acf1869332c6e55e9\"},\"description\":\"W\u00dcRZBURG\/UNTERD\u00dcRRBACH. Nach dem Gro\u00dfbrand in einem Recyclingbetrieb dauern die Nachl\u00f6scharbeiten der Feuerwehr im Moment immer noch an. Die Berufsfeuerwehr W\u00fcrzburg ist immer noch mit zehn bis f\u00fcnfzehn Leuten im Einsatz. Dabei waren in den letzt...\",\"breadcrumb\":{\"@id\":\"https:\/\/www.prosos.org\/sosvz\/nach-brand-in-recyclingbetrieb-sachschaden-mindestens-im-hohen-sechsstelligen-eurobereich-brandursache-weiter-unklar-19055.html#breadcrumb\"},\"inLanguage\":\"de\",\"potentialAction\":[{\"@type\":\"ReadAction\",\"target\":[\"https:\/\/www.prosos.org\/sosvz\/nach-brand-in-recyclingbetrieb-sachschaden-mindestens-im-hohen-sechsstelligen-eurobereich-brandursache-weiter-unklar-19055.html\"]}]},{\"@type\":\"BreadcrumbList\",\"@id\":\"https:\/\/www.prosos.org\/sosvz\/nach-brand-in-recyclingbetrieb-sachschaden-mindestens-im-hohen-sechsstelligen-eurobereich-brandursache-weiter-unklar-19055.html#breadcrumb\",\"itemListElement\":[{\"@type\":\"ListItem\",\"position\":1,\"name\":\"Home\",\"item\":\"https:\/\/www.prosos.org\/sosvz\"},{\"@type\":\"ListItem\",\"position\":2,\"name\":\"Nach Brand in Recyclingbetrieb \u2013 Sachschaden mindestens im hohen sechsstelligen Eurobereich \u2013 Brandursache weiter unklar\"}]},{\"@type\":\"WebSite\",\"@id\":\"https:\/\/www.prosos.org\/sosvz\/#website\",\"url\":\"https:\/\/www.prosos.org\/sosvz\/\",\"name\":\"ProSOS - sosVZ\",\"description\":\"Die Coummunity f\u00fcr Polizei, Feuerwehr, Rettungsdienste und Selbstschutz\",\"potentialAction\":[{\"@type\":\"SearchAction\",\"target\":{\"@type\":\"EntryPoint\",\"urlTemplate\":\"https:\/\/www.prosos.org\/sosvz\/?s={search_term_string}\"},\"query-input\":{\"@type\":\"PropertyValueSpecification\",\"valueRequired\":true,\"valueName\":\"search_term_string\"}}],\"inLanguage\":\"de\"},{\"@type\":\"Person\",\"@id\":\"https:\/\/www.prosos.org\/sosvz\/#\/schema\/person\/fbd66aeac098e28acf1869332c6e55e9\",\"name\":\"Polizei Bayern\",\"image\":{\"@type\":\"ImageObject\",\"inLanguage\":\"de\",\"@id\":\"https:\/\/www.prosos.org\/sosvz\/#\/schema\/person\/image\/\",\"url\":\"https:\/\/secure.gravatar.com\/avatar\/a483f747047c1dc1556555639a19986e42d28bda61988c35164221a541236fce?s=96&d=mm&r=g\",\"contentUrl\":\"https:\/\/secure.gravatar.com\/avatar\/a483f747047c1dc1556555639a19986e42d28bda61988c35164221a541236fce?s=96&d=mm&r=g\",\"caption\":\"Polizei Bayern\"},\"sameAs\":[\"http:\/\/www.polizei.bayern.de\"]}]}<\/script>\n<!-- \/ Yoast SEO plugin. -->","yoast_head_json":{"title":"Nach Brand in Recyclingbetrieb \u2013 Sachschaden mindestens im hohen sechsstelligen Eurobereich \u2013 Brandursache weiter unklar","description":"W\u00dcRZBURG\/UNTERD\u00dcRRBACH. Nach dem Gro\u00dfbrand in einem Recyclingbetrieb dauern die Nachl\u00f6scharbeiten der Feuerwehr im Moment immer noch an. Die Berufsfeuerwehr W\u00fcrzburg ist immer noch mit zehn bis f\u00fcnfzehn Leuten im Einsatz. Dabei waren in den letzt...","robots":{"index":"index","follow":"follow","max-snippet":"max-snippet:-1","max-image-preview":"max-image-preview:large","max-video-preview":"max-video-preview:-1"},"canonical":"https:\/\/www.prosos.org\/sosvz\/nach-brand-in-recyclingbetrieb-sachschaden-mindestens-im-hohen-sechsstelligen-eurobereich-brandursache-weiter-unklar-19055.html","og_locale":"de_DE","og_type":"article","og_title":"Nach Brand in Recyclingbetrieb \u2013 Sachschaden mindestens im hohen sechsstelligen Eurobereich \u2013 Brandursache weiter unklar","og_description":"W\u00dcRZBURG\/UNTERD\u00dcRRBACH. Nach dem Gro\u00dfbrand in einem Recyclingbetrieb dauern die Nachl\u00f6scharbeiten der Feuerwehr im Moment immer noch an. Die Berufsfeuerwehr W\u00fcrzburg ist immer noch mit zehn bis f\u00fcnfzehn Leuten im Einsatz. Dabei waren in den letzt...","og_url":"https:\/\/www.prosos.org\/sosvz\/nach-brand-in-recyclingbetrieb-sachschaden-mindestens-im-hohen-sechsstelligen-eurobereich-brandursache-weiter-unklar-19055.html","og_site_name":"ProSOS - sosVZ","article_published_time":"2013-12-16T13:53:53+00:00","author":"Polizei Bayern","twitter_card":"summary_large_image","twitter_misc":{"Verfasst von":"Polizei Bayern"},"schema":{"@context":"https:\/\/schema.org","@graph":[{"@type":"WebPage","@id":"https:\/\/www.prosos.org\/sosvz\/nach-brand-in-recyclingbetrieb-sachschaden-mindestens-im-hohen-sechsstelligen-eurobereich-brandursache-weiter-unklar-19055.html","url":"https:\/\/www.prosos.org\/sosvz\/nach-brand-in-recyclingbetrieb-sachschaden-mindestens-im-hohen-sechsstelligen-eurobereich-brandursache-weiter-unklar-19055.html","name":"Nach Brand in Recyclingbetrieb \u2013 Sachschaden mindestens im hohen sechsstelligen Eurobereich \u2013 Brandursache weiter unklar","isPartOf":{"@id":"https:\/\/www.prosos.org\/sosvz\/#website"},"datePublished":"2013-12-16T13:53:53+00:00","author":{"@id":"https:\/\/www.prosos.org\/sosvz\/#\/schema\/person\/fbd66aeac098e28acf1869332c6e55e9"},"description":"W\u00dcRZBURG\/UNTERD\u00dcRRBACH. Nach dem Gro\u00dfbrand in einem Recyclingbetrieb dauern die Nachl\u00f6scharbeiten der Feuerwehr im Moment immer noch an. Die Berufsfeuerwehr W\u00fcrzburg ist immer noch mit zehn bis f\u00fcnfzehn Leuten im Einsatz. Dabei waren in den letzt...","breadcrumb":{"@id":"https:\/\/www.prosos.org\/sosvz\/nach-brand-in-recyclingbetrieb-sachschaden-mindestens-im-hohen-sechsstelligen-eurobereich-brandursache-weiter-unklar-19055.html#breadcrumb"},"inLanguage":"de","potentialAction":[{"@type":"ReadAction","target":["https:\/\/www.prosos.org\/sosvz\/nach-brand-in-recyclingbetrieb-sachschaden-mindestens-im-hohen-sechsstelligen-eurobereich-brandursache-weiter-unklar-19055.html"]}]},{"@type":"BreadcrumbList","@id":"https:\/\/www.prosos.org\/sosvz\/nach-brand-in-recyclingbetrieb-sachschaden-mindestens-im-hohen-sechsstelligen-eurobereich-brandursache-weiter-unklar-19055.html#breadcrumb","itemListElement":[{"@type":"ListItem","position":1,"name":"Home","item":"https:\/\/www.prosos.org\/sosvz"},{"@type":"ListItem","position":2,"name":"Nach Brand in Recyclingbetrieb \u2013 Sachschaden mindestens im hohen sechsstelligen Eurobereich \u2013 Brandursache weiter unklar"}]},{"@type":"WebSite","@id":"https:\/\/www.prosos.org\/sosvz\/#website","url":"https:\/\/www.prosos.org\/sosvz\/","name":"ProSOS - sosVZ","description":"Die Coummunity f\u00fcr Polizei, Feuerwehr, Rettungsdienste und Selbstschutz","potentialAction":[{"@type":"SearchAction","target":{"@type":"EntryPoint","urlTemplate":"https:\/\/www.prosos.org\/sosvz\/?s={search_term_string}"},"query-input":{"@type":"PropertyValueSpecification","valueRequired":true,"valueName":"search_term_string"}}],"inLanguage":"de"},{"@type":"Person","@id":"https:\/\/www.prosos.org\/sosvz\/#\/schema\/person\/fbd66aeac098e28acf1869332c6e55e9","name":"Polizei Bayern","image":{"@type":"ImageObject","inLanguage":"de","@id":"https:\/\/www.prosos.org\/sosvz\/#\/schema\/person\/image\/","url":"https:\/\/secure.gravatar.com\/avatar\/a483f747047c1dc1556555639a19986e42d28bda61988c35164221a541236fce?s=96&d=mm&r=g","contentUrl":"https:\/\/secure.gravatar.com\/avatar\/a483f747047c1dc1556555639a19986e42d28bda61988c35164221a541236fce?s=96&d=mm&r=g","caption":"Polizei Bayern"},"sameAs":["http:\/\/www.polizei.bayern.de"]}]}},"_links":{"self":[{"href":"https:\/\/www.prosos.org\/sosvz\/wp-json\/wp\/v2\/posts\/19055","targetHints":{"allow":["GET"]}}],"collection":[{"href":"https:\/\/www.prosos.org\/sosvz\/wp-json\/wp\/v2\/posts"}],"about":[{"href":"https:\/\/www.prosos.org\/sosvz\/wp-json\/wp\/v2\/types\/post"}],"author":[{"embeddable":true,"href":"https:\/\/www.prosos.org\/sosvz\/wp-json\/wp\/v2\/users\/2"}],"replies":[{"embeddable":true,"href":"https:\/\/www.prosos.org\/sosvz\/wp-json\/wp\/v2\/comments?post=19055"}],"version-history":[{"count":0,"href":"https:\/\/www.prosos.org\/sosvz\/wp-json\/wp\/v2\/posts\/19055\/revisions"}],"wp:attachment":[{"href":"https:\/\/www.prosos.org\/sosvz\/wp-json\/wp\/v2\/media?parent=19055"}],"wp:term":[{"taxonomy":"category","embeddable":true,"href":"https:\/\/www.prosos.org\/sosvz\/wp-json\/wp\/v2\/categories?post=19055"},{"taxonomy":"post_tag","embeddable":true,"href":"https:\/\/www.prosos.org\/sosvz\/wp-json\/wp\/v2\/tags?post=19055"}],"curies":[{"name":"wp","href":"https:\/\/api.w.org\/{rel}","templated":true}]}}