{"id":30467,"date":"2016-02-21T02:30:04","date_gmt":"2016-02-21T01:30:04","guid":{"rendered":"http:\/\/www.prosos.org\/sosvz\/?guid=29fd7aaee86d66d74f33115b171d621b"},"modified":"2016-02-21T02:30:04","modified_gmt":"2016-02-21T01:30:04","slug":"77-jaehriger-fussgaenger-erliegt-nach-verkehrsunfall-im-krankenhaus-seinen-schweren-verletzungen","status":"publish","type":"post","link":"https:\/\/www.prosos.org\/sosvz\/77-jaehriger-fussgaenger-erliegt-nach-verkehrsunfall-im-krankenhaus-seinen-schweren-verletzungen-30467.html","title":{"rendered":"77-j\u00e4hriger Fu\u00dfg\u00e4nger erliegt nach Verkehrsunfall im Krankenhaus seinen schweren Verletzungen"},"content":{"rendered":"SULZBACH-ROSENBERG. Landkreis Amberg Sulzbach. Ein 77-j\u00e4hriger Fu\u00dfg\u00e4nger wurde beim \u00dcberqueren der Fahrbahn von einem Pkw erfasst und schwer verletzt. Am fr\u00fchen Samstagmorgen erlag der Mann seinen Verletzungen im Krankenhaus.\nAm Freitagabend gegen 22:20 \u00fcberquerte ein Fu\u00dfg\u00e4nger vom Eislaufplatz her kommend im Kreuzungsbereich die Rosenbachstra\u00dfe in Richtung Sulzbacher-Stra\u00dfe. Dabei \u00fcbersah der Fu\u00dfg\u00e4nger ein Fahrzeug welches sich aus Richtung Rosenberg her n\u00e4herte und in Richtung Stadtmitte fuhr. Der Fahrzeugf\u00fchrer, der den dunkel gekleideten Fu\u00dfg\u00e4nger erst im letzten Moment erkannte, wich noch nach rechts aus, konnte aber einen Zusammenprall nicht mehr verhindern. Dabei zog sich der 77-j\u00e4hrige Sulzbach-Rosenberger schwere Verletzungen im Beckenbereich zu. Er musste zur Behandlung ins Klinikum St. Anna in Sulzbach-Rosenberg verbracht werden. Am fr\u00fchen Samstagmorgen teilte das Krankenhaus mit, dass der Mann seinen schweren Verletzungen erlegen sei. \nDer 45-j\u00e4hrige Fahrzeugf\u00fchrer blieb bei dem Unfall unverletzt.\n\nDer Vollst\u00e4ndigkeit halber sei noch erw\u00e4hnt, dass am Pkw im linken Frontbereich ein Schaden von ca. 1 000 Euro entstand.\n\nMit der Kl\u00e4rung des genauen Unfallhergangs wurde von der Staatsanwaltschaft ein Gutachter beauftragt.\n\nMedienkontakt:, Polizeipr\u00e4sidium Oberpfalz, Einsatzzentrale, \nTel: 0941\/506-1410\nVer\u00f6ffentlicht am 20.02.2016, um 11:25 Uhr\n<p class=\"syndicated-attribution\"><br \/><a target='_blank' href='http:\/\/www.polizei.bayern.de\/oberpfalz\/news\/presse\/aktuell\/index.html\/236838'> komplette Meldung auf Polizei Bayern lesen<\/a><br \/><\/p>","protected":false},"excerpt":{"rendered":"<p>SULZBACH-ROSENBERG. Landkreis Amberg Sulzbach. Ein 77-j\u00e4hriger Fu\u00dfg\u00e4nger wurde beim \u00dcberqueren der Fahrbahn von einem Pkw erfasst und schwer verletzt. Am fr\u00fchen Samstagmorgen erlag der Mann seinen Verletzungen im Krankenhaus.<br \/>\nAm Freitagabend gegen&#8230;<\/p>\n","protected":false},"author":2,"featured_media":0,"comment_status":"closed","ping_status":"closed","sticky":false,"template":"","format":"standard","meta":{"footnotes":""},"categories":[5],"tags":[],"class_list":["post-30467","post","type-post","status-publish","format-standard","hentry","category-nayern"],"yoast_head":"<!-- This site is optimized with the Yoast SEO plugin v24.9 - https:\/\/yoast.com\/wordpress\/plugins\/seo\/ -->\n<title>77-j\u00e4hriger Fu\u00dfg\u00e4nger erliegt nach Verkehrsunfall im Krankenhaus seinen schweren Verletzungen<\/title>\n<meta name=\"description\" content=\"SULZBACH-ROSENBERG. Landkreis Amberg Sulzbach. Ein 77-j\u00e4hriger Fu\u00dfg\u00e4nger wurde beim \u00dcberqueren der Fahrbahn von einem Pkw erfasst und schwer verletzt. Am fr\u00fchen Samstagmorgen erlag der Mann seinen Verletzungen im Krankenhaus. Am Freitagabend gegen...\" \/>\n<meta name=\"robots\" content=\"index, follow, max-snippet:-1, max-image-preview:large, max-video-preview:-1\" \/>\n<link rel=\"canonical\" href=\"https:\/\/www.prosos.org\/sosvz\/77-jaehriger-fussgaenger-erliegt-nach-verkehrsunfall-im-krankenhaus-seinen-schweren-verletzungen-30467.html\" \/>\n<meta property=\"og:locale\" content=\"de_DE\" \/>\n<meta property=\"og:type\" content=\"article\" \/>\n<meta property=\"og:title\" content=\"77-j\u00e4hriger Fu\u00dfg\u00e4nger erliegt nach Verkehrsunfall im Krankenhaus seinen schweren Verletzungen\" \/>\n<meta property=\"og:description\" content=\"SULZBACH-ROSENBERG. Landkreis Amberg Sulzbach. Ein 77-j\u00e4hriger Fu\u00dfg\u00e4nger wurde beim \u00dcberqueren der Fahrbahn von einem Pkw erfasst und schwer verletzt. Am fr\u00fchen Samstagmorgen erlag der Mann seinen Verletzungen im Krankenhaus. Am Freitagabend gegen...\" \/>\n<meta property=\"og:url\" content=\"https:\/\/www.prosos.org\/sosvz\/77-jaehriger-fussgaenger-erliegt-nach-verkehrsunfall-im-krankenhaus-seinen-schweren-verletzungen-30467.html\" \/>\n<meta property=\"og:site_name\" content=\"ProSOS - sosVZ\" \/>\n<meta property=\"article:published_time\" content=\"2016-02-21T01:30:04+00:00\" \/>\n<meta name=\"author\" content=\"Polizei Bayern\" \/>\n<meta name=\"twitter:card\" content=\"summary_large_image\" \/>\n<meta name=\"twitter:label1\" content=\"Verfasst von\" \/>\n\t<meta name=\"twitter:data1\" content=\"Polizei Bayern\" \/>\n\t<meta name=\"twitter:label2\" content=\"Gesch\u00e4tzte Lesezeit\" \/>\n\t<meta name=\"twitter:data2\" content=\"1\u00a0Minute\" \/>\n<script type=\"application\/ld+json\" class=\"yoast-schema-graph\">{\"@context\":\"https:\/\/schema.org\",\"@graph\":[{\"@type\":\"WebPage\",\"@id\":\"https:\/\/www.prosos.org\/sosvz\/77-jaehriger-fussgaenger-erliegt-nach-verkehrsunfall-im-krankenhaus-seinen-schweren-verletzungen-30467.html\",\"url\":\"https:\/\/www.prosos.org\/sosvz\/77-jaehriger-fussgaenger-erliegt-nach-verkehrsunfall-im-krankenhaus-seinen-schweren-verletzungen-30467.html\",\"name\":\"77-j\u00e4hriger Fu\u00dfg\u00e4nger erliegt nach Verkehrsunfall im Krankenhaus seinen schweren Verletzungen\",\"isPartOf\":{\"@id\":\"https:\/\/www.prosos.org\/sosvz\/#website\"},\"datePublished\":\"2016-02-21T01:30:04+00:00\",\"author\":{\"@id\":\"https:\/\/www.prosos.org\/sosvz\/#\/schema\/person\/fbd66aeac098e28acf1869332c6e55e9\"},\"description\":\"SULZBACH-ROSENBERG. Landkreis Amberg Sulzbach. Ein 77-j\u00e4hriger Fu\u00dfg\u00e4nger wurde beim \u00dcberqueren der Fahrbahn von einem Pkw erfasst und schwer verletzt. Am fr\u00fchen Samstagmorgen erlag der Mann seinen Verletzungen im Krankenhaus. Am Freitagabend gegen...\",\"breadcrumb\":{\"@id\":\"https:\/\/www.prosos.org\/sosvz\/77-jaehriger-fussgaenger-erliegt-nach-verkehrsunfall-im-krankenhaus-seinen-schweren-verletzungen-30467.html#breadcrumb\"},\"inLanguage\":\"de\",\"potentialAction\":[{\"@type\":\"ReadAction\",\"target\":[\"https:\/\/www.prosos.org\/sosvz\/77-jaehriger-fussgaenger-erliegt-nach-verkehrsunfall-im-krankenhaus-seinen-schweren-verletzungen-30467.html\"]}]},{\"@type\":\"BreadcrumbList\",\"@id\":\"https:\/\/www.prosos.org\/sosvz\/77-jaehriger-fussgaenger-erliegt-nach-verkehrsunfall-im-krankenhaus-seinen-schweren-verletzungen-30467.html#breadcrumb\",\"itemListElement\":[{\"@type\":\"ListItem\",\"position\":1,\"name\":\"Home\",\"item\":\"https:\/\/www.prosos.org\/sosvz\"},{\"@type\":\"ListItem\",\"position\":2,\"name\":\"77-j\u00e4hriger Fu\u00dfg\u00e4nger erliegt nach Verkehrsunfall im Krankenhaus seinen schweren Verletzungen\"}]},{\"@type\":\"WebSite\",\"@id\":\"https:\/\/www.prosos.org\/sosvz\/#website\",\"url\":\"https:\/\/www.prosos.org\/sosvz\/\",\"name\":\"ProSOS - sosVZ\",\"description\":\"Die Coummunity f\u00fcr Polizei, Feuerwehr, Rettungsdienste und Selbstschutz\",\"potentialAction\":[{\"@type\":\"SearchAction\",\"target\":{\"@type\":\"EntryPoint\",\"urlTemplate\":\"https:\/\/www.prosos.org\/sosvz\/?s={search_term_string}\"},\"query-input\":{\"@type\":\"PropertyValueSpecification\",\"valueRequired\":true,\"valueName\":\"search_term_string\"}}],\"inLanguage\":\"de\"},{\"@type\":\"Person\",\"@id\":\"https:\/\/www.prosos.org\/sosvz\/#\/schema\/person\/fbd66aeac098e28acf1869332c6e55e9\",\"name\":\"Polizei Bayern\",\"image\":{\"@type\":\"ImageObject\",\"inLanguage\":\"de\",\"@id\":\"https:\/\/www.prosos.org\/sosvz\/#\/schema\/person\/image\/\",\"url\":\"https:\/\/secure.gravatar.com\/avatar\/a483f747047c1dc1556555639a19986e42d28bda61988c35164221a541236fce?s=96&d=mm&r=g\",\"contentUrl\":\"https:\/\/secure.gravatar.com\/avatar\/a483f747047c1dc1556555639a19986e42d28bda61988c35164221a541236fce?s=96&d=mm&r=g\",\"caption\":\"Polizei Bayern\"},\"sameAs\":[\"http:\/\/www.polizei.bayern.de\"]}]}<\/script>\n<!-- \/ Yoast SEO plugin. -->","yoast_head_json":{"title":"77-j\u00e4hriger Fu\u00dfg\u00e4nger erliegt nach Verkehrsunfall im Krankenhaus seinen schweren Verletzungen","description":"SULZBACH-ROSENBERG. Landkreis Amberg Sulzbach. Ein 77-j\u00e4hriger Fu\u00dfg\u00e4nger wurde beim \u00dcberqueren der Fahrbahn von einem Pkw erfasst und schwer verletzt. Am fr\u00fchen Samstagmorgen erlag der Mann seinen Verletzungen im Krankenhaus. Am Freitagabend gegen...","robots":{"index":"index","follow":"follow","max-snippet":"max-snippet:-1","max-image-preview":"max-image-preview:large","max-video-preview":"max-video-preview:-1"},"canonical":"https:\/\/www.prosos.org\/sosvz\/77-jaehriger-fussgaenger-erliegt-nach-verkehrsunfall-im-krankenhaus-seinen-schweren-verletzungen-30467.html","og_locale":"de_DE","og_type":"article","og_title":"77-j\u00e4hriger Fu\u00dfg\u00e4nger erliegt nach Verkehrsunfall im Krankenhaus seinen schweren Verletzungen","og_description":"SULZBACH-ROSENBERG. Landkreis Amberg Sulzbach. Ein 77-j\u00e4hriger Fu\u00dfg\u00e4nger wurde beim \u00dcberqueren der Fahrbahn von einem Pkw erfasst und schwer verletzt. Am fr\u00fchen Samstagmorgen erlag der Mann seinen Verletzungen im Krankenhaus. Am Freitagabend gegen...","og_url":"https:\/\/www.prosos.org\/sosvz\/77-jaehriger-fussgaenger-erliegt-nach-verkehrsunfall-im-krankenhaus-seinen-schweren-verletzungen-30467.html","og_site_name":"ProSOS - sosVZ","article_published_time":"2016-02-21T01:30:04+00:00","author":"Polizei Bayern","twitter_card":"summary_large_image","twitter_misc":{"Verfasst von":"Polizei Bayern","Gesch\u00e4tzte Lesezeit":"1\u00a0Minute"},"schema":{"@context":"https:\/\/schema.org","@graph":[{"@type":"WebPage","@id":"https:\/\/www.prosos.org\/sosvz\/77-jaehriger-fussgaenger-erliegt-nach-verkehrsunfall-im-krankenhaus-seinen-schweren-verletzungen-30467.html","url":"https:\/\/www.prosos.org\/sosvz\/77-jaehriger-fussgaenger-erliegt-nach-verkehrsunfall-im-krankenhaus-seinen-schweren-verletzungen-30467.html","name":"77-j\u00e4hriger Fu\u00dfg\u00e4nger erliegt nach Verkehrsunfall im Krankenhaus seinen schweren Verletzungen","isPartOf":{"@id":"https:\/\/www.prosos.org\/sosvz\/#website"},"datePublished":"2016-02-21T01:30:04+00:00","author":{"@id":"https:\/\/www.prosos.org\/sosvz\/#\/schema\/person\/fbd66aeac098e28acf1869332c6e55e9"},"description":"SULZBACH-ROSENBERG. Landkreis Amberg Sulzbach. Ein 77-j\u00e4hriger Fu\u00dfg\u00e4nger wurde beim \u00dcberqueren der Fahrbahn von einem Pkw erfasst und schwer verletzt. Am fr\u00fchen Samstagmorgen erlag der Mann seinen Verletzungen im Krankenhaus. Am Freitagabend gegen...","breadcrumb":{"@id":"https:\/\/www.prosos.org\/sosvz\/77-jaehriger-fussgaenger-erliegt-nach-verkehrsunfall-im-krankenhaus-seinen-schweren-verletzungen-30467.html#breadcrumb"},"inLanguage":"de","potentialAction":[{"@type":"ReadAction","target":["https:\/\/www.prosos.org\/sosvz\/77-jaehriger-fussgaenger-erliegt-nach-verkehrsunfall-im-krankenhaus-seinen-schweren-verletzungen-30467.html"]}]},{"@type":"BreadcrumbList","@id":"https:\/\/www.prosos.org\/sosvz\/77-jaehriger-fussgaenger-erliegt-nach-verkehrsunfall-im-krankenhaus-seinen-schweren-verletzungen-30467.html#breadcrumb","itemListElement":[{"@type":"ListItem","position":1,"name":"Home","item":"https:\/\/www.prosos.org\/sosvz"},{"@type":"ListItem","position":2,"name":"77-j\u00e4hriger Fu\u00dfg\u00e4nger erliegt nach Verkehrsunfall im Krankenhaus seinen schweren Verletzungen"}]},{"@type":"WebSite","@id":"https:\/\/www.prosos.org\/sosvz\/#website","url":"https:\/\/www.prosos.org\/sosvz\/","name":"ProSOS - sosVZ","description":"Die Coummunity f\u00fcr Polizei, Feuerwehr, Rettungsdienste und Selbstschutz","potentialAction":[{"@type":"SearchAction","target":{"@type":"EntryPoint","urlTemplate":"https:\/\/www.prosos.org\/sosvz\/?s={search_term_string}"},"query-input":{"@type":"PropertyValueSpecification","valueRequired":true,"valueName":"search_term_string"}}],"inLanguage":"de"},{"@type":"Person","@id":"https:\/\/www.prosos.org\/sosvz\/#\/schema\/person\/fbd66aeac098e28acf1869332c6e55e9","name":"Polizei Bayern","image":{"@type":"ImageObject","inLanguage":"de","@id":"https:\/\/www.prosos.org\/sosvz\/#\/schema\/person\/image\/","url":"https:\/\/secure.gravatar.com\/avatar\/a483f747047c1dc1556555639a19986e42d28bda61988c35164221a541236fce?s=96&d=mm&r=g","contentUrl":"https:\/\/secure.gravatar.com\/avatar\/a483f747047c1dc1556555639a19986e42d28bda61988c35164221a541236fce?s=96&d=mm&r=g","caption":"Polizei Bayern"},"sameAs":["http:\/\/www.polizei.bayern.de"]}]}},"_links":{"self":[{"href":"https:\/\/www.prosos.org\/sosvz\/wp-json\/wp\/v2\/posts\/30467","targetHints":{"allow":["GET"]}}],"collection":[{"href":"https:\/\/www.prosos.org\/sosvz\/wp-json\/wp\/v2\/posts"}],"about":[{"href":"https:\/\/www.prosos.org\/sosvz\/wp-json\/wp\/v2\/types\/post"}],"author":[{"embeddable":true,"href":"https:\/\/www.prosos.org\/sosvz\/wp-json\/wp\/v2\/users\/2"}],"replies":[{"embeddable":true,"href":"https:\/\/www.prosos.org\/sosvz\/wp-json\/wp\/v2\/comments?post=30467"}],"version-history":[{"count":1,"href":"https:\/\/www.prosos.org\/sosvz\/wp-json\/wp\/v2\/posts\/30467\/revisions"}],"predecessor-version":[{"id":30468,"href":"https:\/\/www.prosos.org\/sosvz\/wp-json\/wp\/v2\/posts\/30467\/revisions\/30468"}],"wp:attachment":[{"href":"https:\/\/www.prosos.org\/sosvz\/wp-json\/wp\/v2\/media?parent=30467"}],"wp:term":[{"taxonomy":"category","embeddable":true,"href":"https:\/\/www.prosos.org\/sosvz\/wp-json\/wp\/v2\/categories?post=30467"},{"taxonomy":"post_tag","embeddable":true,"href":"https:\/\/www.prosos.org\/sosvz\/wp-json\/wp\/v2\/tags?post=30467"}],"curies":[{"name":"wp","href":"https:\/\/api.w.org\/{rel}","templated":true}]}}