{"id":30471,"date":"2016-02-21T02:30:04","date_gmt":"2016-02-21T01:30:04","guid":{"rendered":"http:\/\/www.prosos.org\/sosvz\/?guid=8b0ea241b0d379e25f71f54505517953"},"modified":"2016-02-21T02:30:04","modified_gmt":"2016-02-21T01:30:04","slug":"spiegelglatte-fahrbahn-streufahrzeug-kommt-von-fahrbahn-ab-und-ueberschlaegt-sich-34-jaehriger-schwer-verletzt","status":"publish","type":"post","link":"https:\/\/www.prosos.org\/sosvz\/spiegelglatte-fahrbahn-streufahrzeug-kommt-von-fahrbahn-ab-und-ueberschlaegt-sich-34-jaehriger-schwer-verletzt-30471.html","title":{"rendered":"Spiegelglatte Fahrbahn \u2013 Streufahrzeug kommt von Fahrbahn ab und \u00fcberschl\u00e4gt sich \u2013 34-J\u00e4hriger schwer verletzt"},"content":{"rendered":"JOHANNESBERG, LKR. ASCHAFFENBURG. Auf spiegelglatter Fahrbahn hat der Fahrer eines Streufahrzeuges am Samstagmorgen die Kontrolle \u00fcber sein Gef\u00e4hrt verloren. Er kam von der Fahrbahn ab, \u00fcberschlug sich und war in dem Lastwagen eingeklemmt. Schwer verletzt brachte ihn letztlich der Rettungsdienst in eine Klinik.\n<p class=\"syndicated-attribution\"><br \/><a target='_blank' href='http:\/\/www.polizei.bayern.de\/unterfranken\/news\/presse\/aktuell\/index.html\/236826'> komplette Meldung auf Polizei Bayern lesen<\/a><br \/><\/p>","protected":false},"excerpt":{"rendered":"<p>JOHANNESBERG, LKR. ASCHAFFENBURG. Auf spiegelglatter Fahrbahn hat der Fahrer eines Streufahrzeuges am Samstagmorgen die Kontrolle \u00fcber sein Gef\u00e4hrt verloren. Er kam von der Fahrbahn ab, \u00fcberschlug sich und war in dem Lastwagen eingeklemmt. Schwer ve&#8230;<\/p>\n","protected":false},"author":2,"featured_media":0,"comment_status":"closed","ping_status":"closed","sticky":false,"template":"","format":"standard","meta":{"footnotes":""},"categories":[5],"tags":[],"class_list":["post-30471","post","type-post","status-publish","format-standard","hentry","category-nayern"],"yoast_head":"<!-- This site is optimized with the Yoast SEO plugin v24.9 - https:\/\/yoast.com\/wordpress\/plugins\/seo\/ -->\n<title>Spiegelglatte Fahrbahn \u2013 Streufahrzeug kommt von Fahrbahn ab und \u00fcberschl\u00e4gt sich \u2013 34-J\u00e4hriger schwer verletzt<\/title>\n<meta name=\"description\" content=\"JOHANNESBERG, LKR. ASCHAFFENBURG. Auf spiegelglatter Fahrbahn hat der Fahrer eines Streufahrzeuges am Samstagmorgen die Kontrolle \u00fcber sein Gef\u00e4hrt verloren. Er kam von der Fahrbahn ab, \u00fcberschlug sich und war in dem Lastwagen eingeklemmt. Schwer ve...\" \/>\n<meta name=\"robots\" content=\"index, follow, max-snippet:-1, max-image-preview:large, max-video-preview:-1\" \/>\n<link rel=\"canonical\" href=\"https:\/\/www.prosos.org\/sosvz\/spiegelglatte-fahrbahn-streufahrzeug-kommt-von-fahrbahn-ab-und-ueberschlaegt-sich-34-jaehriger-schwer-verletzt-30471.html\" \/>\n<meta property=\"og:locale\" content=\"de_DE\" \/>\n<meta property=\"og:type\" content=\"article\" \/>\n<meta property=\"og:title\" content=\"Spiegelglatte Fahrbahn \u2013 Streufahrzeug kommt von Fahrbahn ab und \u00fcberschl\u00e4gt sich \u2013 34-J\u00e4hriger schwer verletzt\" \/>\n<meta property=\"og:description\" content=\"JOHANNESBERG, LKR. ASCHAFFENBURG. Auf spiegelglatter Fahrbahn hat der Fahrer eines Streufahrzeuges am Samstagmorgen die Kontrolle \u00fcber sein Gef\u00e4hrt verloren. Er kam von der Fahrbahn ab, \u00fcberschlug sich und war in dem Lastwagen eingeklemmt. Schwer ve...\" \/>\n<meta property=\"og:url\" content=\"https:\/\/www.prosos.org\/sosvz\/spiegelglatte-fahrbahn-streufahrzeug-kommt-von-fahrbahn-ab-und-ueberschlaegt-sich-34-jaehriger-schwer-verletzt-30471.html\" \/>\n<meta property=\"og:site_name\" content=\"ProSOS - sosVZ\" \/>\n<meta property=\"article:published_time\" content=\"2016-02-21T01:30:04+00:00\" \/>\n<meta name=\"author\" content=\"Polizei Bayern\" \/>\n<meta name=\"twitter:card\" content=\"summary_large_image\" \/>\n<meta name=\"twitter:label1\" content=\"Verfasst von\" \/>\n\t<meta name=\"twitter:data1\" content=\"Polizei Bayern\" \/>\n<script type=\"application\/ld+json\" class=\"yoast-schema-graph\">{\"@context\":\"https:\/\/schema.org\",\"@graph\":[{\"@type\":\"WebPage\",\"@id\":\"https:\/\/www.prosos.org\/sosvz\/spiegelglatte-fahrbahn-streufahrzeug-kommt-von-fahrbahn-ab-und-ueberschlaegt-sich-34-jaehriger-schwer-verletzt-30471.html\",\"url\":\"https:\/\/www.prosos.org\/sosvz\/spiegelglatte-fahrbahn-streufahrzeug-kommt-von-fahrbahn-ab-und-ueberschlaegt-sich-34-jaehriger-schwer-verletzt-30471.html\",\"name\":\"Spiegelglatte Fahrbahn \u2013 Streufahrzeug kommt von Fahrbahn ab und \u00fcberschl\u00e4gt sich \u2013 34-J\u00e4hriger schwer verletzt\",\"isPartOf\":{\"@id\":\"https:\/\/www.prosos.org\/sosvz\/#website\"},\"datePublished\":\"2016-02-21T01:30:04+00:00\",\"author\":{\"@id\":\"https:\/\/www.prosos.org\/sosvz\/#\/schema\/person\/fbd66aeac098e28acf1869332c6e55e9\"},\"description\":\"JOHANNESBERG, LKR. ASCHAFFENBURG. Auf spiegelglatter Fahrbahn hat der Fahrer eines Streufahrzeuges am Samstagmorgen die Kontrolle \u00fcber sein Gef\u00e4hrt verloren. Er kam von der Fahrbahn ab, \u00fcberschlug sich und war in dem Lastwagen eingeklemmt. Schwer ve...\",\"breadcrumb\":{\"@id\":\"https:\/\/www.prosos.org\/sosvz\/spiegelglatte-fahrbahn-streufahrzeug-kommt-von-fahrbahn-ab-und-ueberschlaegt-sich-34-jaehriger-schwer-verletzt-30471.html#breadcrumb\"},\"inLanguage\":\"de\",\"potentialAction\":[{\"@type\":\"ReadAction\",\"target\":[\"https:\/\/www.prosos.org\/sosvz\/spiegelglatte-fahrbahn-streufahrzeug-kommt-von-fahrbahn-ab-und-ueberschlaegt-sich-34-jaehriger-schwer-verletzt-30471.html\"]}]},{\"@type\":\"BreadcrumbList\",\"@id\":\"https:\/\/www.prosos.org\/sosvz\/spiegelglatte-fahrbahn-streufahrzeug-kommt-von-fahrbahn-ab-und-ueberschlaegt-sich-34-jaehriger-schwer-verletzt-30471.html#breadcrumb\",\"itemListElement\":[{\"@type\":\"ListItem\",\"position\":1,\"name\":\"Home\",\"item\":\"https:\/\/www.prosos.org\/sosvz\"},{\"@type\":\"ListItem\",\"position\":2,\"name\":\"Spiegelglatte Fahrbahn \u2013 Streufahrzeug kommt von Fahrbahn ab und \u00fcberschl\u00e4gt sich \u2013 34-J\u00e4hriger schwer verletzt\"}]},{\"@type\":\"WebSite\",\"@id\":\"https:\/\/www.prosos.org\/sosvz\/#website\",\"url\":\"https:\/\/www.prosos.org\/sosvz\/\",\"name\":\"ProSOS - sosVZ\",\"description\":\"Die Coummunity f\u00fcr Polizei, Feuerwehr, Rettungsdienste und Selbstschutz\",\"potentialAction\":[{\"@type\":\"SearchAction\",\"target\":{\"@type\":\"EntryPoint\",\"urlTemplate\":\"https:\/\/www.prosos.org\/sosvz\/?s={search_term_string}\"},\"query-input\":{\"@type\":\"PropertyValueSpecification\",\"valueRequired\":true,\"valueName\":\"search_term_string\"}}],\"inLanguage\":\"de\"},{\"@type\":\"Person\",\"@id\":\"https:\/\/www.prosos.org\/sosvz\/#\/schema\/person\/fbd66aeac098e28acf1869332c6e55e9\",\"name\":\"Polizei Bayern\",\"image\":{\"@type\":\"ImageObject\",\"inLanguage\":\"de\",\"@id\":\"https:\/\/www.prosos.org\/sosvz\/#\/schema\/person\/image\/\",\"url\":\"https:\/\/secure.gravatar.com\/avatar\/a483f747047c1dc1556555639a19986e42d28bda61988c35164221a541236fce?s=96&d=mm&r=g\",\"contentUrl\":\"https:\/\/secure.gravatar.com\/avatar\/a483f747047c1dc1556555639a19986e42d28bda61988c35164221a541236fce?s=96&d=mm&r=g\",\"caption\":\"Polizei Bayern\"},\"sameAs\":[\"http:\/\/www.polizei.bayern.de\"]}]}<\/script>\n<!-- \/ Yoast SEO plugin. -->","yoast_head_json":{"title":"Spiegelglatte Fahrbahn \u2013 Streufahrzeug kommt von Fahrbahn ab und \u00fcberschl\u00e4gt sich \u2013 34-J\u00e4hriger schwer verletzt","description":"JOHANNESBERG, LKR. ASCHAFFENBURG. Auf spiegelglatter Fahrbahn hat der Fahrer eines Streufahrzeuges am Samstagmorgen die Kontrolle \u00fcber sein Gef\u00e4hrt verloren. Er kam von der Fahrbahn ab, \u00fcberschlug sich und war in dem Lastwagen eingeklemmt. Schwer ve...","robots":{"index":"index","follow":"follow","max-snippet":"max-snippet:-1","max-image-preview":"max-image-preview:large","max-video-preview":"max-video-preview:-1"},"canonical":"https:\/\/www.prosos.org\/sosvz\/spiegelglatte-fahrbahn-streufahrzeug-kommt-von-fahrbahn-ab-und-ueberschlaegt-sich-34-jaehriger-schwer-verletzt-30471.html","og_locale":"de_DE","og_type":"article","og_title":"Spiegelglatte Fahrbahn \u2013 Streufahrzeug kommt von Fahrbahn ab und \u00fcberschl\u00e4gt sich \u2013 34-J\u00e4hriger schwer verletzt","og_description":"JOHANNESBERG, LKR. ASCHAFFENBURG. Auf spiegelglatter Fahrbahn hat der Fahrer eines Streufahrzeuges am Samstagmorgen die Kontrolle \u00fcber sein Gef\u00e4hrt verloren. Er kam von der Fahrbahn ab, \u00fcberschlug sich und war in dem Lastwagen eingeklemmt. Schwer ve...","og_url":"https:\/\/www.prosos.org\/sosvz\/spiegelglatte-fahrbahn-streufahrzeug-kommt-von-fahrbahn-ab-und-ueberschlaegt-sich-34-jaehriger-schwer-verletzt-30471.html","og_site_name":"ProSOS - sosVZ","article_published_time":"2016-02-21T01:30:04+00:00","author":"Polizei Bayern","twitter_card":"summary_large_image","twitter_misc":{"Verfasst von":"Polizei Bayern"},"schema":{"@context":"https:\/\/schema.org","@graph":[{"@type":"WebPage","@id":"https:\/\/www.prosos.org\/sosvz\/spiegelglatte-fahrbahn-streufahrzeug-kommt-von-fahrbahn-ab-und-ueberschlaegt-sich-34-jaehriger-schwer-verletzt-30471.html","url":"https:\/\/www.prosos.org\/sosvz\/spiegelglatte-fahrbahn-streufahrzeug-kommt-von-fahrbahn-ab-und-ueberschlaegt-sich-34-jaehriger-schwer-verletzt-30471.html","name":"Spiegelglatte Fahrbahn \u2013 Streufahrzeug kommt von Fahrbahn ab und \u00fcberschl\u00e4gt sich \u2013 34-J\u00e4hriger schwer verletzt","isPartOf":{"@id":"https:\/\/www.prosos.org\/sosvz\/#website"},"datePublished":"2016-02-21T01:30:04+00:00","author":{"@id":"https:\/\/www.prosos.org\/sosvz\/#\/schema\/person\/fbd66aeac098e28acf1869332c6e55e9"},"description":"JOHANNESBERG, LKR. ASCHAFFENBURG. Auf spiegelglatter Fahrbahn hat der Fahrer eines Streufahrzeuges am Samstagmorgen die Kontrolle \u00fcber sein Gef\u00e4hrt verloren. Er kam von der Fahrbahn ab, \u00fcberschlug sich und war in dem Lastwagen eingeklemmt. Schwer ve...","breadcrumb":{"@id":"https:\/\/www.prosos.org\/sosvz\/spiegelglatte-fahrbahn-streufahrzeug-kommt-von-fahrbahn-ab-und-ueberschlaegt-sich-34-jaehriger-schwer-verletzt-30471.html#breadcrumb"},"inLanguage":"de","potentialAction":[{"@type":"ReadAction","target":["https:\/\/www.prosos.org\/sosvz\/spiegelglatte-fahrbahn-streufahrzeug-kommt-von-fahrbahn-ab-und-ueberschlaegt-sich-34-jaehriger-schwer-verletzt-30471.html"]}]},{"@type":"BreadcrumbList","@id":"https:\/\/www.prosos.org\/sosvz\/spiegelglatte-fahrbahn-streufahrzeug-kommt-von-fahrbahn-ab-und-ueberschlaegt-sich-34-jaehriger-schwer-verletzt-30471.html#breadcrumb","itemListElement":[{"@type":"ListItem","position":1,"name":"Home","item":"https:\/\/www.prosos.org\/sosvz"},{"@type":"ListItem","position":2,"name":"Spiegelglatte Fahrbahn \u2013 Streufahrzeug kommt von Fahrbahn ab und \u00fcberschl\u00e4gt sich \u2013 34-J\u00e4hriger schwer verletzt"}]},{"@type":"WebSite","@id":"https:\/\/www.prosos.org\/sosvz\/#website","url":"https:\/\/www.prosos.org\/sosvz\/","name":"ProSOS - sosVZ","description":"Die Coummunity f\u00fcr Polizei, Feuerwehr, Rettungsdienste und Selbstschutz","potentialAction":[{"@type":"SearchAction","target":{"@type":"EntryPoint","urlTemplate":"https:\/\/www.prosos.org\/sosvz\/?s={search_term_string}"},"query-input":{"@type":"PropertyValueSpecification","valueRequired":true,"valueName":"search_term_string"}}],"inLanguage":"de"},{"@type":"Person","@id":"https:\/\/www.prosos.org\/sosvz\/#\/schema\/person\/fbd66aeac098e28acf1869332c6e55e9","name":"Polizei Bayern","image":{"@type":"ImageObject","inLanguage":"de","@id":"https:\/\/www.prosos.org\/sosvz\/#\/schema\/person\/image\/","url":"https:\/\/secure.gravatar.com\/avatar\/a483f747047c1dc1556555639a19986e42d28bda61988c35164221a541236fce?s=96&d=mm&r=g","contentUrl":"https:\/\/secure.gravatar.com\/avatar\/a483f747047c1dc1556555639a19986e42d28bda61988c35164221a541236fce?s=96&d=mm&r=g","caption":"Polizei Bayern"},"sameAs":["http:\/\/www.polizei.bayern.de"]}]}},"_links":{"self":[{"href":"https:\/\/www.prosos.org\/sosvz\/wp-json\/wp\/v2\/posts\/30471","targetHints":{"allow":["GET"]}}],"collection":[{"href":"https:\/\/www.prosos.org\/sosvz\/wp-json\/wp\/v2\/posts"}],"about":[{"href":"https:\/\/www.prosos.org\/sosvz\/wp-json\/wp\/v2\/types\/post"}],"author":[{"embeddable":true,"href":"https:\/\/www.prosos.org\/sosvz\/wp-json\/wp\/v2\/users\/2"}],"replies":[{"embeddable":true,"href":"https:\/\/www.prosos.org\/sosvz\/wp-json\/wp\/v2\/comments?post=30471"}],"version-history":[{"count":1,"href":"https:\/\/www.prosos.org\/sosvz\/wp-json\/wp\/v2\/posts\/30471\/revisions"}],"predecessor-version":[{"id":30472,"href":"https:\/\/www.prosos.org\/sosvz\/wp-json\/wp\/v2\/posts\/30471\/revisions\/30472"}],"wp:attachment":[{"href":"https:\/\/www.prosos.org\/sosvz\/wp-json\/wp\/v2\/media?parent=30471"}],"wp:term":[{"taxonomy":"category","embeddable":true,"href":"https:\/\/www.prosos.org\/sosvz\/wp-json\/wp\/v2\/categories?post=30471"},{"taxonomy":"post_tag","embeddable":true,"href":"https:\/\/www.prosos.org\/sosvz\/wp-json\/wp\/v2\/tags?post=30471"}],"curies":[{"name":"wp","href":"https:\/\/api.w.org\/{rel}","templated":true}]}}