{"id":30501,"date":"2016-02-22T11:50:00","date_gmt":"2016-02-22T10:50:00","guid":{"rendered":"http:\/\/www.mik.brandenburg.de\/cms\/detail.php\/bb1.c.433088.de"},"modified":"2016-02-22T11:50:00","modified_gmt":"2016-02-22T10:50:00","slug":"verkehrsunfallstatistik-2015-deutlich-mehr-tote-auf-brandenburgs-strassen","status":"publish","type":"post","link":"https:\/\/www.prosos.org\/sosvz\/verkehrsunfallstatistik-2015-deutlich-mehr-tote-auf-brandenburgs-strassen-30501.html","title":{"rendered":"Verkehrsunfallstatistik 2015: Deutlich mehr Tote auf Brandenburgs Stra\u00dfen"},"content":{"rendered":"Potsdam &ndash; Die Zahl der Verkehrstoten in Brandenburg ist im vergangenen Jahr deutlich gestiegen. Bei Unf\u00e4llen auf den Stra\u00dfen des Landes starben nach noch vorl\u00e4ufigen Zahlen der Polizei 179 Menschen. Das waren 40 Personen mehr als 2014, wie Innenminister Karl-Heinz Schr\u00f6ter bei der Vorstellung......\n<p class=\"syndicated-attribution\"><br \/><a target='_blank' href='http:\/\/www.mik.brandenburg.de\/cms\/detail.php\/bb1.c.433088.de'> komplette Meldung auf Innenministerium lesen<\/a><br \/><\/p>","protected":false},"excerpt":{"rendered":"<p>Potsdam &ndash; Die Zahl der Verkehrstoten in Brandenburg ist im vergangenen Jahr deutlich gestiegen. Bei Unf&auml;llen auf den Stra&szlig;en des Landes starben nach noch vorl&auml;ufigen Zahlen der Polizei 179 Menschen. Das waren 40 Personen mehr als 2014, wie Innenminister Karl-Heinz Schr&ouml;ter bei der Vorstellung&#8230;&#8230;<\/p>\n","protected":false},"author":5,"featured_media":0,"comment_status":"closed","ping_status":"closed","sticky":false,"template":"","format":"standard","meta":{"footnotes":""},"categories":[20],"tags":[],"class_list":["post-30501","post","type-post","status-publish","format-standard","hentry","category-brandenburg"],"yoast_head":"<!-- This site is optimized with the Yoast SEO plugin v24.9 - https:\/\/yoast.com\/wordpress\/plugins\/seo\/ -->\n<title>Verkehrsunfallstatistik 2015: Deutlich mehr Tote auf Brandenburgs Stra\u00dfen<\/title>\n<meta name=\"description\" content=\"Potsdam &ndash; Die Zahl der Verkehrstoten in Brandenburg ist im vergangenen Jahr deutlich gestiegen. Bei Unf&auml;llen auf den Stra&szlig;en des Landes starben nach noch vorl&auml;ufigen Zahlen der Polizei 179 Menschen. Das waren 40 Personen mehr als 2014, wie Innenminister Karl-Heinz Schr&ouml;ter bei der Vorstellung......\" \/>\n<meta name=\"robots\" content=\"index, follow, max-snippet:-1, max-image-preview:large, max-video-preview:-1\" \/>\n<link rel=\"canonical\" href=\"https:\/\/www.prosos.org\/sosvz\/verkehrsunfallstatistik-2015-deutlich-mehr-tote-auf-brandenburgs-strassen-30501.html\" \/>\n<meta property=\"og:locale\" content=\"de_DE\" \/>\n<meta property=\"og:type\" content=\"article\" \/>\n<meta property=\"og:title\" content=\"Verkehrsunfallstatistik 2015: Deutlich mehr Tote auf Brandenburgs Stra\u00dfen\" \/>\n<meta property=\"og:description\" content=\"Potsdam &ndash; Die Zahl der Verkehrstoten in Brandenburg ist im vergangenen Jahr deutlich gestiegen. Bei Unf&auml;llen auf den Stra&szlig;en des Landes starben nach noch vorl&auml;ufigen Zahlen der Polizei 179 Menschen. Das waren 40 Personen mehr als 2014, wie Innenminister Karl-Heinz Schr&ouml;ter bei der Vorstellung......\" \/>\n<meta property=\"og:url\" content=\"https:\/\/www.prosos.org\/sosvz\/verkehrsunfallstatistik-2015-deutlich-mehr-tote-auf-brandenburgs-strassen-30501.html\" \/>\n<meta property=\"og:site_name\" content=\"ProSOS - sosVZ\" \/>\n<meta property=\"article:published_time\" content=\"2016-02-22T10:50:00+00:00\" \/>\n<meta name=\"author\" content=\"Innenministerium\" \/>\n<meta name=\"twitter:card\" content=\"summary_large_image\" \/>\n<meta name=\"twitter:label1\" content=\"Verfasst von\" \/>\n\t<meta name=\"twitter:data1\" content=\"Innenministerium\" \/>\n<script type=\"application\/ld+json\" class=\"yoast-schema-graph\">{\"@context\":\"https:\/\/schema.org\",\"@graph\":[{\"@type\":\"WebPage\",\"@id\":\"https:\/\/www.prosos.org\/sosvz\/verkehrsunfallstatistik-2015-deutlich-mehr-tote-auf-brandenburgs-strassen-30501.html\",\"url\":\"https:\/\/www.prosos.org\/sosvz\/verkehrsunfallstatistik-2015-deutlich-mehr-tote-auf-brandenburgs-strassen-30501.html\",\"name\":\"Verkehrsunfallstatistik 2015: Deutlich mehr Tote auf Brandenburgs Stra\u00dfen\",\"isPartOf\":{\"@id\":\"https:\/\/www.prosos.org\/sosvz\/#website\"},\"datePublished\":\"2016-02-22T10:50:00+00:00\",\"author\":{\"@id\":\"https:\/\/www.prosos.org\/sosvz\/#\/schema\/person\/d51887fb89f49dea03d3cbb082fd2c64\"},\"description\":\"Potsdam &ndash; Die Zahl der Verkehrstoten in Brandenburg ist im vergangenen Jahr deutlich gestiegen. Bei Unf&auml;llen auf den Stra&szlig;en des Landes starben nach noch vorl&auml;ufigen Zahlen der Polizei 179 Menschen. Das waren 40 Personen mehr als 2014, wie Innenminister Karl-Heinz Schr&ouml;ter bei der Vorstellung......\",\"breadcrumb\":{\"@id\":\"https:\/\/www.prosos.org\/sosvz\/verkehrsunfallstatistik-2015-deutlich-mehr-tote-auf-brandenburgs-strassen-30501.html#breadcrumb\"},\"inLanguage\":\"de\",\"potentialAction\":[{\"@type\":\"ReadAction\",\"target\":[\"https:\/\/www.prosos.org\/sosvz\/verkehrsunfallstatistik-2015-deutlich-mehr-tote-auf-brandenburgs-strassen-30501.html\"]}]},{\"@type\":\"BreadcrumbList\",\"@id\":\"https:\/\/www.prosos.org\/sosvz\/verkehrsunfallstatistik-2015-deutlich-mehr-tote-auf-brandenburgs-strassen-30501.html#breadcrumb\",\"itemListElement\":[{\"@type\":\"ListItem\",\"position\":1,\"name\":\"Home\",\"item\":\"https:\/\/www.prosos.org\/sosvz\"},{\"@type\":\"ListItem\",\"position\":2,\"name\":\"Verkehrsunfallstatistik 2015: Deutlich mehr Tote auf Brandenburgs Stra\u00dfen\"}]},{\"@type\":\"WebSite\",\"@id\":\"https:\/\/www.prosos.org\/sosvz\/#website\",\"url\":\"https:\/\/www.prosos.org\/sosvz\/\",\"name\":\"ProSOS - sosVZ\",\"description\":\"Die Coummunity f\u00fcr Polizei, Feuerwehr, Rettungsdienste und Selbstschutz\",\"potentialAction\":[{\"@type\":\"SearchAction\",\"target\":{\"@type\":\"EntryPoint\",\"urlTemplate\":\"https:\/\/www.prosos.org\/sosvz\/?s={search_term_string}\"},\"query-input\":{\"@type\":\"PropertyValueSpecification\",\"valueRequired\":true,\"valueName\":\"search_term_string\"}}],\"inLanguage\":\"de\"},{\"@type\":\"Person\",\"@id\":\"https:\/\/www.prosos.org\/sosvz\/#\/schema\/person\/d51887fb89f49dea03d3cbb082fd2c64\",\"name\":\"Innenministerium\",\"image\":{\"@type\":\"ImageObject\",\"inLanguage\":\"de\",\"@id\":\"https:\/\/www.prosos.org\/sosvz\/#\/schema\/person\/image\/\",\"url\":\"https:\/\/secure.gravatar.com\/avatar\/fffb6e982bea8f04536c3bf016282905d61156fb83c7ffdc25c0507c7368a44b?s=96&d=mm&r=g\",\"contentUrl\":\"https:\/\/secure.gravatar.com\/avatar\/fffb6e982bea8f04536c3bf016282905d61156fb83c7ffdc25c0507c7368a44b?s=96&d=mm&r=g\",\"caption\":\"Innenministerium\"},\"sameAs\":[\"http:\/\/www.mi.brandenburg.de\/cms\/detail.php\/lbm1.c.225226.de\"]}]}<\/script>\n<!-- \/ Yoast SEO plugin. -->","yoast_head_json":{"title":"Verkehrsunfallstatistik 2015: Deutlich mehr Tote auf Brandenburgs Stra\u00dfen","description":"Potsdam &ndash; Die Zahl der Verkehrstoten in Brandenburg ist im vergangenen Jahr deutlich gestiegen. Bei Unf&auml;llen auf den Stra&szlig;en des Landes starben nach noch vorl&auml;ufigen Zahlen der Polizei 179 Menschen. Das waren 40 Personen mehr als 2014, wie Innenminister Karl-Heinz Schr&ouml;ter bei der Vorstellung......","robots":{"index":"index","follow":"follow","max-snippet":"max-snippet:-1","max-image-preview":"max-image-preview:large","max-video-preview":"max-video-preview:-1"},"canonical":"https:\/\/www.prosos.org\/sosvz\/verkehrsunfallstatistik-2015-deutlich-mehr-tote-auf-brandenburgs-strassen-30501.html","og_locale":"de_DE","og_type":"article","og_title":"Verkehrsunfallstatistik 2015: Deutlich mehr Tote auf Brandenburgs Stra\u00dfen","og_description":"Potsdam &ndash; Die Zahl der Verkehrstoten in Brandenburg ist im vergangenen Jahr deutlich gestiegen. Bei Unf&auml;llen auf den Stra&szlig;en des Landes starben nach noch vorl&auml;ufigen Zahlen der Polizei 179 Menschen. Das waren 40 Personen mehr als 2014, wie Innenminister Karl-Heinz Schr&ouml;ter bei der Vorstellung......","og_url":"https:\/\/www.prosos.org\/sosvz\/verkehrsunfallstatistik-2015-deutlich-mehr-tote-auf-brandenburgs-strassen-30501.html","og_site_name":"ProSOS - sosVZ","article_published_time":"2016-02-22T10:50:00+00:00","author":"Innenministerium","twitter_card":"summary_large_image","twitter_misc":{"Verfasst von":"Innenministerium"},"schema":{"@context":"https:\/\/schema.org","@graph":[{"@type":"WebPage","@id":"https:\/\/www.prosos.org\/sosvz\/verkehrsunfallstatistik-2015-deutlich-mehr-tote-auf-brandenburgs-strassen-30501.html","url":"https:\/\/www.prosos.org\/sosvz\/verkehrsunfallstatistik-2015-deutlich-mehr-tote-auf-brandenburgs-strassen-30501.html","name":"Verkehrsunfallstatistik 2015: Deutlich mehr Tote auf Brandenburgs Stra\u00dfen","isPartOf":{"@id":"https:\/\/www.prosos.org\/sosvz\/#website"},"datePublished":"2016-02-22T10:50:00+00:00","author":{"@id":"https:\/\/www.prosos.org\/sosvz\/#\/schema\/person\/d51887fb89f49dea03d3cbb082fd2c64"},"description":"Potsdam &ndash; Die Zahl der Verkehrstoten in Brandenburg ist im vergangenen Jahr deutlich gestiegen. Bei Unf&auml;llen auf den Stra&szlig;en des Landes starben nach noch vorl&auml;ufigen Zahlen der Polizei 179 Menschen. Das waren 40 Personen mehr als 2014, wie Innenminister Karl-Heinz Schr&ouml;ter bei der Vorstellung......","breadcrumb":{"@id":"https:\/\/www.prosos.org\/sosvz\/verkehrsunfallstatistik-2015-deutlich-mehr-tote-auf-brandenburgs-strassen-30501.html#breadcrumb"},"inLanguage":"de","potentialAction":[{"@type":"ReadAction","target":["https:\/\/www.prosos.org\/sosvz\/verkehrsunfallstatistik-2015-deutlich-mehr-tote-auf-brandenburgs-strassen-30501.html"]}]},{"@type":"BreadcrumbList","@id":"https:\/\/www.prosos.org\/sosvz\/verkehrsunfallstatistik-2015-deutlich-mehr-tote-auf-brandenburgs-strassen-30501.html#breadcrumb","itemListElement":[{"@type":"ListItem","position":1,"name":"Home","item":"https:\/\/www.prosos.org\/sosvz"},{"@type":"ListItem","position":2,"name":"Verkehrsunfallstatistik 2015: Deutlich mehr Tote auf Brandenburgs Stra\u00dfen"}]},{"@type":"WebSite","@id":"https:\/\/www.prosos.org\/sosvz\/#website","url":"https:\/\/www.prosos.org\/sosvz\/","name":"ProSOS - sosVZ","description":"Die Coummunity f\u00fcr Polizei, Feuerwehr, Rettungsdienste und Selbstschutz","potentialAction":[{"@type":"SearchAction","target":{"@type":"EntryPoint","urlTemplate":"https:\/\/www.prosos.org\/sosvz\/?s={search_term_string}"},"query-input":{"@type":"PropertyValueSpecification","valueRequired":true,"valueName":"search_term_string"}}],"inLanguage":"de"},{"@type":"Person","@id":"https:\/\/www.prosos.org\/sosvz\/#\/schema\/person\/d51887fb89f49dea03d3cbb082fd2c64","name":"Innenministerium","image":{"@type":"ImageObject","inLanguage":"de","@id":"https:\/\/www.prosos.org\/sosvz\/#\/schema\/person\/image\/","url":"https:\/\/secure.gravatar.com\/avatar\/fffb6e982bea8f04536c3bf016282905d61156fb83c7ffdc25c0507c7368a44b?s=96&d=mm&r=g","contentUrl":"https:\/\/secure.gravatar.com\/avatar\/fffb6e982bea8f04536c3bf016282905d61156fb83c7ffdc25c0507c7368a44b?s=96&d=mm&r=g","caption":"Innenministerium"},"sameAs":["http:\/\/www.mi.brandenburg.de\/cms\/detail.php\/lbm1.c.225226.de"]}]}},"_links":{"self":[{"href":"https:\/\/www.prosos.org\/sosvz\/wp-json\/wp\/v2\/posts\/30501","targetHints":{"allow":["GET"]}}],"collection":[{"href":"https:\/\/www.prosos.org\/sosvz\/wp-json\/wp\/v2\/posts"}],"about":[{"href":"https:\/\/www.prosos.org\/sosvz\/wp-json\/wp\/v2\/types\/post"}],"author":[{"embeddable":true,"href":"https:\/\/www.prosos.org\/sosvz\/wp-json\/wp\/v2\/users\/5"}],"replies":[{"embeddable":true,"href":"https:\/\/www.prosos.org\/sosvz\/wp-json\/wp\/v2\/comments?post=30501"}],"version-history":[{"count":2,"href":"https:\/\/www.prosos.org\/sosvz\/wp-json\/wp\/v2\/posts\/30501\/revisions"}],"predecessor-version":[{"id":32198,"href":"https:\/\/www.prosos.org\/sosvz\/wp-json\/wp\/v2\/posts\/30501\/revisions\/32198"}],"wp:attachment":[{"href":"https:\/\/www.prosos.org\/sosvz\/wp-json\/wp\/v2\/media?parent=30501"}],"wp:term":[{"taxonomy":"category","embeddable":true,"href":"https:\/\/www.prosos.org\/sosvz\/wp-json\/wp\/v2\/categories?post=30501"},{"taxonomy":"post_tag","embeddable":true,"href":"https:\/\/www.prosos.org\/sosvz\/wp-json\/wp\/v2\/tags?post=30501"}],"curies":[{"name":"wp","href":"https:\/\/api.w.org\/{rel}","templated":true}]}}