{"id":30509,"date":"2016-02-22T15:25:30","date_gmt":"2016-02-22T14:25:30","guid":{"rendered":"http:\/\/www.prosos.org\/sosvz\/?guid=524e275eebbb61fc3e326bb6bf962adc"},"modified":"2016-02-22T15:25:30","modified_gmt":"2016-02-22T14:25:30","slug":"oberfraenkische-verkehrsunfallstatistik-2015-veroeffentlicht","status":"publish","type":"post","link":"https:\/\/www.prosos.org\/sosvz\/oberfraenkische-verkehrsunfallstatistik-2015-veroeffentlicht-30509.html","title":{"rendered":"Oberfr\u00e4nkische Verkehrsunfallstatistik 2015 ver\u00f6ffentlicht"},"content":{"rendered":"OBERFRANKEN. \u201eDurchschnittlich ereignete sich alle 17 Minuten im Jahr 2015 im oberfr\u00e4nkischen Regierungsbezirk ein Verkehrsunfall. Statistisch gesehen sind dies 86 Verkehrsunf\u00e4lle an einem Tag, bei denen 16 Personen Verletzungen erlitten und t\u00e4glich ein Sachschaden von \u00fcber 170.000 Euro entstand. Au\u00dferdem registrierten wir auf Oberfrankens Stra\u00dfen im Durchschnitt pro Woche einen Verkehrstoten.\u201c Diese n\u00fcchterne Bilanz zog Oberfrankens Polizeipr\u00e4sident Reinhard Kunkel zur Ver\u00f6ffentlichung der oberfr\u00e4nkischen Verkehrsunfallstatistik 2015 und verdeutlichte damit die Wichtigkeit einer intensiven Verkehrssicherheitsarbeit. \n<p class=\"syndicated-attribution\"><br \/><a target='_blank' href='http:\/\/www.polizei.bayern.de\/oberfranken\/news\/presse\/aktuell\/index.html\/236815'> komplette Meldung auf Polizei Bayern lesen<\/a><br \/><\/p>","protected":false},"excerpt":{"rendered":"<p>OBERFRANKEN. \u201eDurchschnittlich ereignete sich alle 17 Minuten im Jahr 2015 im oberfr\u00e4nkischen Regierungsbezirk ein Verkehrsunfall. Statistisch gesehen sind dies 86 Verkehrsunf\u00e4lle an einem Tag, bei denen 16 Personen Verletzungen erlitten und t\u00e4gli&#8230;<\/p>\n","protected":false},"author":2,"featured_media":0,"comment_status":"closed","ping_status":"closed","sticky":false,"template":"","format":"standard","meta":{"footnotes":""},"categories":[5],"tags":[],"class_list":["post-30509","post","type-post","status-publish","format-standard","hentry","category-nayern"],"yoast_head":"<!-- This site is optimized with the Yoast SEO plugin v24.9 - https:\/\/yoast.com\/wordpress\/plugins\/seo\/ -->\n<title>Oberfr\u00e4nkische Verkehrsunfallstatistik 2015 ver\u00f6ffentlicht<\/title>\n<meta name=\"description\" content=\"OBERFRANKEN. \u201eDurchschnittlich ereignete sich alle 17 Minuten im Jahr 2015 im oberfr\u00e4nkischen Regierungsbezirk ein Verkehrsunfall. Statistisch gesehen sind dies 86 Verkehrsunf\u00e4lle an einem Tag, bei denen 16 Personen Verletzungen erlitten und t\u00e4gli...\" \/>\n<meta name=\"robots\" content=\"index, follow, max-snippet:-1, max-image-preview:large, max-video-preview:-1\" \/>\n<link rel=\"canonical\" href=\"https:\/\/www.prosos.org\/sosvz\/oberfraenkische-verkehrsunfallstatistik-2015-veroeffentlicht-30509.html\" \/>\n<meta property=\"og:locale\" content=\"de_DE\" \/>\n<meta property=\"og:type\" content=\"article\" \/>\n<meta property=\"og:title\" content=\"Oberfr\u00e4nkische Verkehrsunfallstatistik 2015 ver\u00f6ffentlicht\" \/>\n<meta property=\"og:description\" content=\"OBERFRANKEN. \u201eDurchschnittlich ereignete sich alle 17 Minuten im Jahr 2015 im oberfr\u00e4nkischen Regierungsbezirk ein Verkehrsunfall. Statistisch gesehen sind dies 86 Verkehrsunf\u00e4lle an einem Tag, bei denen 16 Personen Verletzungen erlitten und t\u00e4gli...\" \/>\n<meta property=\"og:url\" content=\"https:\/\/www.prosos.org\/sosvz\/oberfraenkische-verkehrsunfallstatistik-2015-veroeffentlicht-30509.html\" \/>\n<meta property=\"og:site_name\" content=\"ProSOS - sosVZ\" \/>\n<meta property=\"article:published_time\" content=\"2016-02-22T14:25:30+00:00\" \/>\n<meta name=\"author\" content=\"Polizei Bayern\" \/>\n<meta name=\"twitter:card\" content=\"summary_large_image\" \/>\n<meta name=\"twitter:label1\" content=\"Verfasst von\" \/>\n\t<meta name=\"twitter:data1\" content=\"Polizei Bayern\" \/>\n<script type=\"application\/ld+json\" class=\"yoast-schema-graph\">{\"@context\":\"https:\/\/schema.org\",\"@graph\":[{\"@type\":\"WebPage\",\"@id\":\"https:\/\/www.prosos.org\/sosvz\/oberfraenkische-verkehrsunfallstatistik-2015-veroeffentlicht-30509.html\",\"url\":\"https:\/\/www.prosos.org\/sosvz\/oberfraenkische-verkehrsunfallstatistik-2015-veroeffentlicht-30509.html\",\"name\":\"Oberfr\u00e4nkische Verkehrsunfallstatistik 2015 ver\u00f6ffentlicht\",\"isPartOf\":{\"@id\":\"https:\/\/www.prosos.org\/sosvz\/#website\"},\"datePublished\":\"2016-02-22T14:25:30+00:00\",\"author\":{\"@id\":\"https:\/\/www.prosos.org\/sosvz\/#\/schema\/person\/fbd66aeac098e28acf1869332c6e55e9\"},\"description\":\"OBERFRANKEN. \u201eDurchschnittlich ereignete sich alle 17 Minuten im Jahr 2015 im oberfr\u00e4nkischen Regierungsbezirk ein Verkehrsunfall. Statistisch gesehen sind dies 86 Verkehrsunf\u00e4lle an einem Tag, bei denen 16 Personen Verletzungen erlitten und t\u00e4gli...\",\"breadcrumb\":{\"@id\":\"https:\/\/www.prosos.org\/sosvz\/oberfraenkische-verkehrsunfallstatistik-2015-veroeffentlicht-30509.html#breadcrumb\"},\"inLanguage\":\"de\",\"potentialAction\":[{\"@type\":\"ReadAction\",\"target\":[\"https:\/\/www.prosos.org\/sosvz\/oberfraenkische-verkehrsunfallstatistik-2015-veroeffentlicht-30509.html\"]}]},{\"@type\":\"BreadcrumbList\",\"@id\":\"https:\/\/www.prosos.org\/sosvz\/oberfraenkische-verkehrsunfallstatistik-2015-veroeffentlicht-30509.html#breadcrumb\",\"itemListElement\":[{\"@type\":\"ListItem\",\"position\":1,\"name\":\"Home\",\"item\":\"https:\/\/www.prosos.org\/sosvz\"},{\"@type\":\"ListItem\",\"position\":2,\"name\":\"Oberfr\u00e4nkische Verkehrsunfallstatistik 2015 ver\u00f6ffentlicht\"}]},{\"@type\":\"WebSite\",\"@id\":\"https:\/\/www.prosos.org\/sosvz\/#website\",\"url\":\"https:\/\/www.prosos.org\/sosvz\/\",\"name\":\"ProSOS - sosVZ\",\"description\":\"Die Coummunity f\u00fcr Polizei, Feuerwehr, Rettungsdienste und Selbstschutz\",\"potentialAction\":[{\"@type\":\"SearchAction\",\"target\":{\"@type\":\"EntryPoint\",\"urlTemplate\":\"https:\/\/www.prosos.org\/sosvz\/?s={search_term_string}\"},\"query-input\":{\"@type\":\"PropertyValueSpecification\",\"valueRequired\":true,\"valueName\":\"search_term_string\"}}],\"inLanguage\":\"de\"},{\"@type\":\"Person\",\"@id\":\"https:\/\/www.prosos.org\/sosvz\/#\/schema\/person\/fbd66aeac098e28acf1869332c6e55e9\",\"name\":\"Polizei Bayern\",\"image\":{\"@type\":\"ImageObject\",\"inLanguage\":\"de\",\"@id\":\"https:\/\/www.prosos.org\/sosvz\/#\/schema\/person\/image\/\",\"url\":\"https:\/\/secure.gravatar.com\/avatar\/a483f747047c1dc1556555639a19986e42d28bda61988c35164221a541236fce?s=96&d=mm&r=g\",\"contentUrl\":\"https:\/\/secure.gravatar.com\/avatar\/a483f747047c1dc1556555639a19986e42d28bda61988c35164221a541236fce?s=96&d=mm&r=g\",\"caption\":\"Polizei Bayern\"},\"sameAs\":[\"http:\/\/www.polizei.bayern.de\"]}]}<\/script>\n<!-- \/ Yoast SEO plugin. -->","yoast_head_json":{"title":"Oberfr\u00e4nkische Verkehrsunfallstatistik 2015 ver\u00f6ffentlicht","description":"OBERFRANKEN. \u201eDurchschnittlich ereignete sich alle 17 Minuten im Jahr 2015 im oberfr\u00e4nkischen Regierungsbezirk ein Verkehrsunfall. Statistisch gesehen sind dies 86 Verkehrsunf\u00e4lle an einem Tag, bei denen 16 Personen Verletzungen erlitten und t\u00e4gli...","robots":{"index":"index","follow":"follow","max-snippet":"max-snippet:-1","max-image-preview":"max-image-preview:large","max-video-preview":"max-video-preview:-1"},"canonical":"https:\/\/www.prosos.org\/sosvz\/oberfraenkische-verkehrsunfallstatistik-2015-veroeffentlicht-30509.html","og_locale":"de_DE","og_type":"article","og_title":"Oberfr\u00e4nkische Verkehrsunfallstatistik 2015 ver\u00f6ffentlicht","og_description":"OBERFRANKEN. \u201eDurchschnittlich ereignete sich alle 17 Minuten im Jahr 2015 im oberfr\u00e4nkischen Regierungsbezirk ein Verkehrsunfall. Statistisch gesehen sind dies 86 Verkehrsunf\u00e4lle an einem Tag, bei denen 16 Personen Verletzungen erlitten und t\u00e4gli...","og_url":"https:\/\/www.prosos.org\/sosvz\/oberfraenkische-verkehrsunfallstatistik-2015-veroeffentlicht-30509.html","og_site_name":"ProSOS - sosVZ","article_published_time":"2016-02-22T14:25:30+00:00","author":"Polizei Bayern","twitter_card":"summary_large_image","twitter_misc":{"Verfasst von":"Polizei Bayern"},"schema":{"@context":"https:\/\/schema.org","@graph":[{"@type":"WebPage","@id":"https:\/\/www.prosos.org\/sosvz\/oberfraenkische-verkehrsunfallstatistik-2015-veroeffentlicht-30509.html","url":"https:\/\/www.prosos.org\/sosvz\/oberfraenkische-verkehrsunfallstatistik-2015-veroeffentlicht-30509.html","name":"Oberfr\u00e4nkische Verkehrsunfallstatistik 2015 ver\u00f6ffentlicht","isPartOf":{"@id":"https:\/\/www.prosos.org\/sosvz\/#website"},"datePublished":"2016-02-22T14:25:30+00:00","author":{"@id":"https:\/\/www.prosos.org\/sosvz\/#\/schema\/person\/fbd66aeac098e28acf1869332c6e55e9"},"description":"OBERFRANKEN. \u201eDurchschnittlich ereignete sich alle 17 Minuten im Jahr 2015 im oberfr\u00e4nkischen Regierungsbezirk ein Verkehrsunfall. Statistisch gesehen sind dies 86 Verkehrsunf\u00e4lle an einem Tag, bei denen 16 Personen Verletzungen erlitten und t\u00e4gli...","breadcrumb":{"@id":"https:\/\/www.prosos.org\/sosvz\/oberfraenkische-verkehrsunfallstatistik-2015-veroeffentlicht-30509.html#breadcrumb"},"inLanguage":"de","potentialAction":[{"@type":"ReadAction","target":["https:\/\/www.prosos.org\/sosvz\/oberfraenkische-verkehrsunfallstatistik-2015-veroeffentlicht-30509.html"]}]},{"@type":"BreadcrumbList","@id":"https:\/\/www.prosos.org\/sosvz\/oberfraenkische-verkehrsunfallstatistik-2015-veroeffentlicht-30509.html#breadcrumb","itemListElement":[{"@type":"ListItem","position":1,"name":"Home","item":"https:\/\/www.prosos.org\/sosvz"},{"@type":"ListItem","position":2,"name":"Oberfr\u00e4nkische Verkehrsunfallstatistik 2015 ver\u00f6ffentlicht"}]},{"@type":"WebSite","@id":"https:\/\/www.prosos.org\/sosvz\/#website","url":"https:\/\/www.prosos.org\/sosvz\/","name":"ProSOS - sosVZ","description":"Die Coummunity f\u00fcr Polizei, Feuerwehr, Rettungsdienste und Selbstschutz","potentialAction":[{"@type":"SearchAction","target":{"@type":"EntryPoint","urlTemplate":"https:\/\/www.prosos.org\/sosvz\/?s={search_term_string}"},"query-input":{"@type":"PropertyValueSpecification","valueRequired":true,"valueName":"search_term_string"}}],"inLanguage":"de"},{"@type":"Person","@id":"https:\/\/www.prosos.org\/sosvz\/#\/schema\/person\/fbd66aeac098e28acf1869332c6e55e9","name":"Polizei Bayern","image":{"@type":"ImageObject","inLanguage":"de","@id":"https:\/\/www.prosos.org\/sosvz\/#\/schema\/person\/image\/","url":"https:\/\/secure.gravatar.com\/avatar\/a483f747047c1dc1556555639a19986e42d28bda61988c35164221a541236fce?s=96&d=mm&r=g","contentUrl":"https:\/\/secure.gravatar.com\/avatar\/a483f747047c1dc1556555639a19986e42d28bda61988c35164221a541236fce?s=96&d=mm&r=g","caption":"Polizei Bayern"},"sameAs":["http:\/\/www.polizei.bayern.de"]}]}},"_links":{"self":[{"href":"https:\/\/www.prosos.org\/sosvz\/wp-json\/wp\/v2\/posts\/30509","targetHints":{"allow":["GET"]}}],"collection":[{"href":"https:\/\/www.prosos.org\/sosvz\/wp-json\/wp\/v2\/posts"}],"about":[{"href":"https:\/\/www.prosos.org\/sosvz\/wp-json\/wp\/v2\/types\/post"}],"author":[{"embeddable":true,"href":"https:\/\/www.prosos.org\/sosvz\/wp-json\/wp\/v2\/users\/2"}],"replies":[{"embeddable":true,"href":"https:\/\/www.prosos.org\/sosvz\/wp-json\/wp\/v2\/comments?post=30509"}],"version-history":[{"count":1,"href":"https:\/\/www.prosos.org\/sosvz\/wp-json\/wp\/v2\/posts\/30509\/revisions"}],"predecessor-version":[{"id":30510,"href":"https:\/\/www.prosos.org\/sosvz\/wp-json\/wp\/v2\/posts\/30509\/revisions\/30510"}],"wp:attachment":[{"href":"https:\/\/www.prosos.org\/sosvz\/wp-json\/wp\/v2\/media?parent=30509"}],"wp:term":[{"taxonomy":"category","embeddable":true,"href":"https:\/\/www.prosos.org\/sosvz\/wp-json\/wp\/v2\/categories?post=30509"},{"taxonomy":"post_tag","embeddable":true,"href":"https:\/\/www.prosos.org\/sosvz\/wp-json\/wp\/v2\/tags?post=30509"}],"curies":[{"name":"wp","href":"https:\/\/api.w.org\/{rel}","templated":true}]}}