{"id":30511,"date":"2016-02-22T16:11:00","date_gmt":"2016-02-22T15:11:00","guid":{"rendered":"http:\/\/www.mik.brandenburg.de\/cms\/detail.php\/bb1.c.433127.de"},"modified":"2016-02-22T16:11:00","modified_gmt":"2016-02-22T15:11:00","slug":"buergerdialog-startet-in-zweite-phase","status":"publish","type":"post","link":"https:\/\/www.prosos.org\/sosvz\/buergerdialog-startet-in-zweite-phase-30511.html","title":{"rendered":"B\u00fcrgerdialog startet in zweite Phase"},"content":{"rendered":"Potsdam &ndash; Der Dialogprozess zur geplanten Verwaltungsreform in Brandenburg geht in die n\u00e4chste Runde. Auf f\u00fcnf Regionalkonferenzen in Neuruppin, Potsdam, Eberswalde, Cottbus und Beeskow soll das Vorhaben erneut zur \u00f6ffentlichen Diskussion gestellt werden. Innenminister Karl-Heinz Schr\u00f6ter wird......\n<p class=\"syndicated-attribution\"><br \/><a target='_blank' href='http:\/\/www.mik.brandenburg.de\/cms\/detail.php\/bb1.c.433127.de'> komplette Meldung auf Innenministerium lesen<\/a><br \/><\/p>","protected":false},"excerpt":{"rendered":"<p>Potsdam &ndash; Der Dialogprozess zur geplanten Verwaltungsreform in Brandenburg geht in die n&auml;chste Runde. Auf f&uuml;nf Regionalkonferenzen in Neuruppin, Potsdam, Eberswalde, Cottbus und Beeskow soll das Vorhaben erneut zur &ouml;ffentlichen Diskussion gestellt werden. Innenminister Karl-Heinz Schr&ouml;ter wird&#8230;&#8230;<\/p>\n","protected":false},"author":5,"featured_media":0,"comment_status":"closed","ping_status":"closed","sticky":false,"template":"","format":"standard","meta":{"footnotes":""},"categories":[20],"tags":[],"class_list":["post-30511","post","type-post","status-publish","format-standard","hentry","category-brandenburg"],"yoast_head":"<!-- This site is optimized with the Yoast SEO plugin v24.9 - https:\/\/yoast.com\/wordpress\/plugins\/seo\/ -->\n<title>B\u00fcrgerdialog startet in zweite Phase<\/title>\n<meta name=\"description\" content=\"Potsdam &ndash; Der Dialogprozess zur geplanten Verwaltungsreform in Brandenburg geht in die n&auml;chste Runde. Auf f&uuml;nf Regionalkonferenzen in Neuruppin, Potsdam, Eberswalde, Cottbus und Beeskow soll das Vorhaben erneut zur &ouml;ffentlichen Diskussion gestellt werden. Innenminister Karl-Heinz Schr&ouml;ter wird......\" \/>\n<meta name=\"robots\" content=\"index, follow, max-snippet:-1, max-image-preview:large, max-video-preview:-1\" \/>\n<link rel=\"canonical\" href=\"https:\/\/www.prosos.org\/sosvz\/buergerdialog-startet-in-zweite-phase-30511.html\" \/>\n<meta property=\"og:locale\" content=\"de_DE\" \/>\n<meta property=\"og:type\" content=\"article\" \/>\n<meta property=\"og:title\" content=\"B\u00fcrgerdialog startet in zweite Phase\" \/>\n<meta property=\"og:description\" content=\"Potsdam &ndash; Der Dialogprozess zur geplanten Verwaltungsreform in Brandenburg geht in die n&auml;chste Runde. Auf f&uuml;nf Regionalkonferenzen in Neuruppin, Potsdam, Eberswalde, Cottbus und Beeskow soll das Vorhaben erneut zur &ouml;ffentlichen Diskussion gestellt werden. Innenminister Karl-Heinz Schr&ouml;ter wird......\" \/>\n<meta property=\"og:url\" content=\"https:\/\/www.prosos.org\/sosvz\/buergerdialog-startet-in-zweite-phase-30511.html\" \/>\n<meta property=\"og:site_name\" content=\"ProSOS - sosVZ\" \/>\n<meta property=\"article:published_time\" content=\"2016-02-22T15:11:00+00:00\" \/>\n<meta name=\"author\" content=\"Innenministerium\" \/>\n<meta name=\"twitter:card\" content=\"summary_large_image\" \/>\n<meta name=\"twitter:label1\" content=\"Verfasst von\" \/>\n\t<meta name=\"twitter:data1\" content=\"Innenministerium\" \/>\n<script type=\"application\/ld+json\" class=\"yoast-schema-graph\">{\"@context\":\"https:\/\/schema.org\",\"@graph\":[{\"@type\":\"WebPage\",\"@id\":\"https:\/\/www.prosos.org\/sosvz\/buergerdialog-startet-in-zweite-phase-30511.html\",\"url\":\"https:\/\/www.prosos.org\/sosvz\/buergerdialog-startet-in-zweite-phase-30511.html\",\"name\":\"B\u00fcrgerdialog startet in zweite Phase\",\"isPartOf\":{\"@id\":\"https:\/\/www.prosos.org\/sosvz\/#website\"},\"datePublished\":\"2016-02-22T15:11:00+00:00\",\"author\":{\"@id\":\"https:\/\/www.prosos.org\/sosvz\/#\/schema\/person\/d51887fb89f49dea03d3cbb082fd2c64\"},\"description\":\"Potsdam &ndash; Der Dialogprozess zur geplanten Verwaltungsreform in Brandenburg geht in die n&auml;chste Runde. Auf f&uuml;nf Regionalkonferenzen in Neuruppin, Potsdam, Eberswalde, Cottbus und Beeskow soll das Vorhaben erneut zur &ouml;ffentlichen Diskussion gestellt werden. Innenminister Karl-Heinz Schr&ouml;ter wird......\",\"breadcrumb\":{\"@id\":\"https:\/\/www.prosos.org\/sosvz\/buergerdialog-startet-in-zweite-phase-30511.html#breadcrumb\"},\"inLanguage\":\"de\",\"potentialAction\":[{\"@type\":\"ReadAction\",\"target\":[\"https:\/\/www.prosos.org\/sosvz\/buergerdialog-startet-in-zweite-phase-30511.html\"]}]},{\"@type\":\"BreadcrumbList\",\"@id\":\"https:\/\/www.prosos.org\/sosvz\/buergerdialog-startet-in-zweite-phase-30511.html#breadcrumb\",\"itemListElement\":[{\"@type\":\"ListItem\",\"position\":1,\"name\":\"Home\",\"item\":\"https:\/\/www.prosos.org\/sosvz\"},{\"@type\":\"ListItem\",\"position\":2,\"name\":\"B\u00fcrgerdialog startet in zweite Phase\"}]},{\"@type\":\"WebSite\",\"@id\":\"https:\/\/www.prosos.org\/sosvz\/#website\",\"url\":\"https:\/\/www.prosos.org\/sosvz\/\",\"name\":\"ProSOS - sosVZ\",\"description\":\"Die Coummunity f\u00fcr Polizei, Feuerwehr, Rettungsdienste und Selbstschutz\",\"potentialAction\":[{\"@type\":\"SearchAction\",\"target\":{\"@type\":\"EntryPoint\",\"urlTemplate\":\"https:\/\/www.prosos.org\/sosvz\/?s={search_term_string}\"},\"query-input\":{\"@type\":\"PropertyValueSpecification\",\"valueRequired\":true,\"valueName\":\"search_term_string\"}}],\"inLanguage\":\"de\"},{\"@type\":\"Person\",\"@id\":\"https:\/\/www.prosos.org\/sosvz\/#\/schema\/person\/d51887fb89f49dea03d3cbb082fd2c64\",\"name\":\"Innenministerium\",\"image\":{\"@type\":\"ImageObject\",\"inLanguage\":\"de\",\"@id\":\"https:\/\/www.prosos.org\/sosvz\/#\/schema\/person\/image\/\",\"url\":\"https:\/\/secure.gravatar.com\/avatar\/fffb6e982bea8f04536c3bf016282905d61156fb83c7ffdc25c0507c7368a44b?s=96&d=mm&r=g\",\"contentUrl\":\"https:\/\/secure.gravatar.com\/avatar\/fffb6e982bea8f04536c3bf016282905d61156fb83c7ffdc25c0507c7368a44b?s=96&d=mm&r=g\",\"caption\":\"Innenministerium\"},\"sameAs\":[\"http:\/\/www.mi.brandenburg.de\/cms\/detail.php\/lbm1.c.225226.de\"]}]}<\/script>\n<!-- \/ Yoast SEO plugin. -->","yoast_head_json":{"title":"B\u00fcrgerdialog startet in zweite Phase","description":"Potsdam &ndash; Der Dialogprozess zur geplanten Verwaltungsreform in Brandenburg geht in die n&auml;chste Runde. Auf f&uuml;nf Regionalkonferenzen in Neuruppin, Potsdam, Eberswalde, Cottbus und Beeskow soll das Vorhaben erneut zur &ouml;ffentlichen Diskussion gestellt werden. Innenminister Karl-Heinz Schr&ouml;ter wird......","robots":{"index":"index","follow":"follow","max-snippet":"max-snippet:-1","max-image-preview":"max-image-preview:large","max-video-preview":"max-video-preview:-1"},"canonical":"https:\/\/www.prosos.org\/sosvz\/buergerdialog-startet-in-zweite-phase-30511.html","og_locale":"de_DE","og_type":"article","og_title":"B\u00fcrgerdialog startet in zweite Phase","og_description":"Potsdam &ndash; Der Dialogprozess zur geplanten Verwaltungsreform in Brandenburg geht in die n&auml;chste Runde. Auf f&uuml;nf Regionalkonferenzen in Neuruppin, Potsdam, Eberswalde, Cottbus und Beeskow soll das Vorhaben erneut zur &ouml;ffentlichen Diskussion gestellt werden. Innenminister Karl-Heinz Schr&ouml;ter wird......","og_url":"https:\/\/www.prosos.org\/sosvz\/buergerdialog-startet-in-zweite-phase-30511.html","og_site_name":"ProSOS - sosVZ","article_published_time":"2016-02-22T15:11:00+00:00","author":"Innenministerium","twitter_card":"summary_large_image","twitter_misc":{"Verfasst von":"Innenministerium"},"schema":{"@context":"https:\/\/schema.org","@graph":[{"@type":"WebPage","@id":"https:\/\/www.prosos.org\/sosvz\/buergerdialog-startet-in-zweite-phase-30511.html","url":"https:\/\/www.prosos.org\/sosvz\/buergerdialog-startet-in-zweite-phase-30511.html","name":"B\u00fcrgerdialog startet in zweite Phase","isPartOf":{"@id":"https:\/\/www.prosos.org\/sosvz\/#website"},"datePublished":"2016-02-22T15:11:00+00:00","author":{"@id":"https:\/\/www.prosos.org\/sosvz\/#\/schema\/person\/d51887fb89f49dea03d3cbb082fd2c64"},"description":"Potsdam &ndash; Der Dialogprozess zur geplanten Verwaltungsreform in Brandenburg geht in die n&auml;chste Runde. Auf f&uuml;nf Regionalkonferenzen in Neuruppin, Potsdam, Eberswalde, Cottbus und Beeskow soll das Vorhaben erneut zur &ouml;ffentlichen Diskussion gestellt werden. Innenminister Karl-Heinz Schr&ouml;ter wird......","breadcrumb":{"@id":"https:\/\/www.prosos.org\/sosvz\/buergerdialog-startet-in-zweite-phase-30511.html#breadcrumb"},"inLanguage":"de","potentialAction":[{"@type":"ReadAction","target":["https:\/\/www.prosos.org\/sosvz\/buergerdialog-startet-in-zweite-phase-30511.html"]}]},{"@type":"BreadcrumbList","@id":"https:\/\/www.prosos.org\/sosvz\/buergerdialog-startet-in-zweite-phase-30511.html#breadcrumb","itemListElement":[{"@type":"ListItem","position":1,"name":"Home","item":"https:\/\/www.prosos.org\/sosvz"},{"@type":"ListItem","position":2,"name":"B\u00fcrgerdialog startet in zweite Phase"}]},{"@type":"WebSite","@id":"https:\/\/www.prosos.org\/sosvz\/#website","url":"https:\/\/www.prosos.org\/sosvz\/","name":"ProSOS - sosVZ","description":"Die Coummunity f\u00fcr Polizei, Feuerwehr, Rettungsdienste und Selbstschutz","potentialAction":[{"@type":"SearchAction","target":{"@type":"EntryPoint","urlTemplate":"https:\/\/www.prosos.org\/sosvz\/?s={search_term_string}"},"query-input":{"@type":"PropertyValueSpecification","valueRequired":true,"valueName":"search_term_string"}}],"inLanguage":"de"},{"@type":"Person","@id":"https:\/\/www.prosos.org\/sosvz\/#\/schema\/person\/d51887fb89f49dea03d3cbb082fd2c64","name":"Innenministerium","image":{"@type":"ImageObject","inLanguage":"de","@id":"https:\/\/www.prosos.org\/sosvz\/#\/schema\/person\/image\/","url":"https:\/\/secure.gravatar.com\/avatar\/fffb6e982bea8f04536c3bf016282905d61156fb83c7ffdc25c0507c7368a44b?s=96&d=mm&r=g","contentUrl":"https:\/\/secure.gravatar.com\/avatar\/fffb6e982bea8f04536c3bf016282905d61156fb83c7ffdc25c0507c7368a44b?s=96&d=mm&r=g","caption":"Innenministerium"},"sameAs":["http:\/\/www.mi.brandenburg.de\/cms\/detail.php\/lbm1.c.225226.de"]}]}},"_links":{"self":[{"href":"https:\/\/www.prosos.org\/sosvz\/wp-json\/wp\/v2\/posts\/30511","targetHints":{"allow":["GET"]}}],"collection":[{"href":"https:\/\/www.prosos.org\/sosvz\/wp-json\/wp\/v2\/posts"}],"about":[{"href":"https:\/\/www.prosos.org\/sosvz\/wp-json\/wp\/v2\/types\/post"}],"author":[{"embeddable":true,"href":"https:\/\/www.prosos.org\/sosvz\/wp-json\/wp\/v2\/users\/5"}],"replies":[{"embeddable":true,"href":"https:\/\/www.prosos.org\/sosvz\/wp-json\/wp\/v2\/comments?post=30511"}],"version-history":[{"count":2,"href":"https:\/\/www.prosos.org\/sosvz\/wp-json\/wp\/v2\/posts\/30511\/revisions"}],"predecessor-version":[{"id":32197,"href":"https:\/\/www.prosos.org\/sosvz\/wp-json\/wp\/v2\/posts\/30511\/revisions\/32197"}],"wp:attachment":[{"href":"https:\/\/www.prosos.org\/sosvz\/wp-json\/wp\/v2\/media?parent=30511"}],"wp:term":[{"taxonomy":"category","embeddable":true,"href":"https:\/\/www.prosos.org\/sosvz\/wp-json\/wp\/v2\/categories?post=30511"},{"taxonomy":"post_tag","embeddable":true,"href":"https:\/\/www.prosos.org\/sosvz\/wp-json\/wp\/v2\/tags?post=30511"}],"curies":[{"name":"wp","href":"https:\/\/api.w.org\/{rel}","templated":true}]}}