{"id":30521,"date":"2016-02-23T13:58:16","date_gmt":"2016-02-23T12:58:16","guid":{"rendered":"http:\/\/www.prosos.org\/sosvz\/?guid=c5f425b2463a4b6e1e4c7666eec0f007"},"modified":"2016-02-23T13:58:16","modified_gmt":"2016-02-23T12:58:16","slug":"schwerer-verkehrsunfall-zwischen-zwei-pkw-auf-b-26-eine-person-verstorben","status":"publish","type":"post","link":"https:\/\/www.prosos.org\/sosvz\/schwerer-verkehrsunfall-zwischen-zwei-pkw-auf-b-26-eine-person-verstorben-30521.html","title":{"rendered":"Schwerer Verkehrsunfall zwischen zwei Pkw auf B 26 \u2013 Eine Person verstorben"},"content":{"rendered":"LOHR AM MAIN, LKR. MAIN-SPESSART. Zu einem schweren Verkehrsunfall zwischen zwei Pkw ist es am Dienstagvormittag auf der B 26 zwischen Rechtenbach und Lohr am Main gekommen. F\u00fcr einen Fahrer kam jede Hilfe zu sp\u00e4t, der Notarzt konnte nur noch den Tod des Mannes feststellen. Die Ermittlungen zum genauen Unfallhergang f\u00fchrt die Polizeiinspektion Lohr am Main. Auch ein Sachverst\u00e4ndiger ist eingeschaltet.\n<p class=\"syndicated-attribution\"><br \/><a target='_blank' href='http:\/\/www.polizei.bayern.de\/unterfranken\/news\/presse\/aktuell\/index.html\/237024'> komplette Meldung auf Polizei Bayern lesen<\/a><br \/><\/p>","protected":false},"excerpt":{"rendered":"<p>LOHR AM MAIN, LKR. MAIN-SPESSART. Zu einem schweren Verkehrsunfall zwischen zwei Pkw ist es am Dienstagvormittag auf der B 26 zwischen Rechtenbach und Lohr am Main gekommen. F\u00fcr einen Fahrer kam jede Hilfe zu sp\u00e4t, der Notarzt konnte nur noch den Tod&#8230;<\/p>\n","protected":false},"author":2,"featured_media":0,"comment_status":"closed","ping_status":"closed","sticky":false,"template":"","format":"standard","meta":{"footnotes":""},"categories":[5],"tags":[],"class_list":["post-30521","post","type-post","status-publish","format-standard","hentry","category-nayern"],"yoast_head":"<!-- This site is optimized with the Yoast SEO plugin v24.9 - https:\/\/yoast.com\/wordpress\/plugins\/seo\/ -->\n<title>Schwerer Verkehrsunfall zwischen zwei Pkw auf B 26 \u2013 Eine Person verstorben<\/title>\n<meta name=\"description\" content=\"LOHR AM MAIN, LKR. MAIN-SPESSART. Zu einem schweren Verkehrsunfall zwischen zwei Pkw ist es am Dienstagvormittag auf der B 26 zwischen Rechtenbach und Lohr am Main gekommen. F\u00fcr einen Fahrer kam jede Hilfe zu sp\u00e4t, der Notarzt konnte nur noch den Tod...\" \/>\n<meta name=\"robots\" content=\"index, follow, max-snippet:-1, max-image-preview:large, max-video-preview:-1\" \/>\n<link rel=\"canonical\" href=\"https:\/\/www.prosos.org\/sosvz\/schwerer-verkehrsunfall-zwischen-zwei-pkw-auf-b-26-eine-person-verstorben-30521.html\" \/>\n<meta property=\"og:locale\" content=\"de_DE\" \/>\n<meta property=\"og:type\" content=\"article\" \/>\n<meta property=\"og:title\" content=\"Schwerer Verkehrsunfall zwischen zwei Pkw auf B 26 \u2013 Eine Person verstorben\" \/>\n<meta property=\"og:description\" content=\"LOHR AM MAIN, LKR. MAIN-SPESSART. Zu einem schweren Verkehrsunfall zwischen zwei Pkw ist es am Dienstagvormittag auf der B 26 zwischen Rechtenbach und Lohr am Main gekommen. F\u00fcr einen Fahrer kam jede Hilfe zu sp\u00e4t, der Notarzt konnte nur noch den Tod...\" \/>\n<meta property=\"og:url\" content=\"https:\/\/www.prosos.org\/sosvz\/schwerer-verkehrsunfall-zwischen-zwei-pkw-auf-b-26-eine-person-verstorben-30521.html\" \/>\n<meta property=\"og:site_name\" content=\"ProSOS - sosVZ\" \/>\n<meta property=\"article:published_time\" content=\"2016-02-23T12:58:16+00:00\" \/>\n<meta name=\"author\" content=\"Polizei Bayern\" \/>\n<meta name=\"twitter:card\" content=\"summary_large_image\" \/>\n<meta name=\"twitter:label1\" content=\"Verfasst von\" \/>\n\t<meta name=\"twitter:data1\" content=\"Polizei Bayern\" \/>\n<script type=\"application\/ld+json\" class=\"yoast-schema-graph\">{\"@context\":\"https:\/\/schema.org\",\"@graph\":[{\"@type\":\"WebPage\",\"@id\":\"https:\/\/www.prosos.org\/sosvz\/schwerer-verkehrsunfall-zwischen-zwei-pkw-auf-b-26-eine-person-verstorben-30521.html\",\"url\":\"https:\/\/www.prosos.org\/sosvz\/schwerer-verkehrsunfall-zwischen-zwei-pkw-auf-b-26-eine-person-verstorben-30521.html\",\"name\":\"Schwerer Verkehrsunfall zwischen zwei Pkw auf B 26 \u2013 Eine Person verstorben\",\"isPartOf\":{\"@id\":\"https:\/\/www.prosos.org\/sosvz\/#website\"},\"datePublished\":\"2016-02-23T12:58:16+00:00\",\"author\":{\"@id\":\"https:\/\/www.prosos.org\/sosvz\/#\/schema\/person\/fbd66aeac098e28acf1869332c6e55e9\"},\"description\":\"LOHR AM MAIN, LKR. MAIN-SPESSART. Zu einem schweren Verkehrsunfall zwischen zwei Pkw ist es am Dienstagvormittag auf der B 26 zwischen Rechtenbach und Lohr am Main gekommen. F\u00fcr einen Fahrer kam jede Hilfe zu sp\u00e4t, der Notarzt konnte nur noch den Tod...\",\"breadcrumb\":{\"@id\":\"https:\/\/www.prosos.org\/sosvz\/schwerer-verkehrsunfall-zwischen-zwei-pkw-auf-b-26-eine-person-verstorben-30521.html#breadcrumb\"},\"inLanguage\":\"de\",\"potentialAction\":[{\"@type\":\"ReadAction\",\"target\":[\"https:\/\/www.prosos.org\/sosvz\/schwerer-verkehrsunfall-zwischen-zwei-pkw-auf-b-26-eine-person-verstorben-30521.html\"]}]},{\"@type\":\"BreadcrumbList\",\"@id\":\"https:\/\/www.prosos.org\/sosvz\/schwerer-verkehrsunfall-zwischen-zwei-pkw-auf-b-26-eine-person-verstorben-30521.html#breadcrumb\",\"itemListElement\":[{\"@type\":\"ListItem\",\"position\":1,\"name\":\"Home\",\"item\":\"https:\/\/www.prosos.org\/sosvz\"},{\"@type\":\"ListItem\",\"position\":2,\"name\":\"Schwerer Verkehrsunfall zwischen zwei Pkw auf B 26 \u2013 Eine Person verstorben\"}]},{\"@type\":\"WebSite\",\"@id\":\"https:\/\/www.prosos.org\/sosvz\/#website\",\"url\":\"https:\/\/www.prosos.org\/sosvz\/\",\"name\":\"ProSOS - sosVZ\",\"description\":\"Die Coummunity f\u00fcr Polizei, Feuerwehr, Rettungsdienste und Selbstschutz\",\"potentialAction\":[{\"@type\":\"SearchAction\",\"target\":{\"@type\":\"EntryPoint\",\"urlTemplate\":\"https:\/\/www.prosos.org\/sosvz\/?s={search_term_string}\"},\"query-input\":{\"@type\":\"PropertyValueSpecification\",\"valueRequired\":true,\"valueName\":\"search_term_string\"}}],\"inLanguage\":\"de\"},{\"@type\":\"Person\",\"@id\":\"https:\/\/www.prosos.org\/sosvz\/#\/schema\/person\/fbd66aeac098e28acf1869332c6e55e9\",\"name\":\"Polizei Bayern\",\"image\":{\"@type\":\"ImageObject\",\"inLanguage\":\"de\",\"@id\":\"https:\/\/www.prosos.org\/sosvz\/#\/schema\/person\/image\/\",\"url\":\"https:\/\/secure.gravatar.com\/avatar\/a483f747047c1dc1556555639a19986e42d28bda61988c35164221a541236fce?s=96&d=mm&r=g\",\"contentUrl\":\"https:\/\/secure.gravatar.com\/avatar\/a483f747047c1dc1556555639a19986e42d28bda61988c35164221a541236fce?s=96&d=mm&r=g\",\"caption\":\"Polizei Bayern\"},\"sameAs\":[\"http:\/\/www.polizei.bayern.de\"]}]}<\/script>\n<!-- \/ Yoast SEO plugin. -->","yoast_head_json":{"title":"Schwerer Verkehrsunfall zwischen zwei Pkw auf B 26 \u2013 Eine Person verstorben","description":"LOHR AM MAIN, LKR. MAIN-SPESSART. Zu einem schweren Verkehrsunfall zwischen zwei Pkw ist es am Dienstagvormittag auf der B 26 zwischen Rechtenbach und Lohr am Main gekommen. F\u00fcr einen Fahrer kam jede Hilfe zu sp\u00e4t, der Notarzt konnte nur noch den Tod...","robots":{"index":"index","follow":"follow","max-snippet":"max-snippet:-1","max-image-preview":"max-image-preview:large","max-video-preview":"max-video-preview:-1"},"canonical":"https:\/\/www.prosos.org\/sosvz\/schwerer-verkehrsunfall-zwischen-zwei-pkw-auf-b-26-eine-person-verstorben-30521.html","og_locale":"de_DE","og_type":"article","og_title":"Schwerer Verkehrsunfall zwischen zwei Pkw auf B 26 \u2013 Eine Person verstorben","og_description":"LOHR AM MAIN, LKR. MAIN-SPESSART. Zu einem schweren Verkehrsunfall zwischen zwei Pkw ist es am Dienstagvormittag auf der B 26 zwischen Rechtenbach und Lohr am Main gekommen. F\u00fcr einen Fahrer kam jede Hilfe zu sp\u00e4t, der Notarzt konnte nur noch den Tod...","og_url":"https:\/\/www.prosos.org\/sosvz\/schwerer-verkehrsunfall-zwischen-zwei-pkw-auf-b-26-eine-person-verstorben-30521.html","og_site_name":"ProSOS - sosVZ","article_published_time":"2016-02-23T12:58:16+00:00","author":"Polizei Bayern","twitter_card":"summary_large_image","twitter_misc":{"Verfasst von":"Polizei Bayern"},"schema":{"@context":"https:\/\/schema.org","@graph":[{"@type":"WebPage","@id":"https:\/\/www.prosos.org\/sosvz\/schwerer-verkehrsunfall-zwischen-zwei-pkw-auf-b-26-eine-person-verstorben-30521.html","url":"https:\/\/www.prosos.org\/sosvz\/schwerer-verkehrsunfall-zwischen-zwei-pkw-auf-b-26-eine-person-verstorben-30521.html","name":"Schwerer Verkehrsunfall zwischen zwei Pkw auf B 26 \u2013 Eine Person verstorben","isPartOf":{"@id":"https:\/\/www.prosos.org\/sosvz\/#website"},"datePublished":"2016-02-23T12:58:16+00:00","author":{"@id":"https:\/\/www.prosos.org\/sosvz\/#\/schema\/person\/fbd66aeac098e28acf1869332c6e55e9"},"description":"LOHR AM MAIN, LKR. MAIN-SPESSART. Zu einem schweren Verkehrsunfall zwischen zwei Pkw ist es am Dienstagvormittag auf der B 26 zwischen Rechtenbach und Lohr am Main gekommen. F\u00fcr einen Fahrer kam jede Hilfe zu sp\u00e4t, der Notarzt konnte nur noch den Tod...","breadcrumb":{"@id":"https:\/\/www.prosos.org\/sosvz\/schwerer-verkehrsunfall-zwischen-zwei-pkw-auf-b-26-eine-person-verstorben-30521.html#breadcrumb"},"inLanguage":"de","potentialAction":[{"@type":"ReadAction","target":["https:\/\/www.prosos.org\/sosvz\/schwerer-verkehrsunfall-zwischen-zwei-pkw-auf-b-26-eine-person-verstorben-30521.html"]}]},{"@type":"BreadcrumbList","@id":"https:\/\/www.prosos.org\/sosvz\/schwerer-verkehrsunfall-zwischen-zwei-pkw-auf-b-26-eine-person-verstorben-30521.html#breadcrumb","itemListElement":[{"@type":"ListItem","position":1,"name":"Home","item":"https:\/\/www.prosos.org\/sosvz"},{"@type":"ListItem","position":2,"name":"Schwerer Verkehrsunfall zwischen zwei Pkw auf B 26 \u2013 Eine Person verstorben"}]},{"@type":"WebSite","@id":"https:\/\/www.prosos.org\/sosvz\/#website","url":"https:\/\/www.prosos.org\/sosvz\/","name":"ProSOS - sosVZ","description":"Die Coummunity f\u00fcr Polizei, Feuerwehr, Rettungsdienste und Selbstschutz","potentialAction":[{"@type":"SearchAction","target":{"@type":"EntryPoint","urlTemplate":"https:\/\/www.prosos.org\/sosvz\/?s={search_term_string}"},"query-input":{"@type":"PropertyValueSpecification","valueRequired":true,"valueName":"search_term_string"}}],"inLanguage":"de"},{"@type":"Person","@id":"https:\/\/www.prosos.org\/sosvz\/#\/schema\/person\/fbd66aeac098e28acf1869332c6e55e9","name":"Polizei Bayern","image":{"@type":"ImageObject","inLanguage":"de","@id":"https:\/\/www.prosos.org\/sosvz\/#\/schema\/person\/image\/","url":"https:\/\/secure.gravatar.com\/avatar\/a483f747047c1dc1556555639a19986e42d28bda61988c35164221a541236fce?s=96&d=mm&r=g","contentUrl":"https:\/\/secure.gravatar.com\/avatar\/a483f747047c1dc1556555639a19986e42d28bda61988c35164221a541236fce?s=96&d=mm&r=g","caption":"Polizei Bayern"},"sameAs":["http:\/\/www.polizei.bayern.de"]}]}},"_links":{"self":[{"href":"https:\/\/www.prosos.org\/sosvz\/wp-json\/wp\/v2\/posts\/30521","targetHints":{"allow":["GET"]}}],"collection":[{"href":"https:\/\/www.prosos.org\/sosvz\/wp-json\/wp\/v2\/posts"}],"about":[{"href":"https:\/\/www.prosos.org\/sosvz\/wp-json\/wp\/v2\/types\/post"}],"author":[{"embeddable":true,"href":"https:\/\/www.prosos.org\/sosvz\/wp-json\/wp\/v2\/users\/2"}],"replies":[{"embeddable":true,"href":"https:\/\/www.prosos.org\/sosvz\/wp-json\/wp\/v2\/comments?post=30521"}],"version-history":[{"count":1,"href":"https:\/\/www.prosos.org\/sosvz\/wp-json\/wp\/v2\/posts\/30521\/revisions"}],"predecessor-version":[{"id":30522,"href":"https:\/\/www.prosos.org\/sosvz\/wp-json\/wp\/v2\/posts\/30521\/revisions\/30522"}],"wp:attachment":[{"href":"https:\/\/www.prosos.org\/sosvz\/wp-json\/wp\/v2\/media?parent=30521"}],"wp:term":[{"taxonomy":"category","embeddable":true,"href":"https:\/\/www.prosos.org\/sosvz\/wp-json\/wp\/v2\/categories?post=30521"},{"taxonomy":"post_tag","embeddable":true,"href":"https:\/\/www.prosos.org\/sosvz\/wp-json\/wp\/v2\/tags?post=30521"}],"curies":[{"name":"wp","href":"https:\/\/api.w.org\/{rel}","templated":true}]}}