{"id":30535,"date":"2016-02-24T15:18:42","date_gmt":"2016-02-24T14:18:42","guid":{"rendered":"http:\/\/www.prosos.org\/sosvz\/?guid=b55c9d421e51de32ac1bc898516e23b0"},"modified":"2016-02-24T15:18:42","modified_gmt":"2016-02-24T14:18:42","slug":"haftbefehl-wegen-sexuellen-uebergriffs-in-einer-kirche","status":"publish","type":"post","link":"https:\/\/www.prosos.org\/sosvz\/haftbefehl-wegen-sexuellen-uebergriffs-in-einer-kirche-30535.html","title":{"rendered":"Haftbefehl wegen sexuellen \u00dcbergriffs in einer Kirche"},"content":{"rendered":"WELLHEIM, LKRS EICHST\u00c4TT. Die Kriminalpolizei Ingolstadt konnte einen 21-j\u00e4hrigen Tatverd\u00e4chtigen ermitteln, der im Verdacht steht, sowohl f\u00fcr einen sexuellen \u00dcbergriff in der Wellheimer Pfarrkirche als auch f\u00fcr sexuelle Bel\u00e4stigungen einer Mitarbeiterin eines Altenheims in Eichst\u00e4tt verantwortlich zu sein. Gegen den Mann wurde Haftbefehl erlassen.\n<p class=\"syndicated-attribution\"><br \/><a target='_blank' href='http:\/\/www.polizei.bayern.de\/oberbayern_nord\/news\/presse\/aktuell\/index.html\/237092'> komplette Meldung auf Polizei Bayern lesen<\/a><br \/><\/p>","protected":false},"excerpt":{"rendered":"<p>WELLHEIM, LKRS EICHST\u00c4TT. Die Kriminalpolizei Ingolstadt konnte einen 21-j\u00e4hrigen Tatverd\u00e4chtigen ermitteln, der im Verdacht steht, sowohl f\u00fcr einen sexuellen \u00dcbergriff in der Wellheimer Pfarrkirche als auch f\u00fcr sexuelle Bel\u00e4stigungen einer Mita&#8230;<\/p>\n","protected":false},"author":2,"featured_media":0,"comment_status":"closed","ping_status":"closed","sticky":false,"template":"","format":"standard","meta":{"footnotes":""},"categories":[5],"tags":[],"class_list":["post-30535","post","type-post","status-publish","format-standard","hentry","category-nayern"],"yoast_head":"<!-- This site is optimized with the Yoast SEO plugin v24.9 - https:\/\/yoast.com\/wordpress\/plugins\/seo\/ -->\n<title>Haftbefehl wegen sexuellen \u00dcbergriffs in einer Kirche<\/title>\n<meta name=\"description\" content=\"WELLHEIM, LKRS EICHST\u00c4TT. Die Kriminalpolizei Ingolstadt konnte einen 21-j\u00e4hrigen Tatverd\u00e4chtigen ermitteln, der im Verdacht steht, sowohl f\u00fcr einen sexuellen \u00dcbergriff in der Wellheimer Pfarrkirche als auch f\u00fcr sexuelle Bel\u00e4stigungen einer Mita...\" \/>\n<meta name=\"robots\" content=\"index, follow, max-snippet:-1, max-image-preview:large, max-video-preview:-1\" \/>\n<link rel=\"canonical\" href=\"https:\/\/www.prosos.org\/sosvz\/haftbefehl-wegen-sexuellen-uebergriffs-in-einer-kirche-30535.html\" \/>\n<meta property=\"og:locale\" content=\"de_DE\" \/>\n<meta property=\"og:type\" content=\"article\" \/>\n<meta property=\"og:title\" content=\"Haftbefehl wegen sexuellen \u00dcbergriffs in einer Kirche\" \/>\n<meta property=\"og:description\" content=\"WELLHEIM, LKRS EICHST\u00c4TT. Die Kriminalpolizei Ingolstadt konnte einen 21-j\u00e4hrigen Tatverd\u00e4chtigen ermitteln, der im Verdacht steht, sowohl f\u00fcr einen sexuellen \u00dcbergriff in der Wellheimer Pfarrkirche als auch f\u00fcr sexuelle Bel\u00e4stigungen einer Mita...\" \/>\n<meta property=\"og:url\" content=\"https:\/\/www.prosos.org\/sosvz\/haftbefehl-wegen-sexuellen-uebergriffs-in-einer-kirche-30535.html\" \/>\n<meta property=\"og:site_name\" content=\"ProSOS - sosVZ\" \/>\n<meta property=\"article:published_time\" content=\"2016-02-24T14:18:42+00:00\" \/>\n<meta name=\"author\" content=\"Polizei Bayern\" \/>\n<meta name=\"twitter:card\" content=\"summary_large_image\" \/>\n<meta name=\"twitter:label1\" content=\"Verfasst von\" \/>\n\t<meta name=\"twitter:data1\" content=\"Polizei Bayern\" \/>\n<script type=\"application\/ld+json\" class=\"yoast-schema-graph\">{\"@context\":\"https:\/\/schema.org\",\"@graph\":[{\"@type\":\"WebPage\",\"@id\":\"https:\/\/www.prosos.org\/sosvz\/haftbefehl-wegen-sexuellen-uebergriffs-in-einer-kirche-30535.html\",\"url\":\"https:\/\/www.prosos.org\/sosvz\/haftbefehl-wegen-sexuellen-uebergriffs-in-einer-kirche-30535.html\",\"name\":\"Haftbefehl wegen sexuellen \u00dcbergriffs in einer Kirche\",\"isPartOf\":{\"@id\":\"https:\/\/www.prosos.org\/sosvz\/#website\"},\"datePublished\":\"2016-02-24T14:18:42+00:00\",\"author\":{\"@id\":\"https:\/\/www.prosos.org\/sosvz\/#\/schema\/person\/fbd66aeac098e28acf1869332c6e55e9\"},\"description\":\"WELLHEIM, LKRS EICHST\u00c4TT. Die Kriminalpolizei Ingolstadt konnte einen 21-j\u00e4hrigen Tatverd\u00e4chtigen ermitteln, der im Verdacht steht, sowohl f\u00fcr einen sexuellen \u00dcbergriff in der Wellheimer Pfarrkirche als auch f\u00fcr sexuelle Bel\u00e4stigungen einer Mita...\",\"breadcrumb\":{\"@id\":\"https:\/\/www.prosos.org\/sosvz\/haftbefehl-wegen-sexuellen-uebergriffs-in-einer-kirche-30535.html#breadcrumb\"},\"inLanguage\":\"de\",\"potentialAction\":[{\"@type\":\"ReadAction\",\"target\":[\"https:\/\/www.prosos.org\/sosvz\/haftbefehl-wegen-sexuellen-uebergriffs-in-einer-kirche-30535.html\"]}]},{\"@type\":\"BreadcrumbList\",\"@id\":\"https:\/\/www.prosos.org\/sosvz\/haftbefehl-wegen-sexuellen-uebergriffs-in-einer-kirche-30535.html#breadcrumb\",\"itemListElement\":[{\"@type\":\"ListItem\",\"position\":1,\"name\":\"Home\",\"item\":\"https:\/\/www.prosos.org\/sosvz\"},{\"@type\":\"ListItem\",\"position\":2,\"name\":\"Haftbefehl wegen sexuellen \u00dcbergriffs in einer Kirche\"}]},{\"@type\":\"WebSite\",\"@id\":\"https:\/\/www.prosos.org\/sosvz\/#website\",\"url\":\"https:\/\/www.prosos.org\/sosvz\/\",\"name\":\"ProSOS - sosVZ\",\"description\":\"Die Coummunity f\u00fcr Polizei, Feuerwehr, Rettungsdienste und Selbstschutz\",\"potentialAction\":[{\"@type\":\"SearchAction\",\"target\":{\"@type\":\"EntryPoint\",\"urlTemplate\":\"https:\/\/www.prosos.org\/sosvz\/?s={search_term_string}\"},\"query-input\":{\"@type\":\"PropertyValueSpecification\",\"valueRequired\":true,\"valueName\":\"search_term_string\"}}],\"inLanguage\":\"de\"},{\"@type\":\"Person\",\"@id\":\"https:\/\/www.prosos.org\/sosvz\/#\/schema\/person\/fbd66aeac098e28acf1869332c6e55e9\",\"name\":\"Polizei Bayern\",\"image\":{\"@type\":\"ImageObject\",\"inLanguage\":\"de\",\"@id\":\"https:\/\/www.prosos.org\/sosvz\/#\/schema\/person\/image\/\",\"url\":\"https:\/\/secure.gravatar.com\/avatar\/a483f747047c1dc1556555639a19986e42d28bda61988c35164221a541236fce?s=96&d=mm&r=g\",\"contentUrl\":\"https:\/\/secure.gravatar.com\/avatar\/a483f747047c1dc1556555639a19986e42d28bda61988c35164221a541236fce?s=96&d=mm&r=g\",\"caption\":\"Polizei Bayern\"},\"sameAs\":[\"http:\/\/www.polizei.bayern.de\"]}]}<\/script>\n<!-- \/ Yoast SEO plugin. -->","yoast_head_json":{"title":"Haftbefehl wegen sexuellen \u00dcbergriffs in einer Kirche","description":"WELLHEIM, LKRS EICHST\u00c4TT. Die Kriminalpolizei Ingolstadt konnte einen 21-j\u00e4hrigen Tatverd\u00e4chtigen ermitteln, der im Verdacht steht, sowohl f\u00fcr einen sexuellen \u00dcbergriff in der Wellheimer Pfarrkirche als auch f\u00fcr sexuelle Bel\u00e4stigungen einer Mita...","robots":{"index":"index","follow":"follow","max-snippet":"max-snippet:-1","max-image-preview":"max-image-preview:large","max-video-preview":"max-video-preview:-1"},"canonical":"https:\/\/www.prosos.org\/sosvz\/haftbefehl-wegen-sexuellen-uebergriffs-in-einer-kirche-30535.html","og_locale":"de_DE","og_type":"article","og_title":"Haftbefehl wegen sexuellen \u00dcbergriffs in einer Kirche","og_description":"WELLHEIM, LKRS EICHST\u00c4TT. Die Kriminalpolizei Ingolstadt konnte einen 21-j\u00e4hrigen Tatverd\u00e4chtigen ermitteln, der im Verdacht steht, sowohl f\u00fcr einen sexuellen \u00dcbergriff in der Wellheimer Pfarrkirche als auch f\u00fcr sexuelle Bel\u00e4stigungen einer Mita...","og_url":"https:\/\/www.prosos.org\/sosvz\/haftbefehl-wegen-sexuellen-uebergriffs-in-einer-kirche-30535.html","og_site_name":"ProSOS - sosVZ","article_published_time":"2016-02-24T14:18:42+00:00","author":"Polizei Bayern","twitter_card":"summary_large_image","twitter_misc":{"Verfasst von":"Polizei Bayern"},"schema":{"@context":"https:\/\/schema.org","@graph":[{"@type":"WebPage","@id":"https:\/\/www.prosos.org\/sosvz\/haftbefehl-wegen-sexuellen-uebergriffs-in-einer-kirche-30535.html","url":"https:\/\/www.prosos.org\/sosvz\/haftbefehl-wegen-sexuellen-uebergriffs-in-einer-kirche-30535.html","name":"Haftbefehl wegen sexuellen \u00dcbergriffs in einer Kirche","isPartOf":{"@id":"https:\/\/www.prosos.org\/sosvz\/#website"},"datePublished":"2016-02-24T14:18:42+00:00","author":{"@id":"https:\/\/www.prosos.org\/sosvz\/#\/schema\/person\/fbd66aeac098e28acf1869332c6e55e9"},"description":"WELLHEIM, LKRS EICHST\u00c4TT. Die Kriminalpolizei Ingolstadt konnte einen 21-j\u00e4hrigen Tatverd\u00e4chtigen ermitteln, der im Verdacht steht, sowohl f\u00fcr einen sexuellen \u00dcbergriff in der Wellheimer Pfarrkirche als auch f\u00fcr sexuelle Bel\u00e4stigungen einer Mita...","breadcrumb":{"@id":"https:\/\/www.prosos.org\/sosvz\/haftbefehl-wegen-sexuellen-uebergriffs-in-einer-kirche-30535.html#breadcrumb"},"inLanguage":"de","potentialAction":[{"@type":"ReadAction","target":["https:\/\/www.prosos.org\/sosvz\/haftbefehl-wegen-sexuellen-uebergriffs-in-einer-kirche-30535.html"]}]},{"@type":"BreadcrumbList","@id":"https:\/\/www.prosos.org\/sosvz\/haftbefehl-wegen-sexuellen-uebergriffs-in-einer-kirche-30535.html#breadcrumb","itemListElement":[{"@type":"ListItem","position":1,"name":"Home","item":"https:\/\/www.prosos.org\/sosvz"},{"@type":"ListItem","position":2,"name":"Haftbefehl wegen sexuellen \u00dcbergriffs in einer Kirche"}]},{"@type":"WebSite","@id":"https:\/\/www.prosos.org\/sosvz\/#website","url":"https:\/\/www.prosos.org\/sosvz\/","name":"ProSOS - sosVZ","description":"Die Coummunity f\u00fcr Polizei, Feuerwehr, Rettungsdienste und Selbstschutz","potentialAction":[{"@type":"SearchAction","target":{"@type":"EntryPoint","urlTemplate":"https:\/\/www.prosos.org\/sosvz\/?s={search_term_string}"},"query-input":{"@type":"PropertyValueSpecification","valueRequired":true,"valueName":"search_term_string"}}],"inLanguage":"de"},{"@type":"Person","@id":"https:\/\/www.prosos.org\/sosvz\/#\/schema\/person\/fbd66aeac098e28acf1869332c6e55e9","name":"Polizei Bayern","image":{"@type":"ImageObject","inLanguage":"de","@id":"https:\/\/www.prosos.org\/sosvz\/#\/schema\/person\/image\/","url":"https:\/\/secure.gravatar.com\/avatar\/a483f747047c1dc1556555639a19986e42d28bda61988c35164221a541236fce?s=96&d=mm&r=g","contentUrl":"https:\/\/secure.gravatar.com\/avatar\/a483f747047c1dc1556555639a19986e42d28bda61988c35164221a541236fce?s=96&d=mm&r=g","caption":"Polizei Bayern"},"sameAs":["http:\/\/www.polizei.bayern.de"]}]}},"_links":{"self":[{"href":"https:\/\/www.prosos.org\/sosvz\/wp-json\/wp\/v2\/posts\/30535","targetHints":{"allow":["GET"]}}],"collection":[{"href":"https:\/\/www.prosos.org\/sosvz\/wp-json\/wp\/v2\/posts"}],"about":[{"href":"https:\/\/www.prosos.org\/sosvz\/wp-json\/wp\/v2\/types\/post"}],"author":[{"embeddable":true,"href":"https:\/\/www.prosos.org\/sosvz\/wp-json\/wp\/v2\/users\/2"}],"replies":[{"embeddable":true,"href":"https:\/\/www.prosos.org\/sosvz\/wp-json\/wp\/v2\/comments?post=30535"}],"version-history":[{"count":1,"href":"https:\/\/www.prosos.org\/sosvz\/wp-json\/wp\/v2\/posts\/30535\/revisions"}],"predecessor-version":[{"id":30536,"href":"https:\/\/www.prosos.org\/sosvz\/wp-json\/wp\/v2\/posts\/30535\/revisions\/30536"}],"wp:attachment":[{"href":"https:\/\/www.prosos.org\/sosvz\/wp-json\/wp\/v2\/media?parent=30535"}],"wp:term":[{"taxonomy":"category","embeddable":true,"href":"https:\/\/www.prosos.org\/sosvz\/wp-json\/wp\/v2\/categories?post=30535"},{"taxonomy":"post_tag","embeddable":true,"href":"https:\/\/www.prosos.org\/sosvz\/wp-json\/wp\/v2\/tags?post=30535"}],"curies":[{"name":"wp","href":"https:\/\/api.w.org\/{rel}","templated":true}]}}