{"id":30571,"date":"2016-02-26T23:01:51","date_gmt":"2016-02-26T22:01:51","guid":{"rendered":"http:\/\/www.prosos.org\/sosvz\/?guid=22491e4917edc59aa8cd8f945817e9d2"},"modified":"2016-02-26T23:01:51","modified_gmt":"2016-02-26T22:01:51","slug":"sachbeschaedigung-an-fahrzeugen-gruppe-greift-zwei-geschaedigte-an-20-jaehriger-in-klinik","status":"publish","type":"post","link":"https:\/\/www.prosos.org\/sosvz\/sachbeschaedigung-an-fahrzeugen-gruppe-greift-zwei-geschaedigte-an-20-jaehriger-in-klinik-30571.html","title":{"rendered":"Sachbesch\u00e4digung an Fahrzeugen \u2013 Gruppe greift zwei Gesch\u00e4digte an \u2013 20-J\u00e4hriger in Klinik"},"content":{"rendered":"SCHWEINFURT. Am Donnerstagabend hat eine Gruppe junger M\u00e4nner zun\u00e4chst drei Fahrzeuge besch\u00e4digt und schlie\u00dflich den Besitzer einer der Pkw sowie dessen Begleiter angegriffen und dabei mittelschwer verletzt. Die Schweinfurter Polizei nahm 30 Minuten sp\u00e4ter zwei Tatverd\u00e4chtige fest. Mittlerweile hat die Kripo Schweinfurt die Ermittlungen wegen unterschiedlicher Delikte \u00fcbernommen.  \n<p class=\"syndicated-attribution\"><br \/><a target='_blank' href='http:\/\/www.polizei.bayern.de\/unterfranken\/news\/presse\/aktuell\/index.html\/237217'> komplette Meldung auf Polizei Bayern lesen<\/a><br \/><\/p>","protected":false},"excerpt":{"rendered":"<p>SCHWEINFURT. Am Donnerstagabend hat eine Gruppe junger M\u00e4nner zun\u00e4chst drei Fahrzeuge besch\u00e4digt und schlie\u00dflich den Besitzer einer der Pkw sowie dessen Begleiter angegriffen und dabei mittelschwer verletzt. Die Schweinfurter Polizei nahm 30 Minute&#8230;<\/p>\n","protected":false},"author":2,"featured_media":0,"comment_status":"closed","ping_status":"closed","sticky":false,"template":"","format":"standard","meta":{"footnotes":""},"categories":[5],"tags":[],"class_list":["post-30571","post","type-post","status-publish","format-standard","hentry","category-nayern"],"yoast_head":"<!-- This site is optimized with the Yoast SEO plugin v24.9 - https:\/\/yoast.com\/wordpress\/plugins\/seo\/ -->\n<title>Sachbesch\u00e4digung an Fahrzeugen \u2013 Gruppe greift zwei Gesch\u00e4digte an \u2013 20-J\u00e4hriger in Klinik<\/title>\n<meta name=\"description\" content=\"SCHWEINFURT. Am Donnerstagabend hat eine Gruppe junger M\u00e4nner zun\u00e4chst drei Fahrzeuge besch\u00e4digt und schlie\u00dflich den Besitzer einer der Pkw sowie dessen Begleiter angegriffen und dabei mittelschwer verletzt. Die Schweinfurter Polizei nahm 30 Minute...\" \/>\n<meta name=\"robots\" content=\"index, follow, max-snippet:-1, max-image-preview:large, max-video-preview:-1\" \/>\n<link rel=\"canonical\" href=\"https:\/\/www.prosos.org\/sosvz\/sachbeschaedigung-an-fahrzeugen-gruppe-greift-zwei-geschaedigte-an-20-jaehriger-in-klinik-30571.html\" \/>\n<meta property=\"og:locale\" content=\"de_DE\" \/>\n<meta property=\"og:type\" content=\"article\" \/>\n<meta property=\"og:title\" content=\"Sachbesch\u00e4digung an Fahrzeugen \u2013 Gruppe greift zwei Gesch\u00e4digte an \u2013 20-J\u00e4hriger in Klinik\" \/>\n<meta property=\"og:description\" content=\"SCHWEINFURT. Am Donnerstagabend hat eine Gruppe junger M\u00e4nner zun\u00e4chst drei Fahrzeuge besch\u00e4digt und schlie\u00dflich den Besitzer einer der Pkw sowie dessen Begleiter angegriffen und dabei mittelschwer verletzt. Die Schweinfurter Polizei nahm 30 Minute...\" \/>\n<meta property=\"og:url\" content=\"https:\/\/www.prosos.org\/sosvz\/sachbeschaedigung-an-fahrzeugen-gruppe-greift-zwei-geschaedigte-an-20-jaehriger-in-klinik-30571.html\" \/>\n<meta property=\"og:site_name\" content=\"ProSOS - sosVZ\" \/>\n<meta property=\"article:published_time\" content=\"2016-02-26T22:01:51+00:00\" \/>\n<meta name=\"author\" content=\"Polizei Bayern\" \/>\n<meta name=\"twitter:card\" content=\"summary_large_image\" \/>\n<meta name=\"twitter:label1\" content=\"Verfasst von\" \/>\n\t<meta name=\"twitter:data1\" content=\"Polizei Bayern\" \/>\n<script type=\"application\/ld+json\" class=\"yoast-schema-graph\">{\"@context\":\"https:\/\/schema.org\",\"@graph\":[{\"@type\":\"WebPage\",\"@id\":\"https:\/\/www.prosos.org\/sosvz\/sachbeschaedigung-an-fahrzeugen-gruppe-greift-zwei-geschaedigte-an-20-jaehriger-in-klinik-30571.html\",\"url\":\"https:\/\/www.prosos.org\/sosvz\/sachbeschaedigung-an-fahrzeugen-gruppe-greift-zwei-geschaedigte-an-20-jaehriger-in-klinik-30571.html\",\"name\":\"Sachbesch\u00e4digung an Fahrzeugen \u2013 Gruppe greift zwei Gesch\u00e4digte an \u2013 20-J\u00e4hriger in Klinik\",\"isPartOf\":{\"@id\":\"https:\/\/www.prosos.org\/sosvz\/#website\"},\"datePublished\":\"2016-02-26T22:01:51+00:00\",\"author\":{\"@id\":\"https:\/\/www.prosos.org\/sosvz\/#\/schema\/person\/fbd66aeac098e28acf1869332c6e55e9\"},\"description\":\"SCHWEINFURT. Am Donnerstagabend hat eine Gruppe junger M\u00e4nner zun\u00e4chst drei Fahrzeuge besch\u00e4digt und schlie\u00dflich den Besitzer einer der Pkw sowie dessen Begleiter angegriffen und dabei mittelschwer verletzt. Die Schweinfurter Polizei nahm 30 Minute...\",\"breadcrumb\":{\"@id\":\"https:\/\/www.prosos.org\/sosvz\/sachbeschaedigung-an-fahrzeugen-gruppe-greift-zwei-geschaedigte-an-20-jaehriger-in-klinik-30571.html#breadcrumb\"},\"inLanguage\":\"de\",\"potentialAction\":[{\"@type\":\"ReadAction\",\"target\":[\"https:\/\/www.prosos.org\/sosvz\/sachbeschaedigung-an-fahrzeugen-gruppe-greift-zwei-geschaedigte-an-20-jaehriger-in-klinik-30571.html\"]}]},{\"@type\":\"BreadcrumbList\",\"@id\":\"https:\/\/www.prosos.org\/sosvz\/sachbeschaedigung-an-fahrzeugen-gruppe-greift-zwei-geschaedigte-an-20-jaehriger-in-klinik-30571.html#breadcrumb\",\"itemListElement\":[{\"@type\":\"ListItem\",\"position\":1,\"name\":\"Home\",\"item\":\"https:\/\/www.prosos.org\/sosvz\"},{\"@type\":\"ListItem\",\"position\":2,\"name\":\"Sachbesch\u00e4digung an Fahrzeugen \u2013 Gruppe greift zwei Gesch\u00e4digte an \u2013 20-J\u00e4hriger in Klinik\"}]},{\"@type\":\"WebSite\",\"@id\":\"https:\/\/www.prosos.org\/sosvz\/#website\",\"url\":\"https:\/\/www.prosos.org\/sosvz\/\",\"name\":\"ProSOS - sosVZ\",\"description\":\"Die Coummunity f\u00fcr Polizei, Feuerwehr, Rettungsdienste und Selbstschutz\",\"potentialAction\":[{\"@type\":\"SearchAction\",\"target\":{\"@type\":\"EntryPoint\",\"urlTemplate\":\"https:\/\/www.prosos.org\/sosvz\/?s={search_term_string}\"},\"query-input\":{\"@type\":\"PropertyValueSpecification\",\"valueRequired\":true,\"valueName\":\"search_term_string\"}}],\"inLanguage\":\"de\"},{\"@type\":\"Person\",\"@id\":\"https:\/\/www.prosos.org\/sosvz\/#\/schema\/person\/fbd66aeac098e28acf1869332c6e55e9\",\"name\":\"Polizei Bayern\",\"image\":{\"@type\":\"ImageObject\",\"inLanguage\":\"de\",\"@id\":\"https:\/\/www.prosos.org\/sosvz\/#\/schema\/person\/image\/\",\"url\":\"https:\/\/secure.gravatar.com\/avatar\/a483f747047c1dc1556555639a19986e42d28bda61988c35164221a541236fce?s=96&d=mm&r=g\",\"contentUrl\":\"https:\/\/secure.gravatar.com\/avatar\/a483f747047c1dc1556555639a19986e42d28bda61988c35164221a541236fce?s=96&d=mm&r=g\",\"caption\":\"Polizei Bayern\"},\"sameAs\":[\"http:\/\/www.polizei.bayern.de\"]}]}<\/script>\n<!-- \/ Yoast SEO plugin. -->","yoast_head_json":{"title":"Sachbesch\u00e4digung an Fahrzeugen \u2013 Gruppe greift zwei Gesch\u00e4digte an \u2013 20-J\u00e4hriger in Klinik","description":"SCHWEINFURT. Am Donnerstagabend hat eine Gruppe junger M\u00e4nner zun\u00e4chst drei Fahrzeuge besch\u00e4digt und schlie\u00dflich den Besitzer einer der Pkw sowie dessen Begleiter angegriffen und dabei mittelschwer verletzt. Die Schweinfurter Polizei nahm 30 Minute...","robots":{"index":"index","follow":"follow","max-snippet":"max-snippet:-1","max-image-preview":"max-image-preview:large","max-video-preview":"max-video-preview:-1"},"canonical":"https:\/\/www.prosos.org\/sosvz\/sachbeschaedigung-an-fahrzeugen-gruppe-greift-zwei-geschaedigte-an-20-jaehriger-in-klinik-30571.html","og_locale":"de_DE","og_type":"article","og_title":"Sachbesch\u00e4digung an Fahrzeugen \u2013 Gruppe greift zwei Gesch\u00e4digte an \u2013 20-J\u00e4hriger in Klinik","og_description":"SCHWEINFURT. Am Donnerstagabend hat eine Gruppe junger M\u00e4nner zun\u00e4chst drei Fahrzeuge besch\u00e4digt und schlie\u00dflich den Besitzer einer der Pkw sowie dessen Begleiter angegriffen und dabei mittelschwer verletzt. Die Schweinfurter Polizei nahm 30 Minute...","og_url":"https:\/\/www.prosos.org\/sosvz\/sachbeschaedigung-an-fahrzeugen-gruppe-greift-zwei-geschaedigte-an-20-jaehriger-in-klinik-30571.html","og_site_name":"ProSOS - sosVZ","article_published_time":"2016-02-26T22:01:51+00:00","author":"Polizei Bayern","twitter_card":"summary_large_image","twitter_misc":{"Verfasst von":"Polizei Bayern"},"schema":{"@context":"https:\/\/schema.org","@graph":[{"@type":"WebPage","@id":"https:\/\/www.prosos.org\/sosvz\/sachbeschaedigung-an-fahrzeugen-gruppe-greift-zwei-geschaedigte-an-20-jaehriger-in-klinik-30571.html","url":"https:\/\/www.prosos.org\/sosvz\/sachbeschaedigung-an-fahrzeugen-gruppe-greift-zwei-geschaedigte-an-20-jaehriger-in-klinik-30571.html","name":"Sachbesch\u00e4digung an Fahrzeugen \u2013 Gruppe greift zwei Gesch\u00e4digte an \u2013 20-J\u00e4hriger in Klinik","isPartOf":{"@id":"https:\/\/www.prosos.org\/sosvz\/#website"},"datePublished":"2016-02-26T22:01:51+00:00","author":{"@id":"https:\/\/www.prosos.org\/sosvz\/#\/schema\/person\/fbd66aeac098e28acf1869332c6e55e9"},"description":"SCHWEINFURT. Am Donnerstagabend hat eine Gruppe junger M\u00e4nner zun\u00e4chst drei Fahrzeuge besch\u00e4digt und schlie\u00dflich den Besitzer einer der Pkw sowie dessen Begleiter angegriffen und dabei mittelschwer verletzt. Die Schweinfurter Polizei nahm 30 Minute...","breadcrumb":{"@id":"https:\/\/www.prosos.org\/sosvz\/sachbeschaedigung-an-fahrzeugen-gruppe-greift-zwei-geschaedigte-an-20-jaehriger-in-klinik-30571.html#breadcrumb"},"inLanguage":"de","potentialAction":[{"@type":"ReadAction","target":["https:\/\/www.prosos.org\/sosvz\/sachbeschaedigung-an-fahrzeugen-gruppe-greift-zwei-geschaedigte-an-20-jaehriger-in-klinik-30571.html"]}]},{"@type":"BreadcrumbList","@id":"https:\/\/www.prosos.org\/sosvz\/sachbeschaedigung-an-fahrzeugen-gruppe-greift-zwei-geschaedigte-an-20-jaehriger-in-klinik-30571.html#breadcrumb","itemListElement":[{"@type":"ListItem","position":1,"name":"Home","item":"https:\/\/www.prosos.org\/sosvz"},{"@type":"ListItem","position":2,"name":"Sachbesch\u00e4digung an Fahrzeugen \u2013 Gruppe greift zwei Gesch\u00e4digte an \u2013 20-J\u00e4hriger in Klinik"}]},{"@type":"WebSite","@id":"https:\/\/www.prosos.org\/sosvz\/#website","url":"https:\/\/www.prosos.org\/sosvz\/","name":"ProSOS - sosVZ","description":"Die Coummunity f\u00fcr Polizei, Feuerwehr, Rettungsdienste und Selbstschutz","potentialAction":[{"@type":"SearchAction","target":{"@type":"EntryPoint","urlTemplate":"https:\/\/www.prosos.org\/sosvz\/?s={search_term_string}"},"query-input":{"@type":"PropertyValueSpecification","valueRequired":true,"valueName":"search_term_string"}}],"inLanguage":"de"},{"@type":"Person","@id":"https:\/\/www.prosos.org\/sosvz\/#\/schema\/person\/fbd66aeac098e28acf1869332c6e55e9","name":"Polizei Bayern","image":{"@type":"ImageObject","inLanguage":"de","@id":"https:\/\/www.prosos.org\/sosvz\/#\/schema\/person\/image\/","url":"https:\/\/secure.gravatar.com\/avatar\/a483f747047c1dc1556555639a19986e42d28bda61988c35164221a541236fce?s=96&d=mm&r=g","contentUrl":"https:\/\/secure.gravatar.com\/avatar\/a483f747047c1dc1556555639a19986e42d28bda61988c35164221a541236fce?s=96&d=mm&r=g","caption":"Polizei Bayern"},"sameAs":["http:\/\/www.polizei.bayern.de"]}]}},"_links":{"self":[{"href":"https:\/\/www.prosos.org\/sosvz\/wp-json\/wp\/v2\/posts\/30571","targetHints":{"allow":["GET"]}}],"collection":[{"href":"https:\/\/www.prosos.org\/sosvz\/wp-json\/wp\/v2\/posts"}],"about":[{"href":"https:\/\/www.prosos.org\/sosvz\/wp-json\/wp\/v2\/types\/post"}],"author":[{"embeddable":true,"href":"https:\/\/www.prosos.org\/sosvz\/wp-json\/wp\/v2\/users\/2"}],"replies":[{"embeddable":true,"href":"https:\/\/www.prosos.org\/sosvz\/wp-json\/wp\/v2\/comments?post=30571"}],"version-history":[{"count":1,"href":"https:\/\/www.prosos.org\/sosvz\/wp-json\/wp\/v2\/posts\/30571\/revisions"}],"predecessor-version":[{"id":30572,"href":"https:\/\/www.prosos.org\/sosvz\/wp-json\/wp\/v2\/posts\/30571\/revisions\/30572"}],"wp:attachment":[{"href":"https:\/\/www.prosos.org\/sosvz\/wp-json\/wp\/v2\/media?parent=30571"}],"wp:term":[{"taxonomy":"category","embeddable":true,"href":"https:\/\/www.prosos.org\/sosvz\/wp-json\/wp\/v2\/categories?post=30571"},{"taxonomy":"post_tag","embeddable":true,"href":"https:\/\/www.prosos.org\/sosvz\/wp-json\/wp\/v2\/tags?post=30571"}],"curies":[{"name":"wp","href":"https:\/\/api.w.org\/{rel}","templated":true}]}}