{"id":31319,"date":"2016-04-04T13:34:11","date_gmt":"2016-04-04T11:34:11","guid":{"rendered":"http:\/\/www.prosos.org\/sosvz\/?guid=cd12ce809139bc2841d2dd5a46881b10"},"modified":"2016-04-04T13:34:11","modified_gmt":"2016-04-04T11:34:11","slug":"brand-beschaedigt-geschaeftsgebaeude-tatverdaechtiger-ermittelt-und-festgenommen","status":"publish","type":"post","link":"https:\/\/www.prosos.org\/sosvz\/brand-beschaedigt-geschaeftsgebaeude-tatverdaechtiger-ermittelt-und-festgenommen-31319.html","title":{"rendered":"Brand besch\u00e4digt Gesch\u00e4ftsgeb\u00e4ude \u2013 Tatverd\u00e4chtiger ermittelt und festgenommen"},"content":{"rendered":"COBURG. Einen 41-j\u00e4hrigen Tatverd\u00e4chtigen nahmen Kriminalpolizei und Staatsanwaltschaft Coburg Ende letzter Woche fest. Der Mann ist nach derzeitigem Ermittlungsstand f\u00fcr das Feuer in einer Arztpraxis am Ostersonntag verantwortlich. Auf Antrag der Staatsanwaltschaft Coburg erging gegen den Mann am Wochenende Unterbringungshaftbefehl.\n<p class=\"syndicated-attribution\"><br \/><a target='_blank' href='http:\/\/www.polizei.bayern.de\/oberfranken\/news\/presse\/aktuell\/index.html\/239184'> komplette Meldung auf Polizei Bayern lesen<\/a><br \/><\/p>","protected":false},"excerpt":{"rendered":"<p>COBURG. Einen 41-j\u00e4hrigen Tatverd\u00e4chtigen nahmen Kriminalpolizei und Staatsanwaltschaft Coburg Ende letzter Woche fest. Der Mann ist nach derzeitigem Ermittlungsstand f\u00fcr das Feuer in einer Arztpraxis am Ostersonntag verantwortlich. Auf Antrag der S&#8230;<\/p>\n","protected":false},"author":2,"featured_media":0,"comment_status":"closed","ping_status":"closed","sticky":false,"template":"","format":"standard","meta":{"footnotes":""},"categories":[5],"tags":[],"class_list":["post-31319","post","type-post","status-publish","format-standard","hentry","category-nayern"],"yoast_head":"<!-- This site is optimized with the Yoast SEO plugin v24.9 - https:\/\/yoast.com\/wordpress\/plugins\/seo\/ -->\n<title>Brand besch\u00e4digt Gesch\u00e4ftsgeb\u00e4ude \u2013 Tatverd\u00e4chtiger ermittelt und festgenommen<\/title>\n<meta name=\"description\" content=\"COBURG. Einen 41-j\u00e4hrigen Tatverd\u00e4chtigen nahmen Kriminalpolizei und Staatsanwaltschaft Coburg Ende letzter Woche fest. Der Mann ist nach derzeitigem Ermittlungsstand f\u00fcr das Feuer in einer Arztpraxis am Ostersonntag verantwortlich. Auf Antrag der S...\" \/>\n<meta name=\"robots\" content=\"index, follow, max-snippet:-1, max-image-preview:large, max-video-preview:-1\" \/>\n<link rel=\"canonical\" href=\"https:\/\/www.prosos.org\/sosvz\/brand-beschaedigt-geschaeftsgebaeude-tatverdaechtiger-ermittelt-und-festgenommen-31319.html\" \/>\n<meta property=\"og:locale\" content=\"de_DE\" \/>\n<meta property=\"og:type\" content=\"article\" \/>\n<meta property=\"og:title\" content=\"Brand besch\u00e4digt Gesch\u00e4ftsgeb\u00e4ude \u2013 Tatverd\u00e4chtiger ermittelt und festgenommen\" \/>\n<meta property=\"og:description\" content=\"COBURG. Einen 41-j\u00e4hrigen Tatverd\u00e4chtigen nahmen Kriminalpolizei und Staatsanwaltschaft Coburg Ende letzter Woche fest. Der Mann ist nach derzeitigem Ermittlungsstand f\u00fcr das Feuer in einer Arztpraxis am Ostersonntag verantwortlich. Auf Antrag der S...\" \/>\n<meta property=\"og:url\" content=\"https:\/\/www.prosos.org\/sosvz\/brand-beschaedigt-geschaeftsgebaeude-tatverdaechtiger-ermittelt-und-festgenommen-31319.html\" \/>\n<meta property=\"og:site_name\" content=\"ProSOS - sosVZ\" \/>\n<meta property=\"article:published_time\" content=\"2016-04-04T11:34:11+00:00\" \/>\n<meta name=\"author\" content=\"Polizei Bayern\" \/>\n<meta name=\"twitter:card\" content=\"summary_large_image\" \/>\n<meta name=\"twitter:label1\" content=\"Verfasst von\" \/>\n\t<meta name=\"twitter:data1\" content=\"Polizei Bayern\" \/>\n<script type=\"application\/ld+json\" class=\"yoast-schema-graph\">{\"@context\":\"https:\/\/schema.org\",\"@graph\":[{\"@type\":\"WebPage\",\"@id\":\"https:\/\/www.prosos.org\/sosvz\/brand-beschaedigt-geschaeftsgebaeude-tatverdaechtiger-ermittelt-und-festgenommen-31319.html\",\"url\":\"https:\/\/www.prosos.org\/sosvz\/brand-beschaedigt-geschaeftsgebaeude-tatverdaechtiger-ermittelt-und-festgenommen-31319.html\",\"name\":\"Brand besch\u00e4digt Gesch\u00e4ftsgeb\u00e4ude \u2013 Tatverd\u00e4chtiger ermittelt und festgenommen\",\"isPartOf\":{\"@id\":\"https:\/\/www.prosos.org\/sosvz\/#website\"},\"datePublished\":\"2016-04-04T11:34:11+00:00\",\"author\":{\"@id\":\"https:\/\/www.prosos.org\/sosvz\/#\/schema\/person\/fbd66aeac098e28acf1869332c6e55e9\"},\"description\":\"COBURG. Einen 41-j\u00e4hrigen Tatverd\u00e4chtigen nahmen Kriminalpolizei und Staatsanwaltschaft Coburg Ende letzter Woche fest. Der Mann ist nach derzeitigem Ermittlungsstand f\u00fcr das Feuer in einer Arztpraxis am Ostersonntag verantwortlich. Auf Antrag der S...\",\"breadcrumb\":{\"@id\":\"https:\/\/www.prosos.org\/sosvz\/brand-beschaedigt-geschaeftsgebaeude-tatverdaechtiger-ermittelt-und-festgenommen-31319.html#breadcrumb\"},\"inLanguage\":\"de\",\"potentialAction\":[{\"@type\":\"ReadAction\",\"target\":[\"https:\/\/www.prosos.org\/sosvz\/brand-beschaedigt-geschaeftsgebaeude-tatverdaechtiger-ermittelt-und-festgenommen-31319.html\"]}]},{\"@type\":\"BreadcrumbList\",\"@id\":\"https:\/\/www.prosos.org\/sosvz\/brand-beschaedigt-geschaeftsgebaeude-tatverdaechtiger-ermittelt-und-festgenommen-31319.html#breadcrumb\",\"itemListElement\":[{\"@type\":\"ListItem\",\"position\":1,\"name\":\"Home\",\"item\":\"https:\/\/www.prosos.org\/sosvz\"},{\"@type\":\"ListItem\",\"position\":2,\"name\":\"Brand besch\u00e4digt Gesch\u00e4ftsgeb\u00e4ude \u2013 Tatverd\u00e4chtiger ermittelt und festgenommen\"}]},{\"@type\":\"WebSite\",\"@id\":\"https:\/\/www.prosos.org\/sosvz\/#website\",\"url\":\"https:\/\/www.prosos.org\/sosvz\/\",\"name\":\"ProSOS - sosVZ\",\"description\":\"Die Coummunity f\u00fcr Polizei, Feuerwehr, Rettungsdienste und Selbstschutz\",\"potentialAction\":[{\"@type\":\"SearchAction\",\"target\":{\"@type\":\"EntryPoint\",\"urlTemplate\":\"https:\/\/www.prosos.org\/sosvz\/?s={search_term_string}\"},\"query-input\":{\"@type\":\"PropertyValueSpecification\",\"valueRequired\":true,\"valueName\":\"search_term_string\"}}],\"inLanguage\":\"de\"},{\"@type\":\"Person\",\"@id\":\"https:\/\/www.prosos.org\/sosvz\/#\/schema\/person\/fbd66aeac098e28acf1869332c6e55e9\",\"name\":\"Polizei Bayern\",\"image\":{\"@type\":\"ImageObject\",\"inLanguage\":\"de\",\"@id\":\"https:\/\/www.prosos.org\/sosvz\/#\/schema\/person\/image\/\",\"url\":\"https:\/\/secure.gravatar.com\/avatar\/a483f747047c1dc1556555639a19986e42d28bda61988c35164221a541236fce?s=96&d=mm&r=g\",\"contentUrl\":\"https:\/\/secure.gravatar.com\/avatar\/a483f747047c1dc1556555639a19986e42d28bda61988c35164221a541236fce?s=96&d=mm&r=g\",\"caption\":\"Polizei Bayern\"},\"sameAs\":[\"http:\/\/www.polizei.bayern.de\"]}]}<\/script>\n<!-- \/ Yoast SEO plugin. -->","yoast_head_json":{"title":"Brand besch\u00e4digt Gesch\u00e4ftsgeb\u00e4ude \u2013 Tatverd\u00e4chtiger ermittelt und festgenommen","description":"COBURG. Einen 41-j\u00e4hrigen Tatverd\u00e4chtigen nahmen Kriminalpolizei und Staatsanwaltschaft Coburg Ende letzter Woche fest. Der Mann ist nach derzeitigem Ermittlungsstand f\u00fcr das Feuer in einer Arztpraxis am Ostersonntag verantwortlich. Auf Antrag der S...","robots":{"index":"index","follow":"follow","max-snippet":"max-snippet:-1","max-image-preview":"max-image-preview:large","max-video-preview":"max-video-preview:-1"},"canonical":"https:\/\/www.prosos.org\/sosvz\/brand-beschaedigt-geschaeftsgebaeude-tatverdaechtiger-ermittelt-und-festgenommen-31319.html","og_locale":"de_DE","og_type":"article","og_title":"Brand besch\u00e4digt Gesch\u00e4ftsgeb\u00e4ude \u2013 Tatverd\u00e4chtiger ermittelt und festgenommen","og_description":"COBURG. Einen 41-j\u00e4hrigen Tatverd\u00e4chtigen nahmen Kriminalpolizei und Staatsanwaltschaft Coburg Ende letzter Woche fest. Der Mann ist nach derzeitigem Ermittlungsstand f\u00fcr das Feuer in einer Arztpraxis am Ostersonntag verantwortlich. Auf Antrag der S...","og_url":"https:\/\/www.prosos.org\/sosvz\/brand-beschaedigt-geschaeftsgebaeude-tatverdaechtiger-ermittelt-und-festgenommen-31319.html","og_site_name":"ProSOS - sosVZ","article_published_time":"2016-04-04T11:34:11+00:00","author":"Polizei Bayern","twitter_card":"summary_large_image","twitter_misc":{"Verfasst von":"Polizei Bayern"},"schema":{"@context":"https:\/\/schema.org","@graph":[{"@type":"WebPage","@id":"https:\/\/www.prosos.org\/sosvz\/brand-beschaedigt-geschaeftsgebaeude-tatverdaechtiger-ermittelt-und-festgenommen-31319.html","url":"https:\/\/www.prosos.org\/sosvz\/brand-beschaedigt-geschaeftsgebaeude-tatverdaechtiger-ermittelt-und-festgenommen-31319.html","name":"Brand besch\u00e4digt Gesch\u00e4ftsgeb\u00e4ude \u2013 Tatverd\u00e4chtiger ermittelt und festgenommen","isPartOf":{"@id":"https:\/\/www.prosos.org\/sosvz\/#website"},"datePublished":"2016-04-04T11:34:11+00:00","author":{"@id":"https:\/\/www.prosos.org\/sosvz\/#\/schema\/person\/fbd66aeac098e28acf1869332c6e55e9"},"description":"COBURG. Einen 41-j\u00e4hrigen Tatverd\u00e4chtigen nahmen Kriminalpolizei und Staatsanwaltschaft Coburg Ende letzter Woche fest. Der Mann ist nach derzeitigem Ermittlungsstand f\u00fcr das Feuer in einer Arztpraxis am Ostersonntag verantwortlich. Auf Antrag der S...","breadcrumb":{"@id":"https:\/\/www.prosos.org\/sosvz\/brand-beschaedigt-geschaeftsgebaeude-tatverdaechtiger-ermittelt-und-festgenommen-31319.html#breadcrumb"},"inLanguage":"de","potentialAction":[{"@type":"ReadAction","target":["https:\/\/www.prosos.org\/sosvz\/brand-beschaedigt-geschaeftsgebaeude-tatverdaechtiger-ermittelt-und-festgenommen-31319.html"]}]},{"@type":"BreadcrumbList","@id":"https:\/\/www.prosos.org\/sosvz\/brand-beschaedigt-geschaeftsgebaeude-tatverdaechtiger-ermittelt-und-festgenommen-31319.html#breadcrumb","itemListElement":[{"@type":"ListItem","position":1,"name":"Home","item":"https:\/\/www.prosos.org\/sosvz"},{"@type":"ListItem","position":2,"name":"Brand besch\u00e4digt Gesch\u00e4ftsgeb\u00e4ude \u2013 Tatverd\u00e4chtiger ermittelt und festgenommen"}]},{"@type":"WebSite","@id":"https:\/\/www.prosos.org\/sosvz\/#website","url":"https:\/\/www.prosos.org\/sosvz\/","name":"ProSOS - sosVZ","description":"Die Coummunity f\u00fcr Polizei, Feuerwehr, Rettungsdienste und Selbstschutz","potentialAction":[{"@type":"SearchAction","target":{"@type":"EntryPoint","urlTemplate":"https:\/\/www.prosos.org\/sosvz\/?s={search_term_string}"},"query-input":{"@type":"PropertyValueSpecification","valueRequired":true,"valueName":"search_term_string"}}],"inLanguage":"de"},{"@type":"Person","@id":"https:\/\/www.prosos.org\/sosvz\/#\/schema\/person\/fbd66aeac098e28acf1869332c6e55e9","name":"Polizei Bayern","image":{"@type":"ImageObject","inLanguage":"de","@id":"https:\/\/www.prosos.org\/sosvz\/#\/schema\/person\/image\/","url":"https:\/\/secure.gravatar.com\/avatar\/a483f747047c1dc1556555639a19986e42d28bda61988c35164221a541236fce?s=96&d=mm&r=g","contentUrl":"https:\/\/secure.gravatar.com\/avatar\/a483f747047c1dc1556555639a19986e42d28bda61988c35164221a541236fce?s=96&d=mm&r=g","caption":"Polizei Bayern"},"sameAs":["http:\/\/www.polizei.bayern.de"]}]}},"_links":{"self":[{"href":"https:\/\/www.prosos.org\/sosvz\/wp-json\/wp\/v2\/posts\/31319","targetHints":{"allow":["GET"]}}],"collection":[{"href":"https:\/\/www.prosos.org\/sosvz\/wp-json\/wp\/v2\/posts"}],"about":[{"href":"https:\/\/www.prosos.org\/sosvz\/wp-json\/wp\/v2\/types\/post"}],"author":[{"embeddable":true,"href":"https:\/\/www.prosos.org\/sosvz\/wp-json\/wp\/v2\/users\/2"}],"replies":[{"embeddable":true,"href":"https:\/\/www.prosos.org\/sosvz\/wp-json\/wp\/v2\/comments?post=31319"}],"version-history":[{"count":1,"href":"https:\/\/www.prosos.org\/sosvz\/wp-json\/wp\/v2\/posts\/31319\/revisions"}],"predecessor-version":[{"id":31320,"href":"https:\/\/www.prosos.org\/sosvz\/wp-json\/wp\/v2\/posts\/31319\/revisions\/31320"}],"wp:attachment":[{"href":"https:\/\/www.prosos.org\/sosvz\/wp-json\/wp\/v2\/media?parent=31319"}],"wp:term":[{"taxonomy":"category","embeddable":true,"href":"https:\/\/www.prosos.org\/sosvz\/wp-json\/wp\/v2\/categories?post=31319"},{"taxonomy":"post_tag","embeddable":true,"href":"https:\/\/www.prosos.org\/sosvz\/wp-json\/wp\/v2\/tags?post=31319"}],"curies":[{"name":"wp","href":"https:\/\/api.w.org\/{rel}","templated":true}]}}