{"id":31325,"date":"2016-04-04T15:01:18","date_gmt":"2016-04-04T13:01:18","guid":{"rendered":"http:\/\/www.prosos.org\/sosvz\/?guid=4e6867997943bb7f8736b9404e915f65"},"modified":"2016-04-04T15:01:18","modified_gmt":"2016-04-04T13:01:18","slug":"flucht-vor-kontrolle-endet-am-baum","status":"publish","type":"post","link":"https:\/\/www.prosos.org\/sosvz\/flucht-vor-kontrolle-endet-am-baum-31325.html","title":{"rendered":"Flucht vor Kontrolle endet am Baum"},"content":{"rendered":"MARKTSCHORGAST, LKR. KULMBACH. Weil er sich einer Verkehrskontrolle entziehen wollte, \u00e4nderte ein 45-j\u00e4hriger Berliner am Montagmittag spontan seine geplante Fahrtroute. Er verlie\u00df die Autobahn A9 an der Anschlussstelle Gefrees und fuhr Richtung Marktschorgast, wo er anschlie\u00dfend den Ortsbereich mit \u00fcberh\u00f6hter Geschwindigkeit passierte. Schlie\u00dflich verlor der Fahrer die Kontrolle \u00fcber sein Fahrzeug und prallte frontal gegen einen Baum. \n<p class=\"syndicated-attribution\"><br \/><a target='_blank' href='http:\/\/www.polizei.bayern.de\/oberfranken\/news\/presse\/aktuell\/index.html\/239202'> komplette Meldung auf Polizei Bayern lesen<\/a><br \/><\/p>","protected":false},"excerpt":{"rendered":"<p>MARKTSCHORGAST, LKR. KULMBACH. Weil er sich einer Verkehrskontrolle entziehen wollte, \u00e4nderte ein 45-j\u00e4hriger Berliner am Montagmittag spontan seine geplante Fahrtroute. Er verlie\u00df die Autobahn A9 an der Anschlussstelle Gefrees und fuhr Richtung Mar&#8230;<\/p>\n","protected":false},"author":2,"featured_media":0,"comment_status":"closed","ping_status":"closed","sticky":false,"template":"","format":"standard","meta":{"footnotes":""},"categories":[5],"tags":[],"class_list":["post-31325","post","type-post","status-publish","format-standard","hentry","category-nayern"],"yoast_head":"<!-- This site is optimized with the Yoast SEO plugin v24.9 - https:\/\/yoast.com\/wordpress\/plugins\/seo\/ -->\n<title>Flucht vor Kontrolle endet am Baum<\/title>\n<meta name=\"description\" content=\"MARKTSCHORGAST, LKR. KULMBACH. Weil er sich einer Verkehrskontrolle entziehen wollte, \u00e4nderte ein 45-j\u00e4hriger Berliner am Montagmittag spontan seine geplante Fahrtroute. Er verlie\u00df die Autobahn A9 an der Anschlussstelle Gefrees und fuhr Richtung Mar...\" \/>\n<meta name=\"robots\" content=\"index, follow, max-snippet:-1, max-image-preview:large, max-video-preview:-1\" \/>\n<link rel=\"canonical\" href=\"https:\/\/www.prosos.org\/sosvz\/flucht-vor-kontrolle-endet-am-baum-31325.html\" \/>\n<meta property=\"og:locale\" content=\"de_DE\" \/>\n<meta property=\"og:type\" content=\"article\" \/>\n<meta property=\"og:title\" content=\"Flucht vor Kontrolle endet am Baum\" \/>\n<meta property=\"og:description\" content=\"MARKTSCHORGAST, LKR. KULMBACH. Weil er sich einer Verkehrskontrolle entziehen wollte, \u00e4nderte ein 45-j\u00e4hriger Berliner am Montagmittag spontan seine geplante Fahrtroute. Er verlie\u00df die Autobahn A9 an der Anschlussstelle Gefrees und fuhr Richtung Mar...\" \/>\n<meta property=\"og:url\" content=\"https:\/\/www.prosos.org\/sosvz\/flucht-vor-kontrolle-endet-am-baum-31325.html\" \/>\n<meta property=\"og:site_name\" content=\"ProSOS - sosVZ\" \/>\n<meta property=\"article:published_time\" content=\"2016-04-04T13:01:18+00:00\" \/>\n<meta name=\"author\" content=\"Polizei Bayern\" \/>\n<meta name=\"twitter:card\" content=\"summary_large_image\" \/>\n<meta name=\"twitter:label1\" content=\"Verfasst von\" \/>\n\t<meta name=\"twitter:data1\" content=\"Polizei Bayern\" \/>\n<script type=\"application\/ld+json\" class=\"yoast-schema-graph\">{\"@context\":\"https:\/\/schema.org\",\"@graph\":[{\"@type\":\"WebPage\",\"@id\":\"https:\/\/www.prosos.org\/sosvz\/flucht-vor-kontrolle-endet-am-baum-31325.html\",\"url\":\"https:\/\/www.prosos.org\/sosvz\/flucht-vor-kontrolle-endet-am-baum-31325.html\",\"name\":\"Flucht vor Kontrolle endet am Baum\",\"isPartOf\":{\"@id\":\"https:\/\/www.prosos.org\/sosvz\/#website\"},\"datePublished\":\"2016-04-04T13:01:18+00:00\",\"author\":{\"@id\":\"https:\/\/www.prosos.org\/sosvz\/#\/schema\/person\/fbd66aeac098e28acf1869332c6e55e9\"},\"description\":\"MARKTSCHORGAST, LKR. KULMBACH. Weil er sich einer Verkehrskontrolle entziehen wollte, \u00e4nderte ein 45-j\u00e4hriger Berliner am Montagmittag spontan seine geplante Fahrtroute. Er verlie\u00df die Autobahn A9 an der Anschlussstelle Gefrees und fuhr Richtung Mar...\",\"breadcrumb\":{\"@id\":\"https:\/\/www.prosos.org\/sosvz\/flucht-vor-kontrolle-endet-am-baum-31325.html#breadcrumb\"},\"inLanguage\":\"de\",\"potentialAction\":[{\"@type\":\"ReadAction\",\"target\":[\"https:\/\/www.prosos.org\/sosvz\/flucht-vor-kontrolle-endet-am-baum-31325.html\"]}]},{\"@type\":\"BreadcrumbList\",\"@id\":\"https:\/\/www.prosos.org\/sosvz\/flucht-vor-kontrolle-endet-am-baum-31325.html#breadcrumb\",\"itemListElement\":[{\"@type\":\"ListItem\",\"position\":1,\"name\":\"Home\",\"item\":\"https:\/\/www.prosos.org\/sosvz\"},{\"@type\":\"ListItem\",\"position\":2,\"name\":\"Flucht vor Kontrolle endet am Baum\"}]},{\"@type\":\"WebSite\",\"@id\":\"https:\/\/www.prosos.org\/sosvz\/#website\",\"url\":\"https:\/\/www.prosos.org\/sosvz\/\",\"name\":\"ProSOS - sosVZ\",\"description\":\"Die Coummunity f\u00fcr Polizei, Feuerwehr, Rettungsdienste und Selbstschutz\",\"potentialAction\":[{\"@type\":\"SearchAction\",\"target\":{\"@type\":\"EntryPoint\",\"urlTemplate\":\"https:\/\/www.prosos.org\/sosvz\/?s={search_term_string}\"},\"query-input\":{\"@type\":\"PropertyValueSpecification\",\"valueRequired\":true,\"valueName\":\"search_term_string\"}}],\"inLanguage\":\"de\"},{\"@type\":\"Person\",\"@id\":\"https:\/\/www.prosos.org\/sosvz\/#\/schema\/person\/fbd66aeac098e28acf1869332c6e55e9\",\"name\":\"Polizei Bayern\",\"image\":{\"@type\":\"ImageObject\",\"inLanguage\":\"de\",\"@id\":\"https:\/\/www.prosos.org\/sosvz\/#\/schema\/person\/image\/\",\"url\":\"https:\/\/secure.gravatar.com\/avatar\/a483f747047c1dc1556555639a19986e42d28bda61988c35164221a541236fce?s=96&d=mm&r=g\",\"contentUrl\":\"https:\/\/secure.gravatar.com\/avatar\/a483f747047c1dc1556555639a19986e42d28bda61988c35164221a541236fce?s=96&d=mm&r=g\",\"caption\":\"Polizei Bayern\"},\"sameAs\":[\"http:\/\/www.polizei.bayern.de\"]}]}<\/script>\n<!-- \/ Yoast SEO plugin. -->","yoast_head_json":{"title":"Flucht vor Kontrolle endet am Baum","description":"MARKTSCHORGAST, LKR. KULMBACH. Weil er sich einer Verkehrskontrolle entziehen wollte, \u00e4nderte ein 45-j\u00e4hriger Berliner am Montagmittag spontan seine geplante Fahrtroute. Er verlie\u00df die Autobahn A9 an der Anschlussstelle Gefrees und fuhr Richtung Mar...","robots":{"index":"index","follow":"follow","max-snippet":"max-snippet:-1","max-image-preview":"max-image-preview:large","max-video-preview":"max-video-preview:-1"},"canonical":"https:\/\/www.prosos.org\/sosvz\/flucht-vor-kontrolle-endet-am-baum-31325.html","og_locale":"de_DE","og_type":"article","og_title":"Flucht vor Kontrolle endet am Baum","og_description":"MARKTSCHORGAST, LKR. KULMBACH. Weil er sich einer Verkehrskontrolle entziehen wollte, \u00e4nderte ein 45-j\u00e4hriger Berliner am Montagmittag spontan seine geplante Fahrtroute. Er verlie\u00df die Autobahn A9 an der Anschlussstelle Gefrees und fuhr Richtung Mar...","og_url":"https:\/\/www.prosos.org\/sosvz\/flucht-vor-kontrolle-endet-am-baum-31325.html","og_site_name":"ProSOS - sosVZ","article_published_time":"2016-04-04T13:01:18+00:00","author":"Polizei Bayern","twitter_card":"summary_large_image","twitter_misc":{"Verfasst von":"Polizei Bayern"},"schema":{"@context":"https:\/\/schema.org","@graph":[{"@type":"WebPage","@id":"https:\/\/www.prosos.org\/sosvz\/flucht-vor-kontrolle-endet-am-baum-31325.html","url":"https:\/\/www.prosos.org\/sosvz\/flucht-vor-kontrolle-endet-am-baum-31325.html","name":"Flucht vor Kontrolle endet am Baum","isPartOf":{"@id":"https:\/\/www.prosos.org\/sosvz\/#website"},"datePublished":"2016-04-04T13:01:18+00:00","author":{"@id":"https:\/\/www.prosos.org\/sosvz\/#\/schema\/person\/fbd66aeac098e28acf1869332c6e55e9"},"description":"MARKTSCHORGAST, LKR. KULMBACH. Weil er sich einer Verkehrskontrolle entziehen wollte, \u00e4nderte ein 45-j\u00e4hriger Berliner am Montagmittag spontan seine geplante Fahrtroute. Er verlie\u00df die Autobahn A9 an der Anschlussstelle Gefrees und fuhr Richtung Mar...","breadcrumb":{"@id":"https:\/\/www.prosos.org\/sosvz\/flucht-vor-kontrolle-endet-am-baum-31325.html#breadcrumb"},"inLanguage":"de","potentialAction":[{"@type":"ReadAction","target":["https:\/\/www.prosos.org\/sosvz\/flucht-vor-kontrolle-endet-am-baum-31325.html"]}]},{"@type":"BreadcrumbList","@id":"https:\/\/www.prosos.org\/sosvz\/flucht-vor-kontrolle-endet-am-baum-31325.html#breadcrumb","itemListElement":[{"@type":"ListItem","position":1,"name":"Home","item":"https:\/\/www.prosos.org\/sosvz"},{"@type":"ListItem","position":2,"name":"Flucht vor Kontrolle endet am Baum"}]},{"@type":"WebSite","@id":"https:\/\/www.prosos.org\/sosvz\/#website","url":"https:\/\/www.prosos.org\/sosvz\/","name":"ProSOS - sosVZ","description":"Die Coummunity f\u00fcr Polizei, Feuerwehr, Rettungsdienste und Selbstschutz","potentialAction":[{"@type":"SearchAction","target":{"@type":"EntryPoint","urlTemplate":"https:\/\/www.prosos.org\/sosvz\/?s={search_term_string}"},"query-input":{"@type":"PropertyValueSpecification","valueRequired":true,"valueName":"search_term_string"}}],"inLanguage":"de"},{"@type":"Person","@id":"https:\/\/www.prosos.org\/sosvz\/#\/schema\/person\/fbd66aeac098e28acf1869332c6e55e9","name":"Polizei Bayern","image":{"@type":"ImageObject","inLanguage":"de","@id":"https:\/\/www.prosos.org\/sosvz\/#\/schema\/person\/image\/","url":"https:\/\/secure.gravatar.com\/avatar\/a483f747047c1dc1556555639a19986e42d28bda61988c35164221a541236fce?s=96&d=mm&r=g","contentUrl":"https:\/\/secure.gravatar.com\/avatar\/a483f747047c1dc1556555639a19986e42d28bda61988c35164221a541236fce?s=96&d=mm&r=g","caption":"Polizei Bayern"},"sameAs":["http:\/\/www.polizei.bayern.de"]}]}},"_links":{"self":[{"href":"https:\/\/www.prosos.org\/sosvz\/wp-json\/wp\/v2\/posts\/31325","targetHints":{"allow":["GET"]}}],"collection":[{"href":"https:\/\/www.prosos.org\/sosvz\/wp-json\/wp\/v2\/posts"}],"about":[{"href":"https:\/\/www.prosos.org\/sosvz\/wp-json\/wp\/v2\/types\/post"}],"author":[{"embeddable":true,"href":"https:\/\/www.prosos.org\/sosvz\/wp-json\/wp\/v2\/users\/2"}],"replies":[{"embeddable":true,"href":"https:\/\/www.prosos.org\/sosvz\/wp-json\/wp\/v2\/comments?post=31325"}],"version-history":[{"count":1,"href":"https:\/\/www.prosos.org\/sosvz\/wp-json\/wp\/v2\/posts\/31325\/revisions"}],"predecessor-version":[{"id":31326,"href":"https:\/\/www.prosos.org\/sosvz\/wp-json\/wp\/v2\/posts\/31325\/revisions\/31326"}],"wp:attachment":[{"href":"https:\/\/www.prosos.org\/sosvz\/wp-json\/wp\/v2\/media?parent=31325"}],"wp:term":[{"taxonomy":"category","embeddable":true,"href":"https:\/\/www.prosos.org\/sosvz\/wp-json\/wp\/v2\/categories?post=31325"},{"taxonomy":"post_tag","embeddable":true,"href":"https:\/\/www.prosos.org\/sosvz\/wp-json\/wp\/v2\/tags?post=31325"}],"curies":[{"name":"wp","href":"https:\/\/api.w.org\/{rel}","templated":true}]}}