{"id":31337,"date":"2016-04-05T10:02:43","date_gmt":"2016-04-05T08:02:43","guid":{"rendered":"http:\/\/www.prosos.org\/sosvz\/?guid=340218efa1a4dc6b801f29c89061b93c"},"modified":"2016-04-05T10:02:43","modified_gmt":"2016-04-05T08:02:43","slug":"polizei-anlaesslich-versammlungsgeschehens-verstaerkt-praesent-aufruf-zur-gewaltfreien-ausuebung-des-rechts-auf-versammlungsfreiheit","status":"publish","type":"post","link":"https:\/\/www.prosos.org\/sosvz\/polizei-anlaesslich-versammlungsgeschehens-verstaerkt-praesent-aufruf-zur-gewaltfreien-ausuebung-des-rechts-auf-versammlungsfreiheit-31337.html","title":{"rendered":"Polizei anl\u00e4sslich Versammlungsgeschehens verst\u00e4rkt pr\u00e4sent \u2013 Aufruf zur gewaltfreien Aus\u00fcbung des Rechts auf Versammlungsfreiheit"},"content":{"rendered":"ASCHAFFENBURG. Anl\u00e4sslich des Versammlungsgeschehens am Montagabend in der Innenstadt ist die Aschaffenburger Polizei mit einem verst\u00e4rkten Aufgebot an Einsatzkr\u00e4ften vor Ort. Die Beamten setzen bei allen im Bereich der Stadthalle vertretenen Gruppen auf eine friedliche Aus\u00fcbung des Rechts auf Versammlungsfreiheit und bitten um gewaltfreien Protest.\n<p class=\"syndicated-attribution\"><br \/><a target='_blank' href='http:\/\/www.polizei.bayern.de\/unterfranken\/news\/presse\/aktuell\/index.html\/239194'> komplette Meldung auf Polizei Bayern lesen<\/a><br \/><\/p>","protected":false},"excerpt":{"rendered":"<p>ASCHAFFENBURG. Anl\u00e4sslich des Versammlungsgeschehens am Montagabend in der Innenstadt ist die Aschaffenburger Polizei mit einem verst\u00e4rkten Aufgebot an Einsatzkr\u00e4ften vor Ort. Die Beamten setzen bei allen im Bereich der Stadthalle vertretenen Gruppe&#8230;<\/p>\n","protected":false},"author":2,"featured_media":0,"comment_status":"closed","ping_status":"closed","sticky":false,"template":"","format":"standard","meta":{"footnotes":""},"categories":[5],"tags":[],"class_list":["post-31337","post","type-post","status-publish","format-standard","hentry","category-nayern"],"yoast_head":"<!-- This site is optimized with the Yoast SEO plugin v24.9 - https:\/\/yoast.com\/wordpress\/plugins\/seo\/ -->\n<title>Polizei anl\u00e4sslich Versammlungsgeschehens verst\u00e4rkt pr\u00e4sent \u2013 Aufruf zur gewaltfreien Aus\u00fcbung des Rechts auf Versammlungsfreiheit<\/title>\n<meta name=\"description\" content=\"ASCHAFFENBURG. Anl\u00e4sslich des Versammlungsgeschehens am Montagabend in der Innenstadt ist die Aschaffenburger Polizei mit einem verst\u00e4rkten Aufgebot an Einsatzkr\u00e4ften vor Ort. Die Beamten setzen bei allen im Bereich der Stadthalle vertretenen Gruppe...\" \/>\n<meta name=\"robots\" content=\"index, follow, max-snippet:-1, max-image-preview:large, max-video-preview:-1\" \/>\n<link rel=\"canonical\" href=\"https:\/\/www.prosos.org\/sosvz\/polizei-anlaesslich-versammlungsgeschehens-verstaerkt-praesent-aufruf-zur-gewaltfreien-ausuebung-des-rechts-auf-versammlungsfreiheit-31337.html\" \/>\n<meta property=\"og:locale\" content=\"de_DE\" \/>\n<meta property=\"og:type\" content=\"article\" \/>\n<meta property=\"og:title\" content=\"Polizei anl\u00e4sslich Versammlungsgeschehens verst\u00e4rkt pr\u00e4sent \u2013 Aufruf zur gewaltfreien Aus\u00fcbung des Rechts auf Versammlungsfreiheit\" \/>\n<meta property=\"og:description\" content=\"ASCHAFFENBURG. Anl\u00e4sslich des Versammlungsgeschehens am Montagabend in der Innenstadt ist die Aschaffenburger Polizei mit einem verst\u00e4rkten Aufgebot an Einsatzkr\u00e4ften vor Ort. Die Beamten setzen bei allen im Bereich der Stadthalle vertretenen Gruppe...\" \/>\n<meta property=\"og:url\" content=\"https:\/\/www.prosos.org\/sosvz\/polizei-anlaesslich-versammlungsgeschehens-verstaerkt-praesent-aufruf-zur-gewaltfreien-ausuebung-des-rechts-auf-versammlungsfreiheit-31337.html\" \/>\n<meta property=\"og:site_name\" content=\"ProSOS - sosVZ\" \/>\n<meta property=\"article:published_time\" content=\"2016-04-05T08:02:43+00:00\" \/>\n<meta name=\"author\" content=\"Polizei Bayern\" \/>\n<meta name=\"twitter:card\" content=\"summary_large_image\" \/>\n<meta name=\"twitter:label1\" content=\"Verfasst von\" \/>\n\t<meta name=\"twitter:data1\" content=\"Polizei Bayern\" \/>\n<script type=\"application\/ld+json\" class=\"yoast-schema-graph\">{\"@context\":\"https:\/\/schema.org\",\"@graph\":[{\"@type\":\"WebPage\",\"@id\":\"https:\/\/www.prosos.org\/sosvz\/polizei-anlaesslich-versammlungsgeschehens-verstaerkt-praesent-aufruf-zur-gewaltfreien-ausuebung-des-rechts-auf-versammlungsfreiheit-31337.html\",\"url\":\"https:\/\/www.prosos.org\/sosvz\/polizei-anlaesslich-versammlungsgeschehens-verstaerkt-praesent-aufruf-zur-gewaltfreien-ausuebung-des-rechts-auf-versammlungsfreiheit-31337.html\",\"name\":\"Polizei anl\u00e4sslich Versammlungsgeschehens verst\u00e4rkt pr\u00e4sent \u2013 Aufruf zur gewaltfreien Aus\u00fcbung des Rechts auf Versammlungsfreiheit\",\"isPartOf\":{\"@id\":\"https:\/\/www.prosos.org\/sosvz\/#website\"},\"datePublished\":\"2016-04-05T08:02:43+00:00\",\"author\":{\"@id\":\"https:\/\/www.prosos.org\/sosvz\/#\/schema\/person\/fbd66aeac098e28acf1869332c6e55e9\"},\"description\":\"ASCHAFFENBURG. Anl\u00e4sslich des Versammlungsgeschehens am Montagabend in der Innenstadt ist die Aschaffenburger Polizei mit einem verst\u00e4rkten Aufgebot an Einsatzkr\u00e4ften vor Ort. Die Beamten setzen bei allen im Bereich der Stadthalle vertretenen Gruppe...\",\"breadcrumb\":{\"@id\":\"https:\/\/www.prosos.org\/sosvz\/polizei-anlaesslich-versammlungsgeschehens-verstaerkt-praesent-aufruf-zur-gewaltfreien-ausuebung-des-rechts-auf-versammlungsfreiheit-31337.html#breadcrumb\"},\"inLanguage\":\"de\",\"potentialAction\":[{\"@type\":\"ReadAction\",\"target\":[\"https:\/\/www.prosos.org\/sosvz\/polizei-anlaesslich-versammlungsgeschehens-verstaerkt-praesent-aufruf-zur-gewaltfreien-ausuebung-des-rechts-auf-versammlungsfreiheit-31337.html\"]}]},{\"@type\":\"BreadcrumbList\",\"@id\":\"https:\/\/www.prosos.org\/sosvz\/polizei-anlaesslich-versammlungsgeschehens-verstaerkt-praesent-aufruf-zur-gewaltfreien-ausuebung-des-rechts-auf-versammlungsfreiheit-31337.html#breadcrumb\",\"itemListElement\":[{\"@type\":\"ListItem\",\"position\":1,\"name\":\"Home\",\"item\":\"https:\/\/www.prosos.org\/sosvz\"},{\"@type\":\"ListItem\",\"position\":2,\"name\":\"Polizei anl\u00e4sslich Versammlungsgeschehens verst\u00e4rkt pr\u00e4sent \u2013 Aufruf zur gewaltfreien Aus\u00fcbung des Rechts auf Versammlungsfreiheit\"}]},{\"@type\":\"WebSite\",\"@id\":\"https:\/\/www.prosos.org\/sosvz\/#website\",\"url\":\"https:\/\/www.prosos.org\/sosvz\/\",\"name\":\"ProSOS - sosVZ\",\"description\":\"Die Coummunity f\u00fcr Polizei, Feuerwehr, Rettungsdienste und Selbstschutz\",\"potentialAction\":[{\"@type\":\"SearchAction\",\"target\":{\"@type\":\"EntryPoint\",\"urlTemplate\":\"https:\/\/www.prosos.org\/sosvz\/?s={search_term_string}\"},\"query-input\":{\"@type\":\"PropertyValueSpecification\",\"valueRequired\":true,\"valueName\":\"search_term_string\"}}],\"inLanguage\":\"de\"},{\"@type\":\"Person\",\"@id\":\"https:\/\/www.prosos.org\/sosvz\/#\/schema\/person\/fbd66aeac098e28acf1869332c6e55e9\",\"name\":\"Polizei Bayern\",\"image\":{\"@type\":\"ImageObject\",\"inLanguage\":\"de\",\"@id\":\"https:\/\/www.prosos.org\/sosvz\/#\/schema\/person\/image\/\",\"url\":\"https:\/\/secure.gravatar.com\/avatar\/a483f747047c1dc1556555639a19986e42d28bda61988c35164221a541236fce?s=96&d=mm&r=g\",\"contentUrl\":\"https:\/\/secure.gravatar.com\/avatar\/a483f747047c1dc1556555639a19986e42d28bda61988c35164221a541236fce?s=96&d=mm&r=g\",\"caption\":\"Polizei Bayern\"},\"sameAs\":[\"http:\/\/www.polizei.bayern.de\"]}]}<\/script>\n<!-- \/ Yoast SEO plugin. -->","yoast_head_json":{"title":"Polizei anl\u00e4sslich Versammlungsgeschehens verst\u00e4rkt pr\u00e4sent \u2013 Aufruf zur gewaltfreien Aus\u00fcbung des Rechts auf Versammlungsfreiheit","description":"ASCHAFFENBURG. Anl\u00e4sslich des Versammlungsgeschehens am Montagabend in der Innenstadt ist die Aschaffenburger Polizei mit einem verst\u00e4rkten Aufgebot an Einsatzkr\u00e4ften vor Ort. Die Beamten setzen bei allen im Bereich der Stadthalle vertretenen Gruppe...","robots":{"index":"index","follow":"follow","max-snippet":"max-snippet:-1","max-image-preview":"max-image-preview:large","max-video-preview":"max-video-preview:-1"},"canonical":"https:\/\/www.prosos.org\/sosvz\/polizei-anlaesslich-versammlungsgeschehens-verstaerkt-praesent-aufruf-zur-gewaltfreien-ausuebung-des-rechts-auf-versammlungsfreiheit-31337.html","og_locale":"de_DE","og_type":"article","og_title":"Polizei anl\u00e4sslich Versammlungsgeschehens verst\u00e4rkt pr\u00e4sent \u2013 Aufruf zur gewaltfreien Aus\u00fcbung des Rechts auf Versammlungsfreiheit","og_description":"ASCHAFFENBURG. Anl\u00e4sslich des Versammlungsgeschehens am Montagabend in der Innenstadt ist die Aschaffenburger Polizei mit einem verst\u00e4rkten Aufgebot an Einsatzkr\u00e4ften vor Ort. Die Beamten setzen bei allen im Bereich der Stadthalle vertretenen Gruppe...","og_url":"https:\/\/www.prosos.org\/sosvz\/polizei-anlaesslich-versammlungsgeschehens-verstaerkt-praesent-aufruf-zur-gewaltfreien-ausuebung-des-rechts-auf-versammlungsfreiheit-31337.html","og_site_name":"ProSOS - sosVZ","article_published_time":"2016-04-05T08:02:43+00:00","author":"Polizei Bayern","twitter_card":"summary_large_image","twitter_misc":{"Verfasst von":"Polizei Bayern"},"schema":{"@context":"https:\/\/schema.org","@graph":[{"@type":"WebPage","@id":"https:\/\/www.prosos.org\/sosvz\/polizei-anlaesslich-versammlungsgeschehens-verstaerkt-praesent-aufruf-zur-gewaltfreien-ausuebung-des-rechts-auf-versammlungsfreiheit-31337.html","url":"https:\/\/www.prosos.org\/sosvz\/polizei-anlaesslich-versammlungsgeschehens-verstaerkt-praesent-aufruf-zur-gewaltfreien-ausuebung-des-rechts-auf-versammlungsfreiheit-31337.html","name":"Polizei anl\u00e4sslich Versammlungsgeschehens verst\u00e4rkt pr\u00e4sent \u2013 Aufruf zur gewaltfreien Aus\u00fcbung des Rechts auf Versammlungsfreiheit","isPartOf":{"@id":"https:\/\/www.prosos.org\/sosvz\/#website"},"datePublished":"2016-04-05T08:02:43+00:00","author":{"@id":"https:\/\/www.prosos.org\/sosvz\/#\/schema\/person\/fbd66aeac098e28acf1869332c6e55e9"},"description":"ASCHAFFENBURG. Anl\u00e4sslich des Versammlungsgeschehens am Montagabend in der Innenstadt ist die Aschaffenburger Polizei mit einem verst\u00e4rkten Aufgebot an Einsatzkr\u00e4ften vor Ort. Die Beamten setzen bei allen im Bereich der Stadthalle vertretenen Gruppe...","breadcrumb":{"@id":"https:\/\/www.prosos.org\/sosvz\/polizei-anlaesslich-versammlungsgeschehens-verstaerkt-praesent-aufruf-zur-gewaltfreien-ausuebung-des-rechts-auf-versammlungsfreiheit-31337.html#breadcrumb"},"inLanguage":"de","potentialAction":[{"@type":"ReadAction","target":["https:\/\/www.prosos.org\/sosvz\/polizei-anlaesslich-versammlungsgeschehens-verstaerkt-praesent-aufruf-zur-gewaltfreien-ausuebung-des-rechts-auf-versammlungsfreiheit-31337.html"]}]},{"@type":"BreadcrumbList","@id":"https:\/\/www.prosos.org\/sosvz\/polizei-anlaesslich-versammlungsgeschehens-verstaerkt-praesent-aufruf-zur-gewaltfreien-ausuebung-des-rechts-auf-versammlungsfreiheit-31337.html#breadcrumb","itemListElement":[{"@type":"ListItem","position":1,"name":"Home","item":"https:\/\/www.prosos.org\/sosvz"},{"@type":"ListItem","position":2,"name":"Polizei anl\u00e4sslich Versammlungsgeschehens verst\u00e4rkt pr\u00e4sent \u2013 Aufruf zur gewaltfreien Aus\u00fcbung des Rechts auf Versammlungsfreiheit"}]},{"@type":"WebSite","@id":"https:\/\/www.prosos.org\/sosvz\/#website","url":"https:\/\/www.prosos.org\/sosvz\/","name":"ProSOS - sosVZ","description":"Die Coummunity f\u00fcr Polizei, Feuerwehr, Rettungsdienste und Selbstschutz","potentialAction":[{"@type":"SearchAction","target":{"@type":"EntryPoint","urlTemplate":"https:\/\/www.prosos.org\/sosvz\/?s={search_term_string}"},"query-input":{"@type":"PropertyValueSpecification","valueRequired":true,"valueName":"search_term_string"}}],"inLanguage":"de"},{"@type":"Person","@id":"https:\/\/www.prosos.org\/sosvz\/#\/schema\/person\/fbd66aeac098e28acf1869332c6e55e9","name":"Polizei Bayern","image":{"@type":"ImageObject","inLanguage":"de","@id":"https:\/\/www.prosos.org\/sosvz\/#\/schema\/person\/image\/","url":"https:\/\/secure.gravatar.com\/avatar\/a483f747047c1dc1556555639a19986e42d28bda61988c35164221a541236fce?s=96&d=mm&r=g","contentUrl":"https:\/\/secure.gravatar.com\/avatar\/a483f747047c1dc1556555639a19986e42d28bda61988c35164221a541236fce?s=96&d=mm&r=g","caption":"Polizei Bayern"},"sameAs":["http:\/\/www.polizei.bayern.de"]}]}},"_links":{"self":[{"href":"https:\/\/www.prosos.org\/sosvz\/wp-json\/wp\/v2\/posts\/31337","targetHints":{"allow":["GET"]}}],"collection":[{"href":"https:\/\/www.prosos.org\/sosvz\/wp-json\/wp\/v2\/posts"}],"about":[{"href":"https:\/\/www.prosos.org\/sosvz\/wp-json\/wp\/v2\/types\/post"}],"author":[{"embeddable":true,"href":"https:\/\/www.prosos.org\/sosvz\/wp-json\/wp\/v2\/users\/2"}],"replies":[{"embeddable":true,"href":"https:\/\/www.prosos.org\/sosvz\/wp-json\/wp\/v2\/comments?post=31337"}],"version-history":[{"count":1,"href":"https:\/\/www.prosos.org\/sosvz\/wp-json\/wp\/v2\/posts\/31337\/revisions"}],"predecessor-version":[{"id":31338,"href":"https:\/\/www.prosos.org\/sosvz\/wp-json\/wp\/v2\/posts\/31337\/revisions\/31338"}],"wp:attachment":[{"href":"https:\/\/www.prosos.org\/sosvz\/wp-json\/wp\/v2\/media?parent=31337"}],"wp:term":[{"taxonomy":"category","embeddable":true,"href":"https:\/\/www.prosos.org\/sosvz\/wp-json\/wp\/v2\/categories?post=31337"},{"taxonomy":"post_tag","embeddable":true,"href":"https:\/\/www.prosos.org\/sosvz\/wp-json\/wp\/v2\/tags?post=31337"}],"curies":[{"name":"wp","href":"https:\/\/api.w.org\/{rel}","templated":true}]}}