{"id":31347,"date":"2016-04-05T14:42:24","date_gmt":"2016-04-05T12:42:24","guid":{"rendered":"http:\/\/www.prosos.org\/sosvz\/?guid=6145d9927db6e075482926ebe2370d88"},"modified":"2016-04-05T14:42:24","modified_gmt":"2016-04-05T12:42:24","slug":"bedrohungslage-in-hohenthanner-baeckerei","status":"publish","type":"post","link":"https:\/\/www.prosos.org\/sosvz\/bedrohungslage-in-hohenthanner-baeckerei-31347.html","title":{"rendered":"Bedrohungslage in Hohenthanner B\u00e4ckerei"},"content":{"rendered":"HOHENTHANN. Ein 25j\u00e4hriger Syrer betrat mit einem Messer bewaffnet eine B\u00e4ckerei in Hohenthann. Dabei bedrohte er nur sich selbst, unbeteiligte Personen wurden nicht gef\u00e4hrdet. Die B\u00e4ckerei wurde ger\u00e4umt und nach Verhandlungen gab der Mann auf. Er wurde in ein Bezirkskrankenhaus verbracht. \n<p class=\"syndicated-attribution\"><br \/><a target='_blank' href='http:\/\/www.polizei.bayern.de\/niederbayern\/news\/presse\/aktuell\/index.html\/239261'> komplette Meldung auf Polizei Bayern lesen<\/a><br \/><\/p>","protected":false},"excerpt":{"rendered":"<p>HOHENTHANN. Ein 25j\u00e4hriger Syrer betrat mit einem Messer bewaffnet eine B\u00e4ckerei in Hohenthann. Dabei bedrohte er nur sich selbst, unbeteiligte Personen wurden nicht gef\u00e4hrdet. Die B\u00e4ckerei wurde ger\u00e4umt und nach Verhandlungen gab der Mann auf. Er&#8230;<\/p>\n","protected":false},"author":2,"featured_media":0,"comment_status":"closed","ping_status":"closed","sticky":false,"template":"","format":"standard","meta":{"footnotes":""},"categories":[5],"tags":[],"class_list":["post-31347","post","type-post","status-publish","format-standard","hentry","category-nayern"],"yoast_head":"<!-- This site is optimized with the Yoast SEO plugin v24.9 - https:\/\/yoast.com\/wordpress\/plugins\/seo\/ -->\n<title>Bedrohungslage in Hohenthanner B\u00e4ckerei<\/title>\n<meta name=\"description\" content=\"HOHENTHANN. Ein 25j\u00e4hriger Syrer betrat mit einem Messer bewaffnet eine B\u00e4ckerei in Hohenthann. Dabei bedrohte er nur sich selbst, unbeteiligte Personen wurden nicht gef\u00e4hrdet. Die B\u00e4ckerei wurde ger\u00e4umt und nach Verhandlungen gab der Mann auf. Er...\" \/>\n<meta name=\"robots\" content=\"index, follow, max-snippet:-1, max-image-preview:large, max-video-preview:-1\" \/>\n<link rel=\"canonical\" href=\"https:\/\/www.prosos.org\/sosvz\/bedrohungslage-in-hohenthanner-baeckerei-31347.html\" \/>\n<meta property=\"og:locale\" content=\"de_DE\" \/>\n<meta property=\"og:type\" content=\"article\" \/>\n<meta property=\"og:title\" content=\"Bedrohungslage in Hohenthanner B\u00e4ckerei\" \/>\n<meta property=\"og:description\" content=\"HOHENTHANN. Ein 25j\u00e4hriger Syrer betrat mit einem Messer bewaffnet eine B\u00e4ckerei in Hohenthann. Dabei bedrohte er nur sich selbst, unbeteiligte Personen wurden nicht gef\u00e4hrdet. Die B\u00e4ckerei wurde ger\u00e4umt und nach Verhandlungen gab der Mann auf. Er...\" \/>\n<meta property=\"og:url\" content=\"https:\/\/www.prosos.org\/sosvz\/bedrohungslage-in-hohenthanner-baeckerei-31347.html\" \/>\n<meta property=\"og:site_name\" content=\"ProSOS - sosVZ\" \/>\n<meta property=\"article:published_time\" content=\"2016-04-05T12:42:24+00:00\" \/>\n<meta name=\"author\" content=\"Polizei Bayern\" \/>\n<meta name=\"twitter:card\" content=\"summary_large_image\" \/>\n<meta name=\"twitter:label1\" content=\"Verfasst von\" \/>\n\t<meta name=\"twitter:data1\" content=\"Polizei Bayern\" \/>\n<script type=\"application\/ld+json\" class=\"yoast-schema-graph\">{\"@context\":\"https:\/\/schema.org\",\"@graph\":[{\"@type\":\"WebPage\",\"@id\":\"https:\/\/www.prosos.org\/sosvz\/bedrohungslage-in-hohenthanner-baeckerei-31347.html\",\"url\":\"https:\/\/www.prosos.org\/sosvz\/bedrohungslage-in-hohenthanner-baeckerei-31347.html\",\"name\":\"Bedrohungslage in Hohenthanner B\u00e4ckerei\",\"isPartOf\":{\"@id\":\"https:\/\/www.prosos.org\/sosvz\/#website\"},\"datePublished\":\"2016-04-05T12:42:24+00:00\",\"author\":{\"@id\":\"https:\/\/www.prosos.org\/sosvz\/#\/schema\/person\/fbd66aeac098e28acf1869332c6e55e9\"},\"description\":\"HOHENTHANN. Ein 25j\u00e4hriger Syrer betrat mit einem Messer bewaffnet eine B\u00e4ckerei in Hohenthann. Dabei bedrohte er nur sich selbst, unbeteiligte Personen wurden nicht gef\u00e4hrdet. Die B\u00e4ckerei wurde ger\u00e4umt und nach Verhandlungen gab der Mann auf. Er...\",\"breadcrumb\":{\"@id\":\"https:\/\/www.prosos.org\/sosvz\/bedrohungslage-in-hohenthanner-baeckerei-31347.html#breadcrumb\"},\"inLanguage\":\"de\",\"potentialAction\":[{\"@type\":\"ReadAction\",\"target\":[\"https:\/\/www.prosos.org\/sosvz\/bedrohungslage-in-hohenthanner-baeckerei-31347.html\"]}]},{\"@type\":\"BreadcrumbList\",\"@id\":\"https:\/\/www.prosos.org\/sosvz\/bedrohungslage-in-hohenthanner-baeckerei-31347.html#breadcrumb\",\"itemListElement\":[{\"@type\":\"ListItem\",\"position\":1,\"name\":\"Home\",\"item\":\"https:\/\/www.prosos.org\/sosvz\"},{\"@type\":\"ListItem\",\"position\":2,\"name\":\"Bedrohungslage in Hohenthanner B\u00e4ckerei\"}]},{\"@type\":\"WebSite\",\"@id\":\"https:\/\/www.prosos.org\/sosvz\/#website\",\"url\":\"https:\/\/www.prosos.org\/sosvz\/\",\"name\":\"ProSOS - sosVZ\",\"description\":\"Die Coummunity f\u00fcr Polizei, Feuerwehr, Rettungsdienste und Selbstschutz\",\"potentialAction\":[{\"@type\":\"SearchAction\",\"target\":{\"@type\":\"EntryPoint\",\"urlTemplate\":\"https:\/\/www.prosos.org\/sosvz\/?s={search_term_string}\"},\"query-input\":{\"@type\":\"PropertyValueSpecification\",\"valueRequired\":true,\"valueName\":\"search_term_string\"}}],\"inLanguage\":\"de\"},{\"@type\":\"Person\",\"@id\":\"https:\/\/www.prosos.org\/sosvz\/#\/schema\/person\/fbd66aeac098e28acf1869332c6e55e9\",\"name\":\"Polizei Bayern\",\"image\":{\"@type\":\"ImageObject\",\"inLanguage\":\"de\",\"@id\":\"https:\/\/www.prosos.org\/sosvz\/#\/schema\/person\/image\/\",\"url\":\"https:\/\/secure.gravatar.com\/avatar\/a483f747047c1dc1556555639a19986e42d28bda61988c35164221a541236fce?s=96&d=mm&r=g\",\"contentUrl\":\"https:\/\/secure.gravatar.com\/avatar\/a483f747047c1dc1556555639a19986e42d28bda61988c35164221a541236fce?s=96&d=mm&r=g\",\"caption\":\"Polizei Bayern\"},\"sameAs\":[\"http:\/\/www.polizei.bayern.de\"]}]}<\/script>\n<!-- \/ Yoast SEO plugin. -->","yoast_head_json":{"title":"Bedrohungslage in Hohenthanner B\u00e4ckerei","description":"HOHENTHANN. Ein 25j\u00e4hriger Syrer betrat mit einem Messer bewaffnet eine B\u00e4ckerei in Hohenthann. Dabei bedrohte er nur sich selbst, unbeteiligte Personen wurden nicht gef\u00e4hrdet. Die B\u00e4ckerei wurde ger\u00e4umt und nach Verhandlungen gab der Mann auf. Er...","robots":{"index":"index","follow":"follow","max-snippet":"max-snippet:-1","max-image-preview":"max-image-preview:large","max-video-preview":"max-video-preview:-1"},"canonical":"https:\/\/www.prosos.org\/sosvz\/bedrohungslage-in-hohenthanner-baeckerei-31347.html","og_locale":"de_DE","og_type":"article","og_title":"Bedrohungslage in Hohenthanner B\u00e4ckerei","og_description":"HOHENTHANN. Ein 25j\u00e4hriger Syrer betrat mit einem Messer bewaffnet eine B\u00e4ckerei in Hohenthann. Dabei bedrohte er nur sich selbst, unbeteiligte Personen wurden nicht gef\u00e4hrdet. Die B\u00e4ckerei wurde ger\u00e4umt und nach Verhandlungen gab der Mann auf. Er...","og_url":"https:\/\/www.prosos.org\/sosvz\/bedrohungslage-in-hohenthanner-baeckerei-31347.html","og_site_name":"ProSOS - sosVZ","article_published_time":"2016-04-05T12:42:24+00:00","author":"Polizei Bayern","twitter_card":"summary_large_image","twitter_misc":{"Verfasst von":"Polizei Bayern"},"schema":{"@context":"https:\/\/schema.org","@graph":[{"@type":"WebPage","@id":"https:\/\/www.prosos.org\/sosvz\/bedrohungslage-in-hohenthanner-baeckerei-31347.html","url":"https:\/\/www.prosos.org\/sosvz\/bedrohungslage-in-hohenthanner-baeckerei-31347.html","name":"Bedrohungslage in Hohenthanner B\u00e4ckerei","isPartOf":{"@id":"https:\/\/www.prosos.org\/sosvz\/#website"},"datePublished":"2016-04-05T12:42:24+00:00","author":{"@id":"https:\/\/www.prosos.org\/sosvz\/#\/schema\/person\/fbd66aeac098e28acf1869332c6e55e9"},"description":"HOHENTHANN. Ein 25j\u00e4hriger Syrer betrat mit einem Messer bewaffnet eine B\u00e4ckerei in Hohenthann. Dabei bedrohte er nur sich selbst, unbeteiligte Personen wurden nicht gef\u00e4hrdet. Die B\u00e4ckerei wurde ger\u00e4umt und nach Verhandlungen gab der Mann auf. Er...","breadcrumb":{"@id":"https:\/\/www.prosos.org\/sosvz\/bedrohungslage-in-hohenthanner-baeckerei-31347.html#breadcrumb"},"inLanguage":"de","potentialAction":[{"@type":"ReadAction","target":["https:\/\/www.prosos.org\/sosvz\/bedrohungslage-in-hohenthanner-baeckerei-31347.html"]}]},{"@type":"BreadcrumbList","@id":"https:\/\/www.prosos.org\/sosvz\/bedrohungslage-in-hohenthanner-baeckerei-31347.html#breadcrumb","itemListElement":[{"@type":"ListItem","position":1,"name":"Home","item":"https:\/\/www.prosos.org\/sosvz"},{"@type":"ListItem","position":2,"name":"Bedrohungslage in Hohenthanner B\u00e4ckerei"}]},{"@type":"WebSite","@id":"https:\/\/www.prosos.org\/sosvz\/#website","url":"https:\/\/www.prosos.org\/sosvz\/","name":"ProSOS - sosVZ","description":"Die Coummunity f\u00fcr Polizei, Feuerwehr, Rettungsdienste und Selbstschutz","potentialAction":[{"@type":"SearchAction","target":{"@type":"EntryPoint","urlTemplate":"https:\/\/www.prosos.org\/sosvz\/?s={search_term_string}"},"query-input":{"@type":"PropertyValueSpecification","valueRequired":true,"valueName":"search_term_string"}}],"inLanguage":"de"},{"@type":"Person","@id":"https:\/\/www.prosos.org\/sosvz\/#\/schema\/person\/fbd66aeac098e28acf1869332c6e55e9","name":"Polizei Bayern","image":{"@type":"ImageObject","inLanguage":"de","@id":"https:\/\/www.prosos.org\/sosvz\/#\/schema\/person\/image\/","url":"https:\/\/secure.gravatar.com\/avatar\/a483f747047c1dc1556555639a19986e42d28bda61988c35164221a541236fce?s=96&d=mm&r=g","contentUrl":"https:\/\/secure.gravatar.com\/avatar\/a483f747047c1dc1556555639a19986e42d28bda61988c35164221a541236fce?s=96&d=mm&r=g","caption":"Polizei Bayern"},"sameAs":["http:\/\/www.polizei.bayern.de"]}]}},"_links":{"self":[{"href":"https:\/\/www.prosos.org\/sosvz\/wp-json\/wp\/v2\/posts\/31347","targetHints":{"allow":["GET"]}}],"collection":[{"href":"https:\/\/www.prosos.org\/sosvz\/wp-json\/wp\/v2\/posts"}],"about":[{"href":"https:\/\/www.prosos.org\/sosvz\/wp-json\/wp\/v2\/types\/post"}],"author":[{"embeddable":true,"href":"https:\/\/www.prosos.org\/sosvz\/wp-json\/wp\/v2\/users\/2"}],"replies":[{"embeddable":true,"href":"https:\/\/www.prosos.org\/sosvz\/wp-json\/wp\/v2\/comments?post=31347"}],"version-history":[{"count":1,"href":"https:\/\/www.prosos.org\/sosvz\/wp-json\/wp\/v2\/posts\/31347\/revisions"}],"predecessor-version":[{"id":31348,"href":"https:\/\/www.prosos.org\/sosvz\/wp-json\/wp\/v2\/posts\/31347\/revisions\/31348"}],"wp:attachment":[{"href":"https:\/\/www.prosos.org\/sosvz\/wp-json\/wp\/v2\/media?parent=31347"}],"wp:term":[{"taxonomy":"category","embeddable":true,"href":"https:\/\/www.prosos.org\/sosvz\/wp-json\/wp\/v2\/categories?post=31347"},{"taxonomy":"post_tag","embeddable":true,"href":"https:\/\/www.prosos.org\/sosvz\/wp-json\/wp\/v2\/tags?post=31347"}],"curies":[{"name":"wp","href":"https:\/\/api.w.org\/{rel}","templated":true}]}}