{"id":31368,"date":"2016-04-06T22:44:25","date_gmt":"2016-04-06T20:44:25","guid":{"rendered":"http:\/\/www.prosos.org\/sosvz\/?guid=93bc2019f8a25cd65dc4123e7f858002"},"modified":"2016-04-06T22:44:25","modified_gmt":"2016-04-06T20:44:25","slug":"unfall-zwischen-pkw-und-traktor-zusammenstoss-auf-der-staatsstrasse-fuenf-personen-zur-behandlung-im-krankenhaus","status":"publish","type":"post","link":"https:\/\/www.prosos.org\/sosvz\/unfall-zwischen-pkw-und-traktor-zusammenstoss-auf-der-staatsstrasse-fuenf-personen-zur-behandlung-im-krankenhaus-31368.html","title":{"rendered":"Unfall zwischen Pkw und Traktor \u2013 Zusammensto\u00df auf der Staatsstra\u00dfe \u2013 F\u00fcnf Personen zur Behandlung im Krankenhaus"},"content":{"rendered":"MARKTSTEFT, LKR. KITZINGEN. Am Mittwochabend hat ein Traktorfahrer, der von einem Feld auf die Staatstra\u00dfe aufgefahren war, einen Pkw gerammt. Der Pkw schleuderte \u00fcber einen Graben in den Gr\u00fcnstreifen links der Fahrbahn. Insgesamt wurden f\u00fcnf Personen bei dem Unfall verletzt und mussten zur Behandlung in ein Krankenhaus eingeliefert werden. \n<p class=\"syndicated-attribution\"><br \/><a target='_blank' href='http:\/\/www.polizei.bayern.de\/unterfranken\/news\/presse\/aktuell\/index.html\/239358'> komplette Meldung auf Polizei Bayern lesen<\/a><br \/><\/p>","protected":false},"excerpt":{"rendered":"<p>MARKTSTEFT, LKR. KITZINGEN. Am Mittwochabend hat ein Traktorfahrer, der von einem Feld auf die Staatstra\u00dfe aufgefahren war, einen Pkw gerammt. Der Pkw schleuderte \u00fcber einen Graben in den Gr\u00fcnstreifen links der Fahrbahn. Insgesamt wurden f\u00fcnf Perso&#8230;<\/p>\n","protected":false},"author":2,"featured_media":0,"comment_status":"closed","ping_status":"closed","sticky":false,"template":"","format":"standard","meta":{"footnotes":""},"categories":[5],"tags":[],"class_list":["post-31368","post","type-post","status-publish","format-standard","hentry","category-nayern"],"yoast_head":"<!-- This site is optimized with the Yoast SEO plugin v24.9 - https:\/\/yoast.com\/wordpress\/plugins\/seo\/ -->\n<title>Unfall zwischen Pkw und Traktor \u2013 Zusammensto\u00df auf der Staatsstra\u00dfe \u2013 F\u00fcnf Personen zur Behandlung im Krankenhaus<\/title>\n<meta name=\"description\" content=\"MARKTSTEFT, LKR. KITZINGEN. Am Mittwochabend hat ein Traktorfahrer, der von einem Feld auf die Staatstra\u00dfe aufgefahren war, einen Pkw gerammt. Der Pkw schleuderte \u00fcber einen Graben in den Gr\u00fcnstreifen links der Fahrbahn. Insgesamt wurden f\u00fcnf Perso...\" \/>\n<meta name=\"robots\" content=\"index, follow, max-snippet:-1, max-image-preview:large, max-video-preview:-1\" \/>\n<link rel=\"canonical\" href=\"https:\/\/www.prosos.org\/sosvz\/unfall-zwischen-pkw-und-traktor-zusammenstoss-auf-der-staatsstrasse-fuenf-personen-zur-behandlung-im-krankenhaus-31368.html\" \/>\n<meta property=\"og:locale\" content=\"de_DE\" \/>\n<meta property=\"og:type\" content=\"article\" \/>\n<meta property=\"og:title\" content=\"Unfall zwischen Pkw und Traktor \u2013 Zusammensto\u00df auf der Staatsstra\u00dfe \u2013 F\u00fcnf Personen zur Behandlung im Krankenhaus\" \/>\n<meta property=\"og:description\" content=\"MARKTSTEFT, LKR. KITZINGEN. Am Mittwochabend hat ein Traktorfahrer, der von einem Feld auf die Staatstra\u00dfe aufgefahren war, einen Pkw gerammt. Der Pkw schleuderte \u00fcber einen Graben in den Gr\u00fcnstreifen links der Fahrbahn. Insgesamt wurden f\u00fcnf Perso...\" \/>\n<meta property=\"og:url\" content=\"https:\/\/www.prosos.org\/sosvz\/unfall-zwischen-pkw-und-traktor-zusammenstoss-auf-der-staatsstrasse-fuenf-personen-zur-behandlung-im-krankenhaus-31368.html\" \/>\n<meta property=\"og:site_name\" content=\"ProSOS - sosVZ\" \/>\n<meta property=\"article:published_time\" content=\"2016-04-06T20:44:25+00:00\" \/>\n<meta name=\"author\" content=\"Polizei Bayern\" \/>\n<meta name=\"twitter:card\" content=\"summary_large_image\" \/>\n<meta name=\"twitter:label1\" content=\"Verfasst von\" \/>\n\t<meta name=\"twitter:data1\" content=\"Polizei Bayern\" \/>\n<script type=\"application\/ld+json\" class=\"yoast-schema-graph\">{\"@context\":\"https:\/\/schema.org\",\"@graph\":[{\"@type\":\"WebPage\",\"@id\":\"https:\/\/www.prosos.org\/sosvz\/unfall-zwischen-pkw-und-traktor-zusammenstoss-auf-der-staatsstrasse-fuenf-personen-zur-behandlung-im-krankenhaus-31368.html\",\"url\":\"https:\/\/www.prosos.org\/sosvz\/unfall-zwischen-pkw-und-traktor-zusammenstoss-auf-der-staatsstrasse-fuenf-personen-zur-behandlung-im-krankenhaus-31368.html\",\"name\":\"Unfall zwischen Pkw und Traktor \u2013 Zusammensto\u00df auf der Staatsstra\u00dfe \u2013 F\u00fcnf Personen zur Behandlung im Krankenhaus\",\"isPartOf\":{\"@id\":\"https:\/\/www.prosos.org\/sosvz\/#website\"},\"datePublished\":\"2016-04-06T20:44:25+00:00\",\"author\":{\"@id\":\"https:\/\/www.prosos.org\/sosvz\/#\/schema\/person\/fbd66aeac098e28acf1869332c6e55e9\"},\"description\":\"MARKTSTEFT, LKR. KITZINGEN. Am Mittwochabend hat ein Traktorfahrer, der von einem Feld auf die Staatstra\u00dfe aufgefahren war, einen Pkw gerammt. Der Pkw schleuderte \u00fcber einen Graben in den Gr\u00fcnstreifen links der Fahrbahn. Insgesamt wurden f\u00fcnf Perso...\",\"breadcrumb\":{\"@id\":\"https:\/\/www.prosos.org\/sosvz\/unfall-zwischen-pkw-und-traktor-zusammenstoss-auf-der-staatsstrasse-fuenf-personen-zur-behandlung-im-krankenhaus-31368.html#breadcrumb\"},\"inLanguage\":\"de\",\"potentialAction\":[{\"@type\":\"ReadAction\",\"target\":[\"https:\/\/www.prosos.org\/sosvz\/unfall-zwischen-pkw-und-traktor-zusammenstoss-auf-der-staatsstrasse-fuenf-personen-zur-behandlung-im-krankenhaus-31368.html\"]}]},{\"@type\":\"BreadcrumbList\",\"@id\":\"https:\/\/www.prosos.org\/sosvz\/unfall-zwischen-pkw-und-traktor-zusammenstoss-auf-der-staatsstrasse-fuenf-personen-zur-behandlung-im-krankenhaus-31368.html#breadcrumb\",\"itemListElement\":[{\"@type\":\"ListItem\",\"position\":1,\"name\":\"Home\",\"item\":\"https:\/\/www.prosos.org\/sosvz\"},{\"@type\":\"ListItem\",\"position\":2,\"name\":\"Unfall zwischen Pkw und Traktor \u2013 Zusammensto\u00df auf der Staatsstra\u00dfe \u2013 F\u00fcnf Personen zur Behandlung im Krankenhaus\"}]},{\"@type\":\"WebSite\",\"@id\":\"https:\/\/www.prosos.org\/sosvz\/#website\",\"url\":\"https:\/\/www.prosos.org\/sosvz\/\",\"name\":\"ProSOS - sosVZ\",\"description\":\"Die Coummunity f\u00fcr Polizei, Feuerwehr, Rettungsdienste und Selbstschutz\",\"potentialAction\":[{\"@type\":\"SearchAction\",\"target\":{\"@type\":\"EntryPoint\",\"urlTemplate\":\"https:\/\/www.prosos.org\/sosvz\/?s={search_term_string}\"},\"query-input\":{\"@type\":\"PropertyValueSpecification\",\"valueRequired\":true,\"valueName\":\"search_term_string\"}}],\"inLanguage\":\"de\"},{\"@type\":\"Person\",\"@id\":\"https:\/\/www.prosos.org\/sosvz\/#\/schema\/person\/fbd66aeac098e28acf1869332c6e55e9\",\"name\":\"Polizei Bayern\",\"image\":{\"@type\":\"ImageObject\",\"inLanguage\":\"de\",\"@id\":\"https:\/\/www.prosos.org\/sosvz\/#\/schema\/person\/image\/\",\"url\":\"https:\/\/secure.gravatar.com\/avatar\/a483f747047c1dc1556555639a19986e42d28bda61988c35164221a541236fce?s=96&d=mm&r=g\",\"contentUrl\":\"https:\/\/secure.gravatar.com\/avatar\/a483f747047c1dc1556555639a19986e42d28bda61988c35164221a541236fce?s=96&d=mm&r=g\",\"caption\":\"Polizei Bayern\"},\"sameAs\":[\"http:\/\/www.polizei.bayern.de\"]}]}<\/script>\n<!-- \/ Yoast SEO plugin. -->","yoast_head_json":{"title":"Unfall zwischen Pkw und Traktor \u2013 Zusammensto\u00df auf der Staatsstra\u00dfe \u2013 F\u00fcnf Personen zur Behandlung im Krankenhaus","description":"MARKTSTEFT, LKR. KITZINGEN. Am Mittwochabend hat ein Traktorfahrer, der von einem Feld auf die Staatstra\u00dfe aufgefahren war, einen Pkw gerammt. Der Pkw schleuderte \u00fcber einen Graben in den Gr\u00fcnstreifen links der Fahrbahn. Insgesamt wurden f\u00fcnf Perso...","robots":{"index":"index","follow":"follow","max-snippet":"max-snippet:-1","max-image-preview":"max-image-preview:large","max-video-preview":"max-video-preview:-1"},"canonical":"https:\/\/www.prosos.org\/sosvz\/unfall-zwischen-pkw-und-traktor-zusammenstoss-auf-der-staatsstrasse-fuenf-personen-zur-behandlung-im-krankenhaus-31368.html","og_locale":"de_DE","og_type":"article","og_title":"Unfall zwischen Pkw und Traktor \u2013 Zusammensto\u00df auf der Staatsstra\u00dfe \u2013 F\u00fcnf Personen zur Behandlung im Krankenhaus","og_description":"MARKTSTEFT, LKR. KITZINGEN. Am Mittwochabend hat ein Traktorfahrer, der von einem Feld auf die Staatstra\u00dfe aufgefahren war, einen Pkw gerammt. Der Pkw schleuderte \u00fcber einen Graben in den Gr\u00fcnstreifen links der Fahrbahn. Insgesamt wurden f\u00fcnf Perso...","og_url":"https:\/\/www.prosos.org\/sosvz\/unfall-zwischen-pkw-und-traktor-zusammenstoss-auf-der-staatsstrasse-fuenf-personen-zur-behandlung-im-krankenhaus-31368.html","og_site_name":"ProSOS - sosVZ","article_published_time":"2016-04-06T20:44:25+00:00","author":"Polizei Bayern","twitter_card":"summary_large_image","twitter_misc":{"Verfasst von":"Polizei Bayern"},"schema":{"@context":"https:\/\/schema.org","@graph":[{"@type":"WebPage","@id":"https:\/\/www.prosos.org\/sosvz\/unfall-zwischen-pkw-und-traktor-zusammenstoss-auf-der-staatsstrasse-fuenf-personen-zur-behandlung-im-krankenhaus-31368.html","url":"https:\/\/www.prosos.org\/sosvz\/unfall-zwischen-pkw-und-traktor-zusammenstoss-auf-der-staatsstrasse-fuenf-personen-zur-behandlung-im-krankenhaus-31368.html","name":"Unfall zwischen Pkw und Traktor \u2013 Zusammensto\u00df auf der Staatsstra\u00dfe \u2013 F\u00fcnf Personen zur Behandlung im Krankenhaus","isPartOf":{"@id":"https:\/\/www.prosos.org\/sosvz\/#website"},"datePublished":"2016-04-06T20:44:25+00:00","author":{"@id":"https:\/\/www.prosos.org\/sosvz\/#\/schema\/person\/fbd66aeac098e28acf1869332c6e55e9"},"description":"MARKTSTEFT, LKR. KITZINGEN. Am Mittwochabend hat ein Traktorfahrer, der von einem Feld auf die Staatstra\u00dfe aufgefahren war, einen Pkw gerammt. Der Pkw schleuderte \u00fcber einen Graben in den Gr\u00fcnstreifen links der Fahrbahn. Insgesamt wurden f\u00fcnf Perso...","breadcrumb":{"@id":"https:\/\/www.prosos.org\/sosvz\/unfall-zwischen-pkw-und-traktor-zusammenstoss-auf-der-staatsstrasse-fuenf-personen-zur-behandlung-im-krankenhaus-31368.html#breadcrumb"},"inLanguage":"de","potentialAction":[{"@type":"ReadAction","target":["https:\/\/www.prosos.org\/sosvz\/unfall-zwischen-pkw-und-traktor-zusammenstoss-auf-der-staatsstrasse-fuenf-personen-zur-behandlung-im-krankenhaus-31368.html"]}]},{"@type":"BreadcrumbList","@id":"https:\/\/www.prosos.org\/sosvz\/unfall-zwischen-pkw-und-traktor-zusammenstoss-auf-der-staatsstrasse-fuenf-personen-zur-behandlung-im-krankenhaus-31368.html#breadcrumb","itemListElement":[{"@type":"ListItem","position":1,"name":"Home","item":"https:\/\/www.prosos.org\/sosvz"},{"@type":"ListItem","position":2,"name":"Unfall zwischen Pkw und Traktor \u2013 Zusammensto\u00df auf der Staatsstra\u00dfe \u2013 F\u00fcnf Personen zur Behandlung im Krankenhaus"}]},{"@type":"WebSite","@id":"https:\/\/www.prosos.org\/sosvz\/#website","url":"https:\/\/www.prosos.org\/sosvz\/","name":"ProSOS - sosVZ","description":"Die Coummunity f\u00fcr Polizei, Feuerwehr, Rettungsdienste und Selbstschutz","potentialAction":[{"@type":"SearchAction","target":{"@type":"EntryPoint","urlTemplate":"https:\/\/www.prosos.org\/sosvz\/?s={search_term_string}"},"query-input":{"@type":"PropertyValueSpecification","valueRequired":true,"valueName":"search_term_string"}}],"inLanguage":"de"},{"@type":"Person","@id":"https:\/\/www.prosos.org\/sosvz\/#\/schema\/person\/fbd66aeac098e28acf1869332c6e55e9","name":"Polizei Bayern","image":{"@type":"ImageObject","inLanguage":"de","@id":"https:\/\/www.prosos.org\/sosvz\/#\/schema\/person\/image\/","url":"https:\/\/secure.gravatar.com\/avatar\/a483f747047c1dc1556555639a19986e42d28bda61988c35164221a541236fce?s=96&d=mm&r=g","contentUrl":"https:\/\/secure.gravatar.com\/avatar\/a483f747047c1dc1556555639a19986e42d28bda61988c35164221a541236fce?s=96&d=mm&r=g","caption":"Polizei Bayern"},"sameAs":["http:\/\/www.polizei.bayern.de"]}]}},"_links":{"self":[{"href":"https:\/\/www.prosos.org\/sosvz\/wp-json\/wp\/v2\/posts\/31368","targetHints":{"allow":["GET"]}}],"collection":[{"href":"https:\/\/www.prosos.org\/sosvz\/wp-json\/wp\/v2\/posts"}],"about":[{"href":"https:\/\/www.prosos.org\/sosvz\/wp-json\/wp\/v2\/types\/post"}],"author":[{"embeddable":true,"href":"https:\/\/www.prosos.org\/sosvz\/wp-json\/wp\/v2\/users\/2"}],"replies":[{"embeddable":true,"href":"https:\/\/www.prosos.org\/sosvz\/wp-json\/wp\/v2\/comments?post=31368"}],"version-history":[{"count":1,"href":"https:\/\/www.prosos.org\/sosvz\/wp-json\/wp\/v2\/posts\/31368\/revisions"}],"predecessor-version":[{"id":31369,"href":"https:\/\/www.prosos.org\/sosvz\/wp-json\/wp\/v2\/posts\/31368\/revisions\/31369"}],"wp:attachment":[{"href":"https:\/\/www.prosos.org\/sosvz\/wp-json\/wp\/v2\/media?parent=31368"}],"wp:term":[{"taxonomy":"category","embeddable":true,"href":"https:\/\/www.prosos.org\/sosvz\/wp-json\/wp\/v2\/categories?post=31368"},{"taxonomy":"post_tag","embeddable":true,"href":"https:\/\/www.prosos.org\/sosvz\/wp-json\/wp\/v2\/tags?post=31368"}],"curies":[{"name":"wp","href":"https:\/\/api.w.org\/{rel}","templated":true}]}}