{"id":31370,"date":"2016-04-07T08:08:03","date_gmt":"2016-04-07T06:08:03","guid":{"rendered":"http:\/\/www.prosos.org\/sosvz\/?guid=ab46d7ffc25e9a7e592fd881862a9c47"},"modified":"2016-04-07T08:08:03","modified_gmt":"2016-04-07T06:08:03","slug":"kellerbrand-in-asylunterkunft-in-neutraubling","status":"publish","type":"post","link":"https:\/\/www.prosos.org\/sosvz\/kellerbrand-in-asylunterkunft-in-neutraubling-31370.html","title":{"rendered":"Kellerbrand in Asylunterkunft in Neutraubling"},"content":{"rendered":"NEUTRAUBLING, LKR. REGENSBURG; Bei einem Kellerbrand in einer in der Schlesischen Stra\u00dfe gelegenen Asylunterkunft wurden mehrere Personen durch Rauchgase verletzt.  Ein Gro\u00dfaufgebot von Feuerwehr und Rettungsdienst k\u00fcmmerte sich um die Bewohner sowie um die Brandbek\u00e4mpfung. Die Ursache des Feuers ist derzeit noch unbekannt.\n<p class=\"syndicated-attribution\"><br \/><a target='_blank' href='http:\/\/www.polizei.bayern.de\/oberpfalz\/news\/presse\/aktuell\/index.html\/239361'> komplette Meldung auf Polizei Bayern lesen<\/a><br \/><\/p>","protected":false},"excerpt":{"rendered":"<p>NEUTRAUBLING, LKR. REGENSBURG; Bei einem Kellerbrand in einer in der Schlesischen Stra\u00dfe gelegenen Asylunterkunft wurden mehrere Personen durch Rauchgase verletzt.  Ein Gro\u00dfaufgebot von Feuerwehr und Rettungsdienst k\u00fcmmerte sich um die Bewohner sowi&#8230;<\/p>\n","protected":false},"author":2,"featured_media":0,"comment_status":"closed","ping_status":"closed","sticky":false,"template":"","format":"standard","meta":{"footnotes":""},"categories":[5],"tags":[],"class_list":["post-31370","post","type-post","status-publish","format-standard","hentry","category-nayern"],"yoast_head":"<!-- This site is optimized with the Yoast SEO plugin v24.9 - https:\/\/yoast.com\/wordpress\/plugins\/seo\/ -->\n<title>Kellerbrand in Asylunterkunft in Neutraubling<\/title>\n<meta name=\"description\" content=\"NEUTRAUBLING, LKR. REGENSBURG; Bei einem Kellerbrand in einer in der Schlesischen Stra\u00dfe gelegenen Asylunterkunft wurden mehrere Personen durch Rauchgase verletzt. Ein Gro\u00dfaufgebot von Feuerwehr und Rettungsdienst k\u00fcmmerte sich um die Bewohner sowi...\" \/>\n<meta name=\"robots\" content=\"index, follow, max-snippet:-1, max-image-preview:large, max-video-preview:-1\" \/>\n<link rel=\"canonical\" href=\"https:\/\/www.prosos.org\/sosvz\/kellerbrand-in-asylunterkunft-in-neutraubling-31370.html\" \/>\n<meta property=\"og:locale\" content=\"de_DE\" \/>\n<meta property=\"og:type\" content=\"article\" \/>\n<meta property=\"og:title\" content=\"Kellerbrand in Asylunterkunft in Neutraubling\" \/>\n<meta property=\"og:description\" content=\"NEUTRAUBLING, LKR. REGENSBURG; Bei einem Kellerbrand in einer in der Schlesischen Stra\u00dfe gelegenen Asylunterkunft wurden mehrere Personen durch Rauchgase verletzt. Ein Gro\u00dfaufgebot von Feuerwehr und Rettungsdienst k\u00fcmmerte sich um die Bewohner sowi...\" \/>\n<meta property=\"og:url\" content=\"https:\/\/www.prosos.org\/sosvz\/kellerbrand-in-asylunterkunft-in-neutraubling-31370.html\" \/>\n<meta property=\"og:site_name\" content=\"ProSOS - sosVZ\" \/>\n<meta property=\"article:published_time\" content=\"2016-04-07T06:08:03+00:00\" \/>\n<meta name=\"author\" content=\"Polizei Bayern\" \/>\n<meta name=\"twitter:card\" content=\"summary_large_image\" \/>\n<meta name=\"twitter:label1\" content=\"Verfasst von\" \/>\n\t<meta name=\"twitter:data1\" content=\"Polizei Bayern\" \/>\n<script type=\"application\/ld+json\" class=\"yoast-schema-graph\">{\"@context\":\"https:\/\/schema.org\",\"@graph\":[{\"@type\":\"WebPage\",\"@id\":\"https:\/\/www.prosos.org\/sosvz\/kellerbrand-in-asylunterkunft-in-neutraubling-31370.html\",\"url\":\"https:\/\/www.prosos.org\/sosvz\/kellerbrand-in-asylunterkunft-in-neutraubling-31370.html\",\"name\":\"Kellerbrand in Asylunterkunft in Neutraubling\",\"isPartOf\":{\"@id\":\"https:\/\/www.prosos.org\/sosvz\/#website\"},\"datePublished\":\"2016-04-07T06:08:03+00:00\",\"author\":{\"@id\":\"https:\/\/www.prosos.org\/sosvz\/#\/schema\/person\/fbd66aeac098e28acf1869332c6e55e9\"},\"description\":\"NEUTRAUBLING, LKR. REGENSBURG; Bei einem Kellerbrand in einer in der Schlesischen Stra\u00dfe gelegenen Asylunterkunft wurden mehrere Personen durch Rauchgase verletzt. Ein Gro\u00dfaufgebot von Feuerwehr und Rettungsdienst k\u00fcmmerte sich um die Bewohner sowi...\",\"breadcrumb\":{\"@id\":\"https:\/\/www.prosos.org\/sosvz\/kellerbrand-in-asylunterkunft-in-neutraubling-31370.html#breadcrumb\"},\"inLanguage\":\"de\",\"potentialAction\":[{\"@type\":\"ReadAction\",\"target\":[\"https:\/\/www.prosos.org\/sosvz\/kellerbrand-in-asylunterkunft-in-neutraubling-31370.html\"]}]},{\"@type\":\"BreadcrumbList\",\"@id\":\"https:\/\/www.prosos.org\/sosvz\/kellerbrand-in-asylunterkunft-in-neutraubling-31370.html#breadcrumb\",\"itemListElement\":[{\"@type\":\"ListItem\",\"position\":1,\"name\":\"Home\",\"item\":\"https:\/\/www.prosos.org\/sosvz\"},{\"@type\":\"ListItem\",\"position\":2,\"name\":\"Kellerbrand in Asylunterkunft in Neutraubling\"}]},{\"@type\":\"WebSite\",\"@id\":\"https:\/\/www.prosos.org\/sosvz\/#website\",\"url\":\"https:\/\/www.prosos.org\/sosvz\/\",\"name\":\"ProSOS - sosVZ\",\"description\":\"Die Coummunity f\u00fcr Polizei, Feuerwehr, Rettungsdienste und Selbstschutz\",\"potentialAction\":[{\"@type\":\"SearchAction\",\"target\":{\"@type\":\"EntryPoint\",\"urlTemplate\":\"https:\/\/www.prosos.org\/sosvz\/?s={search_term_string}\"},\"query-input\":{\"@type\":\"PropertyValueSpecification\",\"valueRequired\":true,\"valueName\":\"search_term_string\"}}],\"inLanguage\":\"de\"},{\"@type\":\"Person\",\"@id\":\"https:\/\/www.prosos.org\/sosvz\/#\/schema\/person\/fbd66aeac098e28acf1869332c6e55e9\",\"name\":\"Polizei Bayern\",\"image\":{\"@type\":\"ImageObject\",\"inLanguage\":\"de\",\"@id\":\"https:\/\/www.prosos.org\/sosvz\/#\/schema\/person\/image\/\",\"url\":\"https:\/\/secure.gravatar.com\/avatar\/a483f747047c1dc1556555639a19986e42d28bda61988c35164221a541236fce?s=96&d=mm&r=g\",\"contentUrl\":\"https:\/\/secure.gravatar.com\/avatar\/a483f747047c1dc1556555639a19986e42d28bda61988c35164221a541236fce?s=96&d=mm&r=g\",\"caption\":\"Polizei Bayern\"},\"sameAs\":[\"http:\/\/www.polizei.bayern.de\"]}]}<\/script>\n<!-- \/ Yoast SEO plugin. -->","yoast_head_json":{"title":"Kellerbrand in Asylunterkunft in Neutraubling","description":"NEUTRAUBLING, LKR. REGENSBURG; Bei einem Kellerbrand in einer in der Schlesischen Stra\u00dfe gelegenen Asylunterkunft wurden mehrere Personen durch Rauchgase verletzt. Ein Gro\u00dfaufgebot von Feuerwehr und Rettungsdienst k\u00fcmmerte sich um die Bewohner sowi...","robots":{"index":"index","follow":"follow","max-snippet":"max-snippet:-1","max-image-preview":"max-image-preview:large","max-video-preview":"max-video-preview:-1"},"canonical":"https:\/\/www.prosos.org\/sosvz\/kellerbrand-in-asylunterkunft-in-neutraubling-31370.html","og_locale":"de_DE","og_type":"article","og_title":"Kellerbrand in Asylunterkunft in Neutraubling","og_description":"NEUTRAUBLING, LKR. REGENSBURG; Bei einem Kellerbrand in einer in der Schlesischen Stra\u00dfe gelegenen Asylunterkunft wurden mehrere Personen durch Rauchgase verletzt. Ein Gro\u00dfaufgebot von Feuerwehr und Rettungsdienst k\u00fcmmerte sich um die Bewohner sowi...","og_url":"https:\/\/www.prosos.org\/sosvz\/kellerbrand-in-asylunterkunft-in-neutraubling-31370.html","og_site_name":"ProSOS - sosVZ","article_published_time":"2016-04-07T06:08:03+00:00","author":"Polizei Bayern","twitter_card":"summary_large_image","twitter_misc":{"Verfasst von":"Polizei Bayern"},"schema":{"@context":"https:\/\/schema.org","@graph":[{"@type":"WebPage","@id":"https:\/\/www.prosos.org\/sosvz\/kellerbrand-in-asylunterkunft-in-neutraubling-31370.html","url":"https:\/\/www.prosos.org\/sosvz\/kellerbrand-in-asylunterkunft-in-neutraubling-31370.html","name":"Kellerbrand in Asylunterkunft in Neutraubling","isPartOf":{"@id":"https:\/\/www.prosos.org\/sosvz\/#website"},"datePublished":"2016-04-07T06:08:03+00:00","author":{"@id":"https:\/\/www.prosos.org\/sosvz\/#\/schema\/person\/fbd66aeac098e28acf1869332c6e55e9"},"description":"NEUTRAUBLING, LKR. REGENSBURG; Bei einem Kellerbrand in einer in der Schlesischen Stra\u00dfe gelegenen Asylunterkunft wurden mehrere Personen durch Rauchgase verletzt. Ein Gro\u00dfaufgebot von Feuerwehr und Rettungsdienst k\u00fcmmerte sich um die Bewohner sowi...","breadcrumb":{"@id":"https:\/\/www.prosos.org\/sosvz\/kellerbrand-in-asylunterkunft-in-neutraubling-31370.html#breadcrumb"},"inLanguage":"de","potentialAction":[{"@type":"ReadAction","target":["https:\/\/www.prosos.org\/sosvz\/kellerbrand-in-asylunterkunft-in-neutraubling-31370.html"]}]},{"@type":"BreadcrumbList","@id":"https:\/\/www.prosos.org\/sosvz\/kellerbrand-in-asylunterkunft-in-neutraubling-31370.html#breadcrumb","itemListElement":[{"@type":"ListItem","position":1,"name":"Home","item":"https:\/\/www.prosos.org\/sosvz"},{"@type":"ListItem","position":2,"name":"Kellerbrand in Asylunterkunft in Neutraubling"}]},{"@type":"WebSite","@id":"https:\/\/www.prosos.org\/sosvz\/#website","url":"https:\/\/www.prosos.org\/sosvz\/","name":"ProSOS - sosVZ","description":"Die Coummunity f\u00fcr Polizei, Feuerwehr, Rettungsdienste und Selbstschutz","potentialAction":[{"@type":"SearchAction","target":{"@type":"EntryPoint","urlTemplate":"https:\/\/www.prosos.org\/sosvz\/?s={search_term_string}"},"query-input":{"@type":"PropertyValueSpecification","valueRequired":true,"valueName":"search_term_string"}}],"inLanguage":"de"},{"@type":"Person","@id":"https:\/\/www.prosos.org\/sosvz\/#\/schema\/person\/fbd66aeac098e28acf1869332c6e55e9","name":"Polizei Bayern","image":{"@type":"ImageObject","inLanguage":"de","@id":"https:\/\/www.prosos.org\/sosvz\/#\/schema\/person\/image\/","url":"https:\/\/secure.gravatar.com\/avatar\/a483f747047c1dc1556555639a19986e42d28bda61988c35164221a541236fce?s=96&d=mm&r=g","contentUrl":"https:\/\/secure.gravatar.com\/avatar\/a483f747047c1dc1556555639a19986e42d28bda61988c35164221a541236fce?s=96&d=mm&r=g","caption":"Polizei Bayern"},"sameAs":["http:\/\/www.polizei.bayern.de"]}]}},"_links":{"self":[{"href":"https:\/\/www.prosos.org\/sosvz\/wp-json\/wp\/v2\/posts\/31370","targetHints":{"allow":["GET"]}}],"collection":[{"href":"https:\/\/www.prosos.org\/sosvz\/wp-json\/wp\/v2\/posts"}],"about":[{"href":"https:\/\/www.prosos.org\/sosvz\/wp-json\/wp\/v2\/types\/post"}],"author":[{"embeddable":true,"href":"https:\/\/www.prosos.org\/sosvz\/wp-json\/wp\/v2\/users\/2"}],"replies":[{"embeddable":true,"href":"https:\/\/www.prosos.org\/sosvz\/wp-json\/wp\/v2\/comments?post=31370"}],"version-history":[{"count":1,"href":"https:\/\/www.prosos.org\/sosvz\/wp-json\/wp\/v2\/posts\/31370\/revisions"}],"predecessor-version":[{"id":31371,"href":"https:\/\/www.prosos.org\/sosvz\/wp-json\/wp\/v2\/posts\/31370\/revisions\/31371"}],"wp:attachment":[{"href":"https:\/\/www.prosos.org\/sosvz\/wp-json\/wp\/v2\/media?parent=31370"}],"wp:term":[{"taxonomy":"category","embeddable":true,"href":"https:\/\/www.prosos.org\/sosvz\/wp-json\/wp\/v2\/categories?post=31370"},{"taxonomy":"post_tag","embeddable":true,"href":"https:\/\/www.prosos.org\/sosvz\/wp-json\/wp\/v2\/tags?post=31370"}],"curies":[{"name":"wp","href":"https:\/\/api.w.org\/{rel}","templated":true}]}}