{"id":63981,"date":"2021-07-30T16:33:37","date_gmt":"2021-07-30T14:33:37","guid":{"rendered":"http:\/\/www.prosos.org\/sosvz\/?guid=26400b756d9edddffed32bbec1930a59"},"modified":"2021-07-30T16:33:37","modified_gmt":"2021-07-30T14:33:37","slug":"vermissung-der-36-jaehrigen-frau-lang-eileen-aus-dem-klinikum-taufkirchen-vils","status":"publish","type":"post","link":"https:\/\/www.prosos.org\/sosvz\/vermissung-der-36-jaehrigen-frau-lang-eileen-aus-dem-klinikum-taufkirchen-vils-63981.html","title":{"rendered":"Vermissung der 36-j\u00e4hrigen Frau Lang, Eileen aus dem Klinikum Taufkirchen (Vils)"},"content":{"rendered":"DORFEN, LKR. ERDING.\nSeit gestern, 29.07.2021, ist  die 36-j\u00e4hrige Eileen Lang aus dem kbo-Isar-Amper-Klinikum Taufkirchen (Vils) abg\u00e4ngig. Frau Lang verlie\u00df die Einrichtung gegen 18:00 Uhr und ist seither unbekannten Aufenthalts. Unter Umst\u00e4nden h\u00e4lt sie sich derzeit im Bereich Erding oder M\u00fcnchen auf. \n\nDie Vermisste ist auf eine regelm\u00e4\u00dfige \u00e4rztliche Behandlung angewiesen, weshalb eine R\u00fcckf\u00fchrung ins Klinikum dringend erforderlich ist. \n\nFrau Lang kann erg\u00e4nzend zum beigef\u00fcgten Lichtbild wie folgt beschrieben werden:\n- rotblonde, schulterlange Haare\n- helle Haut\n- dichte, k\u00fcnstliche Wimpern\n- Piercings in der linken Wange und der linken Oberlippe\n\n<p class=\"syndicated-attribution\"><br \/><a target='_blank' href='http:\/\/www.polizei.bayern.de\/oberbayern_nord\/fahndung\/personen\/vermisste\/index.html\/330945'> komplette Meldung auf Polizei Bayern lesen<\/a><br \/><\/p>","protected":false},"excerpt":{"rendered":"<p>DORFEN, LKR. ERDING.<br \/>\nSeit gestern, 29.07.2021, ist  die 36-j\u00e4hrige Eileen Lang aus dem kbo-Isar-Amper-Klinikum Taufkirchen (Vils) abg\u00e4ngig. Frau Lang verlie\u00df die Einrichtung gegen 18:00 Uhr und ist seither unbekannten Aufenthalts. Unter Umst\u00e4nden h\u00e4lt &#8230;<\/p>\n","protected":false},"author":2,"featured_media":0,"comment_status":"closed","ping_status":"closed","sticky":false,"template":"","format":"standard","meta":{"footnotes":""},"categories":[],"tags":[],"class_list":["post-63981","post","type-post","status-publish","format-standard","hentry"],"yoast_head":"<!-- This site is optimized with the Yoast SEO plugin v24.9 - https:\/\/yoast.com\/wordpress\/plugins\/seo\/ -->\n<title>Vermissung der 36-j\u00e4hrigen Frau Lang, Eileen aus dem Klinikum Taufkirchen (Vils)<\/title>\n<meta name=\"description\" content=\"DORFEN, LKR. ERDING. Seit gestern, 29.07.2021, ist die 36-j\u00e4hrige Eileen Lang aus dem kbo-Isar-Amper-Klinikum Taufkirchen (Vils) abg\u00e4ngig. Frau Lang verlie\u00df die Einrichtung gegen 18:00 Uhr und ist seither unbekannten Aufenthalts. Unter Umst\u00e4nden h\u00e4lt ...\" \/>\n<meta name=\"robots\" content=\"index, follow, max-snippet:-1, max-image-preview:large, max-video-preview:-1\" \/>\n<link rel=\"canonical\" href=\"https:\/\/www.prosos.org\/sosvz\/vermissung-der-36-jaehrigen-frau-lang-eileen-aus-dem-klinikum-taufkirchen-vils-63981.html\" \/>\n<meta property=\"og:locale\" content=\"de_DE\" \/>\n<meta property=\"og:type\" content=\"article\" \/>\n<meta property=\"og:title\" content=\"Vermissung der 36-j\u00e4hrigen Frau Lang, Eileen aus dem Klinikum Taufkirchen (Vils)\" \/>\n<meta property=\"og:description\" content=\"DORFEN, LKR. ERDING. Seit gestern, 29.07.2021, ist die 36-j\u00e4hrige Eileen Lang aus dem kbo-Isar-Amper-Klinikum Taufkirchen (Vils) abg\u00e4ngig. Frau Lang verlie\u00df die Einrichtung gegen 18:00 Uhr und ist seither unbekannten Aufenthalts. Unter Umst\u00e4nden h\u00e4lt ...\" \/>\n<meta property=\"og:url\" content=\"https:\/\/www.prosos.org\/sosvz\/vermissung-der-36-jaehrigen-frau-lang-eileen-aus-dem-klinikum-taufkirchen-vils-63981.html\" \/>\n<meta property=\"og:site_name\" content=\"ProSOS - sosVZ\" \/>\n<meta property=\"article:published_time\" content=\"2021-07-30T14:33:37+00:00\" \/>\n<meta name=\"author\" content=\"Polizei Bayern\" \/>\n<meta name=\"twitter:card\" content=\"summary_large_image\" \/>\n<meta name=\"twitter:label1\" content=\"Verfasst von\" \/>\n\t<meta name=\"twitter:data1\" content=\"Polizei Bayern\" \/>\n\t<meta name=\"twitter:label2\" content=\"Gesch\u00e4tzte Lesezeit\" \/>\n\t<meta name=\"twitter:data2\" content=\"1\u00a0Minute\" \/>\n<script type=\"application\/ld+json\" class=\"yoast-schema-graph\">{\"@context\":\"https:\/\/schema.org\",\"@graph\":[{\"@type\":\"WebPage\",\"@id\":\"https:\/\/www.prosos.org\/sosvz\/vermissung-der-36-jaehrigen-frau-lang-eileen-aus-dem-klinikum-taufkirchen-vils-63981.html\",\"url\":\"https:\/\/www.prosos.org\/sosvz\/vermissung-der-36-jaehrigen-frau-lang-eileen-aus-dem-klinikum-taufkirchen-vils-63981.html\",\"name\":\"Vermissung der 36-j\u00e4hrigen Frau Lang, Eileen aus dem Klinikum Taufkirchen (Vils)\",\"isPartOf\":{\"@id\":\"https:\/\/www.prosos.org\/sosvz\/#website\"},\"datePublished\":\"2021-07-30T14:33:37+00:00\",\"author\":{\"@id\":\"https:\/\/www.prosos.org\/sosvz\/#\/schema\/person\/fbd66aeac098e28acf1869332c6e55e9\"},\"description\":\"DORFEN, LKR. ERDING. Seit gestern, 29.07.2021, ist die 36-j\u00e4hrige Eileen Lang aus dem kbo-Isar-Amper-Klinikum Taufkirchen (Vils) abg\u00e4ngig. Frau Lang verlie\u00df die Einrichtung gegen 18:00 Uhr und ist seither unbekannten Aufenthalts. Unter Umst\u00e4nden h\u00e4lt ...\",\"breadcrumb\":{\"@id\":\"https:\/\/www.prosos.org\/sosvz\/vermissung-der-36-jaehrigen-frau-lang-eileen-aus-dem-klinikum-taufkirchen-vils-63981.html#breadcrumb\"},\"inLanguage\":\"de\",\"potentialAction\":[{\"@type\":\"ReadAction\",\"target\":[\"https:\/\/www.prosos.org\/sosvz\/vermissung-der-36-jaehrigen-frau-lang-eileen-aus-dem-klinikum-taufkirchen-vils-63981.html\"]}]},{\"@type\":\"BreadcrumbList\",\"@id\":\"https:\/\/www.prosos.org\/sosvz\/vermissung-der-36-jaehrigen-frau-lang-eileen-aus-dem-klinikum-taufkirchen-vils-63981.html#breadcrumb\",\"itemListElement\":[{\"@type\":\"ListItem\",\"position\":1,\"name\":\"Home\",\"item\":\"https:\/\/www.prosos.org\/sosvz\"},{\"@type\":\"ListItem\",\"position\":2,\"name\":\"Vermissung der 36-j\u00e4hrigen Frau Lang, Eileen aus dem Klinikum Taufkirchen (Vils)\"}]},{\"@type\":\"WebSite\",\"@id\":\"https:\/\/www.prosos.org\/sosvz\/#website\",\"url\":\"https:\/\/www.prosos.org\/sosvz\/\",\"name\":\"ProSOS - sosVZ\",\"description\":\"Die Coummunity f\u00fcr Polizei, Feuerwehr, Rettungsdienste und Selbstschutz\",\"potentialAction\":[{\"@type\":\"SearchAction\",\"target\":{\"@type\":\"EntryPoint\",\"urlTemplate\":\"https:\/\/www.prosos.org\/sosvz\/?s={search_term_string}\"},\"query-input\":{\"@type\":\"PropertyValueSpecification\",\"valueRequired\":true,\"valueName\":\"search_term_string\"}}],\"inLanguage\":\"de\"},{\"@type\":\"Person\",\"@id\":\"https:\/\/www.prosos.org\/sosvz\/#\/schema\/person\/fbd66aeac098e28acf1869332c6e55e9\",\"name\":\"Polizei Bayern\",\"image\":{\"@type\":\"ImageObject\",\"inLanguage\":\"de\",\"@id\":\"https:\/\/www.prosos.org\/sosvz\/#\/schema\/person\/image\/\",\"url\":\"https:\/\/secure.gravatar.com\/avatar\/a483f747047c1dc1556555639a19986e42d28bda61988c35164221a541236fce?s=96&d=mm&r=g\",\"contentUrl\":\"https:\/\/secure.gravatar.com\/avatar\/a483f747047c1dc1556555639a19986e42d28bda61988c35164221a541236fce?s=96&d=mm&r=g\",\"caption\":\"Polizei Bayern\"},\"sameAs\":[\"http:\/\/www.polizei.bayern.de\"]}]}<\/script>\n<!-- \/ Yoast SEO plugin. -->","yoast_head_json":{"title":"Vermissung der 36-j\u00e4hrigen Frau Lang, Eileen aus dem Klinikum Taufkirchen (Vils)","description":"DORFEN, LKR. ERDING. Seit gestern, 29.07.2021, ist die 36-j\u00e4hrige Eileen Lang aus dem kbo-Isar-Amper-Klinikum Taufkirchen (Vils) abg\u00e4ngig. Frau Lang verlie\u00df die Einrichtung gegen 18:00 Uhr und ist seither unbekannten Aufenthalts. Unter Umst\u00e4nden h\u00e4lt ...","robots":{"index":"index","follow":"follow","max-snippet":"max-snippet:-1","max-image-preview":"max-image-preview:large","max-video-preview":"max-video-preview:-1"},"canonical":"https:\/\/www.prosos.org\/sosvz\/vermissung-der-36-jaehrigen-frau-lang-eileen-aus-dem-klinikum-taufkirchen-vils-63981.html","og_locale":"de_DE","og_type":"article","og_title":"Vermissung der 36-j\u00e4hrigen Frau Lang, Eileen aus dem Klinikum Taufkirchen (Vils)","og_description":"DORFEN, LKR. ERDING. Seit gestern, 29.07.2021, ist die 36-j\u00e4hrige Eileen Lang aus dem kbo-Isar-Amper-Klinikum Taufkirchen (Vils) abg\u00e4ngig. Frau Lang verlie\u00df die Einrichtung gegen 18:00 Uhr und ist seither unbekannten Aufenthalts. Unter Umst\u00e4nden h\u00e4lt ...","og_url":"https:\/\/www.prosos.org\/sosvz\/vermissung-der-36-jaehrigen-frau-lang-eileen-aus-dem-klinikum-taufkirchen-vils-63981.html","og_site_name":"ProSOS - sosVZ","article_published_time":"2021-07-30T14:33:37+00:00","author":"Polizei Bayern","twitter_card":"summary_large_image","twitter_misc":{"Verfasst von":"Polizei Bayern","Gesch\u00e4tzte Lesezeit":"1\u00a0Minute"},"schema":{"@context":"https:\/\/schema.org","@graph":[{"@type":"WebPage","@id":"https:\/\/www.prosos.org\/sosvz\/vermissung-der-36-jaehrigen-frau-lang-eileen-aus-dem-klinikum-taufkirchen-vils-63981.html","url":"https:\/\/www.prosos.org\/sosvz\/vermissung-der-36-jaehrigen-frau-lang-eileen-aus-dem-klinikum-taufkirchen-vils-63981.html","name":"Vermissung der 36-j\u00e4hrigen Frau Lang, Eileen aus dem Klinikum Taufkirchen (Vils)","isPartOf":{"@id":"https:\/\/www.prosos.org\/sosvz\/#website"},"datePublished":"2021-07-30T14:33:37+00:00","author":{"@id":"https:\/\/www.prosos.org\/sosvz\/#\/schema\/person\/fbd66aeac098e28acf1869332c6e55e9"},"description":"DORFEN, LKR. ERDING. Seit gestern, 29.07.2021, ist die 36-j\u00e4hrige Eileen Lang aus dem kbo-Isar-Amper-Klinikum Taufkirchen (Vils) abg\u00e4ngig. Frau Lang verlie\u00df die Einrichtung gegen 18:00 Uhr und ist seither unbekannten Aufenthalts. Unter Umst\u00e4nden h\u00e4lt ...","breadcrumb":{"@id":"https:\/\/www.prosos.org\/sosvz\/vermissung-der-36-jaehrigen-frau-lang-eileen-aus-dem-klinikum-taufkirchen-vils-63981.html#breadcrumb"},"inLanguage":"de","potentialAction":[{"@type":"ReadAction","target":["https:\/\/www.prosos.org\/sosvz\/vermissung-der-36-jaehrigen-frau-lang-eileen-aus-dem-klinikum-taufkirchen-vils-63981.html"]}]},{"@type":"BreadcrumbList","@id":"https:\/\/www.prosos.org\/sosvz\/vermissung-der-36-jaehrigen-frau-lang-eileen-aus-dem-klinikum-taufkirchen-vils-63981.html#breadcrumb","itemListElement":[{"@type":"ListItem","position":1,"name":"Home","item":"https:\/\/www.prosos.org\/sosvz"},{"@type":"ListItem","position":2,"name":"Vermissung der 36-j\u00e4hrigen Frau Lang, Eileen aus dem Klinikum Taufkirchen (Vils)"}]},{"@type":"WebSite","@id":"https:\/\/www.prosos.org\/sosvz\/#website","url":"https:\/\/www.prosos.org\/sosvz\/","name":"ProSOS - sosVZ","description":"Die Coummunity f\u00fcr Polizei, Feuerwehr, Rettungsdienste und Selbstschutz","potentialAction":[{"@type":"SearchAction","target":{"@type":"EntryPoint","urlTemplate":"https:\/\/www.prosos.org\/sosvz\/?s={search_term_string}"},"query-input":{"@type":"PropertyValueSpecification","valueRequired":true,"valueName":"search_term_string"}}],"inLanguage":"de"},{"@type":"Person","@id":"https:\/\/www.prosos.org\/sosvz\/#\/schema\/person\/fbd66aeac098e28acf1869332c6e55e9","name":"Polizei Bayern","image":{"@type":"ImageObject","inLanguage":"de","@id":"https:\/\/www.prosos.org\/sosvz\/#\/schema\/person\/image\/","url":"https:\/\/secure.gravatar.com\/avatar\/a483f747047c1dc1556555639a19986e42d28bda61988c35164221a541236fce?s=96&d=mm&r=g","contentUrl":"https:\/\/secure.gravatar.com\/avatar\/a483f747047c1dc1556555639a19986e42d28bda61988c35164221a541236fce?s=96&d=mm&r=g","caption":"Polizei Bayern"},"sameAs":["http:\/\/www.polizei.bayern.de"]}]}},"_links":{"self":[{"href":"https:\/\/www.prosos.org\/sosvz\/wp-json\/wp\/v2\/posts\/63981","targetHints":{"allow":["GET"]}}],"collection":[{"href":"https:\/\/www.prosos.org\/sosvz\/wp-json\/wp\/v2\/posts"}],"about":[{"href":"https:\/\/www.prosos.org\/sosvz\/wp-json\/wp\/v2\/types\/post"}],"author":[{"embeddable":true,"href":"https:\/\/www.prosos.org\/sosvz\/wp-json\/wp\/v2\/users\/2"}],"replies":[{"embeddable":true,"href":"https:\/\/www.prosos.org\/sosvz\/wp-json\/wp\/v2\/comments?post=63981"}],"version-history":[{"count":1,"href":"https:\/\/www.prosos.org\/sosvz\/wp-json\/wp\/v2\/posts\/63981\/revisions"}],"predecessor-version":[{"id":63982,"href":"https:\/\/www.prosos.org\/sosvz\/wp-json\/wp\/v2\/posts\/63981\/revisions\/63982"}],"wp:attachment":[{"href":"https:\/\/www.prosos.org\/sosvz\/wp-json\/wp\/v2\/media?parent=63981"}],"wp:term":[{"taxonomy":"category","embeddable":true,"href":"https:\/\/www.prosos.org\/sosvz\/wp-json\/wp\/v2\/categories?post=63981"},{"taxonomy":"post_tag","embeddable":true,"href":"https:\/\/www.prosos.org\/sosvz\/wp-json\/wp\/v2\/tags?post=63981"}],"curies":[{"name":"wp","href":"https:\/\/api.w.org\/{rel}","templated":true}]}}