{"id":64049,"date":"2021-08-02T12:47:28","date_gmt":"2021-08-02T10:47:28","guid":{"rendered":"http:\/\/www.prosos.org\/sosvz\/?guid=a6d65d7fae9cb1283e6871157839f486"},"modified":"2021-08-02T12:47:28","modified_gmt":"2021-08-02T10:47:28","slug":"olympische-spiele-tokio-polizeihauptmeister-seidl-holt-bronze-im-team","status":"publish","type":"post","link":"https:\/\/www.prosos.org\/sosvz\/olympische-spiele-tokio-polizeihauptmeister-seidl-holt-bronze-im-team-64049.html","title":{"rendered":"Olympische Spiele Tokio \u2013 Polizeihauptmeister Seidl holt Bronze im Team"},"content":{"rendered":"TOKIO\/DACHAU \u2013 Es war ein vers\u00f6hnlicher Abschluss bei diesen Olympischen Spielen f\u00fcr den Spitzensportler der Bayerischen Polizei PHM Sebastian Seidl. Nach seinem fr\u00fchen Ausscheiden im Einzelwettbewerb war die Entt\u00e4uschung gro\u00df bei dem 31j\u00e4hrigen Judoka aus M\u00fcnchen. Die Chance auf eine Medaille blieb allerdings bestehen. Am vergangenen Samstag war Seidl Teil der deutschen Auswahl, welche im Mixed Wettkampf an den Start ging und sich die Bronzemedaille sicherte.\n<p class=\"syndicated-attribution\"><br \/><a target='_blank' href='http:\/\/www.polizei.bayern.de\/bepo\/news\/presse\/aktuell\/index.html\/331037'> komplette Meldung auf Polizei Bayern lesen<\/a><br \/><\/p>","protected":false},"excerpt":{"rendered":"<p>TOKIO\/DACHAU \u2013 Es war ein vers\u00f6hnlicher Abschluss bei diesen Olympischen Spielen f\u00fcr den Spitzensportler der Bayerischen Polizei PHM Sebastian Seidl. Nach seinem fr\u00fchen Ausscheiden im Einzelwettbewerb war die Entt\u00e4uschung gro\u00df bei dem 31j\u00e4hrigen Judoka&#8230;<\/p>\n","protected":false},"author":2,"featured_media":0,"comment_status":"closed","ping_status":"closed","sticky":false,"template":"","format":"standard","meta":{"footnotes":""},"categories":[],"tags":[],"class_list":["post-64049","post","type-post","status-publish","format-standard","hentry"],"yoast_head":"<!-- This site is optimized with the Yoast SEO plugin v24.9 - https:\/\/yoast.com\/wordpress\/plugins\/seo\/ -->\n<title>Olympische Spiele Tokio \u2013 Polizeihauptmeister Seidl holt Bronze im Team<\/title>\n<meta name=\"description\" content=\"TOKIO\/DACHAU \u2013 Es war ein vers\u00f6hnlicher Abschluss bei diesen Olympischen Spielen f\u00fcr den Spitzensportler der Bayerischen Polizei PHM Sebastian Seidl. Nach seinem fr\u00fchen Ausscheiden im Einzelwettbewerb war die Entt\u00e4uschung gro\u00df bei dem 31j\u00e4hrigen Judoka...\" \/>\n<meta name=\"robots\" content=\"index, follow, max-snippet:-1, max-image-preview:large, max-video-preview:-1\" \/>\n<link rel=\"canonical\" href=\"https:\/\/www.prosos.org\/sosvz\/olympische-spiele-tokio-polizeihauptmeister-seidl-holt-bronze-im-team-64049.html\" \/>\n<meta property=\"og:locale\" content=\"de_DE\" \/>\n<meta property=\"og:type\" content=\"article\" \/>\n<meta property=\"og:title\" content=\"Olympische Spiele Tokio \u2013 Polizeihauptmeister Seidl holt Bronze im Team\" \/>\n<meta property=\"og:description\" content=\"TOKIO\/DACHAU \u2013 Es war ein vers\u00f6hnlicher Abschluss bei diesen Olympischen Spielen f\u00fcr den Spitzensportler der Bayerischen Polizei PHM Sebastian Seidl. Nach seinem fr\u00fchen Ausscheiden im Einzelwettbewerb war die Entt\u00e4uschung gro\u00df bei dem 31j\u00e4hrigen Judoka...\" \/>\n<meta property=\"og:url\" content=\"https:\/\/www.prosos.org\/sosvz\/olympische-spiele-tokio-polizeihauptmeister-seidl-holt-bronze-im-team-64049.html\" \/>\n<meta property=\"og:site_name\" content=\"ProSOS - sosVZ\" \/>\n<meta property=\"article:published_time\" content=\"2021-08-02T10:47:28+00:00\" \/>\n<meta name=\"author\" content=\"Polizei Bayern\" \/>\n<meta name=\"twitter:card\" content=\"summary_large_image\" \/>\n<meta name=\"twitter:label1\" content=\"Verfasst von\" \/>\n\t<meta name=\"twitter:data1\" content=\"Polizei Bayern\" \/>\n<script type=\"application\/ld+json\" class=\"yoast-schema-graph\">{\"@context\":\"https:\/\/schema.org\",\"@graph\":[{\"@type\":\"WebPage\",\"@id\":\"https:\/\/www.prosos.org\/sosvz\/olympische-spiele-tokio-polizeihauptmeister-seidl-holt-bronze-im-team-64049.html\",\"url\":\"https:\/\/www.prosos.org\/sosvz\/olympische-spiele-tokio-polizeihauptmeister-seidl-holt-bronze-im-team-64049.html\",\"name\":\"Olympische Spiele Tokio \u2013 Polizeihauptmeister Seidl holt Bronze im Team\",\"isPartOf\":{\"@id\":\"https:\/\/www.prosos.org\/sosvz\/#website\"},\"datePublished\":\"2021-08-02T10:47:28+00:00\",\"author\":{\"@id\":\"https:\/\/www.prosos.org\/sosvz\/#\/schema\/person\/fbd66aeac098e28acf1869332c6e55e9\"},\"description\":\"TOKIO\/DACHAU \u2013 Es war ein vers\u00f6hnlicher Abschluss bei diesen Olympischen Spielen f\u00fcr den Spitzensportler der Bayerischen Polizei PHM Sebastian Seidl. Nach seinem fr\u00fchen Ausscheiden im Einzelwettbewerb war die Entt\u00e4uschung gro\u00df bei dem 31j\u00e4hrigen Judoka...\",\"breadcrumb\":{\"@id\":\"https:\/\/www.prosos.org\/sosvz\/olympische-spiele-tokio-polizeihauptmeister-seidl-holt-bronze-im-team-64049.html#breadcrumb\"},\"inLanguage\":\"de\",\"potentialAction\":[{\"@type\":\"ReadAction\",\"target\":[\"https:\/\/www.prosos.org\/sosvz\/olympische-spiele-tokio-polizeihauptmeister-seidl-holt-bronze-im-team-64049.html\"]}]},{\"@type\":\"BreadcrumbList\",\"@id\":\"https:\/\/www.prosos.org\/sosvz\/olympische-spiele-tokio-polizeihauptmeister-seidl-holt-bronze-im-team-64049.html#breadcrumb\",\"itemListElement\":[{\"@type\":\"ListItem\",\"position\":1,\"name\":\"Home\",\"item\":\"https:\/\/www.prosos.org\/sosvz\"},{\"@type\":\"ListItem\",\"position\":2,\"name\":\"Olympische Spiele Tokio \u2013 Polizeihauptmeister Seidl holt Bronze im Team\"}]},{\"@type\":\"WebSite\",\"@id\":\"https:\/\/www.prosos.org\/sosvz\/#website\",\"url\":\"https:\/\/www.prosos.org\/sosvz\/\",\"name\":\"ProSOS - sosVZ\",\"description\":\"Die Coummunity f\u00fcr Polizei, Feuerwehr, Rettungsdienste und Selbstschutz\",\"potentialAction\":[{\"@type\":\"SearchAction\",\"target\":{\"@type\":\"EntryPoint\",\"urlTemplate\":\"https:\/\/www.prosos.org\/sosvz\/?s={search_term_string}\"},\"query-input\":{\"@type\":\"PropertyValueSpecification\",\"valueRequired\":true,\"valueName\":\"search_term_string\"}}],\"inLanguage\":\"de\"},{\"@type\":\"Person\",\"@id\":\"https:\/\/www.prosos.org\/sosvz\/#\/schema\/person\/fbd66aeac098e28acf1869332c6e55e9\",\"name\":\"Polizei Bayern\",\"image\":{\"@type\":\"ImageObject\",\"inLanguage\":\"de\",\"@id\":\"https:\/\/www.prosos.org\/sosvz\/#\/schema\/person\/image\/\",\"url\":\"https:\/\/secure.gravatar.com\/avatar\/a483f747047c1dc1556555639a19986e42d28bda61988c35164221a541236fce?s=96&d=mm&r=g\",\"contentUrl\":\"https:\/\/secure.gravatar.com\/avatar\/a483f747047c1dc1556555639a19986e42d28bda61988c35164221a541236fce?s=96&d=mm&r=g\",\"caption\":\"Polizei Bayern\"},\"sameAs\":[\"http:\/\/www.polizei.bayern.de\"]}]}<\/script>\n<!-- \/ Yoast SEO plugin. -->","yoast_head_json":{"title":"Olympische Spiele Tokio \u2013 Polizeihauptmeister Seidl holt Bronze im Team","description":"TOKIO\/DACHAU \u2013 Es war ein vers\u00f6hnlicher Abschluss bei diesen Olympischen Spielen f\u00fcr den Spitzensportler der Bayerischen Polizei PHM Sebastian Seidl. Nach seinem fr\u00fchen Ausscheiden im Einzelwettbewerb war die Entt\u00e4uschung gro\u00df bei dem 31j\u00e4hrigen Judoka...","robots":{"index":"index","follow":"follow","max-snippet":"max-snippet:-1","max-image-preview":"max-image-preview:large","max-video-preview":"max-video-preview:-1"},"canonical":"https:\/\/www.prosos.org\/sosvz\/olympische-spiele-tokio-polizeihauptmeister-seidl-holt-bronze-im-team-64049.html","og_locale":"de_DE","og_type":"article","og_title":"Olympische Spiele Tokio \u2013 Polizeihauptmeister Seidl holt Bronze im Team","og_description":"TOKIO\/DACHAU \u2013 Es war ein vers\u00f6hnlicher Abschluss bei diesen Olympischen Spielen f\u00fcr den Spitzensportler der Bayerischen Polizei PHM Sebastian Seidl. Nach seinem fr\u00fchen Ausscheiden im Einzelwettbewerb war die Entt\u00e4uschung gro\u00df bei dem 31j\u00e4hrigen Judoka...","og_url":"https:\/\/www.prosos.org\/sosvz\/olympische-spiele-tokio-polizeihauptmeister-seidl-holt-bronze-im-team-64049.html","og_site_name":"ProSOS - sosVZ","article_published_time":"2021-08-02T10:47:28+00:00","author":"Polizei Bayern","twitter_card":"summary_large_image","twitter_misc":{"Verfasst von":"Polizei Bayern"},"schema":{"@context":"https:\/\/schema.org","@graph":[{"@type":"WebPage","@id":"https:\/\/www.prosos.org\/sosvz\/olympische-spiele-tokio-polizeihauptmeister-seidl-holt-bronze-im-team-64049.html","url":"https:\/\/www.prosos.org\/sosvz\/olympische-spiele-tokio-polizeihauptmeister-seidl-holt-bronze-im-team-64049.html","name":"Olympische Spiele Tokio \u2013 Polizeihauptmeister Seidl holt Bronze im Team","isPartOf":{"@id":"https:\/\/www.prosos.org\/sosvz\/#website"},"datePublished":"2021-08-02T10:47:28+00:00","author":{"@id":"https:\/\/www.prosos.org\/sosvz\/#\/schema\/person\/fbd66aeac098e28acf1869332c6e55e9"},"description":"TOKIO\/DACHAU \u2013 Es war ein vers\u00f6hnlicher Abschluss bei diesen Olympischen Spielen f\u00fcr den Spitzensportler der Bayerischen Polizei PHM Sebastian Seidl. Nach seinem fr\u00fchen Ausscheiden im Einzelwettbewerb war die Entt\u00e4uschung gro\u00df bei dem 31j\u00e4hrigen Judoka...","breadcrumb":{"@id":"https:\/\/www.prosos.org\/sosvz\/olympische-spiele-tokio-polizeihauptmeister-seidl-holt-bronze-im-team-64049.html#breadcrumb"},"inLanguage":"de","potentialAction":[{"@type":"ReadAction","target":["https:\/\/www.prosos.org\/sosvz\/olympische-spiele-tokio-polizeihauptmeister-seidl-holt-bronze-im-team-64049.html"]}]},{"@type":"BreadcrumbList","@id":"https:\/\/www.prosos.org\/sosvz\/olympische-spiele-tokio-polizeihauptmeister-seidl-holt-bronze-im-team-64049.html#breadcrumb","itemListElement":[{"@type":"ListItem","position":1,"name":"Home","item":"https:\/\/www.prosos.org\/sosvz"},{"@type":"ListItem","position":2,"name":"Olympische Spiele Tokio \u2013 Polizeihauptmeister Seidl holt Bronze im Team"}]},{"@type":"WebSite","@id":"https:\/\/www.prosos.org\/sosvz\/#website","url":"https:\/\/www.prosos.org\/sosvz\/","name":"ProSOS - sosVZ","description":"Die Coummunity f\u00fcr Polizei, Feuerwehr, Rettungsdienste und Selbstschutz","potentialAction":[{"@type":"SearchAction","target":{"@type":"EntryPoint","urlTemplate":"https:\/\/www.prosos.org\/sosvz\/?s={search_term_string}"},"query-input":{"@type":"PropertyValueSpecification","valueRequired":true,"valueName":"search_term_string"}}],"inLanguage":"de"},{"@type":"Person","@id":"https:\/\/www.prosos.org\/sosvz\/#\/schema\/person\/fbd66aeac098e28acf1869332c6e55e9","name":"Polizei Bayern","image":{"@type":"ImageObject","inLanguage":"de","@id":"https:\/\/www.prosos.org\/sosvz\/#\/schema\/person\/image\/","url":"https:\/\/secure.gravatar.com\/avatar\/a483f747047c1dc1556555639a19986e42d28bda61988c35164221a541236fce?s=96&d=mm&r=g","contentUrl":"https:\/\/secure.gravatar.com\/avatar\/a483f747047c1dc1556555639a19986e42d28bda61988c35164221a541236fce?s=96&d=mm&r=g","caption":"Polizei Bayern"},"sameAs":["http:\/\/www.polizei.bayern.de"]}]}},"_links":{"self":[{"href":"https:\/\/www.prosos.org\/sosvz\/wp-json\/wp\/v2\/posts\/64049","targetHints":{"allow":["GET"]}}],"collection":[{"href":"https:\/\/www.prosos.org\/sosvz\/wp-json\/wp\/v2\/posts"}],"about":[{"href":"https:\/\/www.prosos.org\/sosvz\/wp-json\/wp\/v2\/types\/post"}],"author":[{"embeddable":true,"href":"https:\/\/www.prosos.org\/sosvz\/wp-json\/wp\/v2\/users\/2"}],"replies":[{"embeddable":true,"href":"https:\/\/www.prosos.org\/sosvz\/wp-json\/wp\/v2\/comments?post=64049"}],"version-history":[{"count":1,"href":"https:\/\/www.prosos.org\/sosvz\/wp-json\/wp\/v2\/posts\/64049\/revisions"}],"predecessor-version":[{"id":64050,"href":"https:\/\/www.prosos.org\/sosvz\/wp-json\/wp\/v2\/posts\/64049\/revisions\/64050"}],"wp:attachment":[{"href":"https:\/\/www.prosos.org\/sosvz\/wp-json\/wp\/v2\/media?parent=64049"}],"wp:term":[{"taxonomy":"category","embeddable":true,"href":"https:\/\/www.prosos.org\/sosvz\/wp-json\/wp\/v2\/categories?post=64049"},{"taxonomy":"post_tag","embeddable":true,"href":"https:\/\/www.prosos.org\/sosvz\/wp-json\/wp\/v2\/tags?post=64049"}],"curies":[{"name":"wp","href":"https:\/\/api.w.org\/{rel}","templated":true}]}}