{"id":73782,"date":"2022-12-24T09:59:00","date_gmt":"2022-12-24T08:59:00","guid":{"rendered":"\/polizei\/polizeimeldungen\/2022\/pressemitteilung.1278557.php"},"modified":"2022-12-24T09:59:00","modified_gmt":"2022-12-24T08:59:00","slug":"kind-von-auto-angefahren-5","status":"publish","type":"post","link":"https:\/\/www.prosos.org\/sosvz\/kind-von-auto-angefahren-5-73782.html","title":{"rendered":"Kind von Auto angefahren"},"content":{"rendered":"In Wittenau wurde gestern Nachmittag ein Kind von einem Auto angefahren und hierbei verletzt. Nach derzeitigen Erkenntnissen lief der Vierj\u00e4hrige gegen 14.30 Uhr auf die Fahrbahn der Oranienburger Stra\u00dfe und wurde von dem VW eines 36-J\u00e4hrigen erfasst, der in s\u00fcdlicher Richtung unterwegs war.\n<p class=\"syndicated-attribution\"><br \/><a target='_blank' href='https:\/\/www.berlin.de\/polizei\/polizeimeldungen\/2022\/pressemitteilung.1278557.php'> komplette Meldung auf Aktuelle Polizeimeldungen lesen<\/a><br \/><\/p>","protected":false},"excerpt":{"rendered":"<p>In Wittenau wurde gestern Nachmittag ein Kind von einem Auto angefahren und hierbei verletzt. Nach derzeitigen Erkenntnissen lief der Vierj\u00e4hrige gegen 14.30 Uhr auf die Fahrbahn der Oranienburger Stra\u00dfe und wurde von dem VW eines 36-J\u00e4hrigen erfasst, &#8230;<\/p>\n","protected":false},"author":8,"featured_media":0,"comment_status":"closed","ping_status":"closed","sticky":false,"template":"","format":"standard","meta":{"footnotes":""},"categories":[7],"tags":[],"class_list":["post-73782","post","type-post","status-publish","format-standard","hentry","category-berlin"],"yoast_head":"<!-- This site is optimized with the Yoast SEO plugin v24.9 - https:\/\/yoast.com\/wordpress\/plugins\/seo\/ -->\n<title>Kind von Auto angefahren<\/title>\n<meta name=\"description\" content=\"In Wittenau wurde gestern Nachmittag ein Kind von einem Auto angefahren und hierbei verletzt. Nach derzeitigen Erkenntnissen lief der Vierj\u00e4hrige gegen 14.30 Uhr auf die Fahrbahn der Oranienburger Stra\u00dfe und wurde von dem VW eines 36-J\u00e4hrigen erfasst, ...\" \/>\n<meta name=\"robots\" content=\"index, follow, max-snippet:-1, max-image-preview:large, max-video-preview:-1\" \/>\n<link rel=\"canonical\" href=\"https:\/\/www.prosos.org\/sosvz\/kind-von-auto-angefahren-5-73782.html\" \/>\n<meta property=\"og:locale\" content=\"de_DE\" \/>\n<meta property=\"og:type\" content=\"article\" \/>\n<meta property=\"og:title\" content=\"Kind von Auto angefahren\" \/>\n<meta property=\"og:description\" content=\"In Wittenau wurde gestern Nachmittag ein Kind von einem Auto angefahren und hierbei verletzt. Nach derzeitigen Erkenntnissen lief der Vierj\u00e4hrige gegen 14.30 Uhr auf die Fahrbahn der Oranienburger Stra\u00dfe und wurde von dem VW eines 36-J\u00e4hrigen erfasst, ...\" \/>\n<meta property=\"og:url\" content=\"https:\/\/www.prosos.org\/sosvz\/kind-von-auto-angefahren-5-73782.html\" \/>\n<meta property=\"og:site_name\" content=\"ProSOS - sosVZ\" \/>\n<meta property=\"article:published_time\" content=\"2022-12-24T08:59:00+00:00\" \/>\n<meta name=\"author\" content=\"Aktuelle Polizeimeldungen\" \/>\n<meta name=\"twitter:card\" content=\"summary_large_image\" \/>\n<meta name=\"twitter:label1\" content=\"Verfasst von\" \/>\n\t<meta name=\"twitter:data1\" content=\"Aktuelle Polizeimeldungen\" \/>\n<script type=\"application\/ld+json\" class=\"yoast-schema-graph\">{\"@context\":\"https:\/\/schema.org\",\"@graph\":[{\"@type\":\"WebPage\",\"@id\":\"https:\/\/www.prosos.org\/sosvz\/kind-von-auto-angefahren-5-73782.html\",\"url\":\"https:\/\/www.prosos.org\/sosvz\/kind-von-auto-angefahren-5-73782.html\",\"name\":\"Kind von Auto angefahren\",\"isPartOf\":{\"@id\":\"https:\/\/www.prosos.org\/sosvz\/#website\"},\"datePublished\":\"2022-12-24T08:59:00+00:00\",\"author\":{\"@id\":\"https:\/\/www.prosos.org\/sosvz\/#\/schema\/person\/f626ad8c5cd65f26c33d5e6d5757fca6\"},\"description\":\"In Wittenau wurde gestern Nachmittag ein Kind von einem Auto angefahren und hierbei verletzt. Nach derzeitigen Erkenntnissen lief der Vierj\u00e4hrige gegen 14.30 Uhr auf die Fahrbahn der Oranienburger Stra\u00dfe und wurde von dem VW eines 36-J\u00e4hrigen erfasst, ...\",\"breadcrumb\":{\"@id\":\"https:\/\/www.prosos.org\/sosvz\/kind-von-auto-angefahren-5-73782.html#breadcrumb\"},\"inLanguage\":\"de\",\"potentialAction\":[{\"@type\":\"ReadAction\",\"target\":[\"https:\/\/www.prosos.org\/sosvz\/kind-von-auto-angefahren-5-73782.html\"]}]},{\"@type\":\"BreadcrumbList\",\"@id\":\"https:\/\/www.prosos.org\/sosvz\/kind-von-auto-angefahren-5-73782.html#breadcrumb\",\"itemListElement\":[{\"@type\":\"ListItem\",\"position\":1,\"name\":\"Home\",\"item\":\"https:\/\/www.prosos.org\/sosvz\"},{\"@type\":\"ListItem\",\"position\":2,\"name\":\"Kind von Auto angefahren\"}]},{\"@type\":\"WebSite\",\"@id\":\"https:\/\/www.prosos.org\/sosvz\/#website\",\"url\":\"https:\/\/www.prosos.org\/sosvz\/\",\"name\":\"ProSOS - sosVZ\",\"description\":\"Die Coummunity f\u00fcr Polizei, Feuerwehr, Rettungsdienste und Selbstschutz\",\"potentialAction\":[{\"@type\":\"SearchAction\",\"target\":{\"@type\":\"EntryPoint\",\"urlTemplate\":\"https:\/\/www.prosos.org\/sosvz\/?s={search_term_string}\"},\"query-input\":{\"@type\":\"PropertyValueSpecification\",\"valueRequired\":true,\"valueName\":\"search_term_string\"}}],\"inLanguage\":\"de\"},{\"@type\":\"Person\",\"@id\":\"https:\/\/www.prosos.org\/sosvz\/#\/schema\/person\/f626ad8c5cd65f26c33d5e6d5757fca6\",\"name\":\"Aktuelle Polizeimeldungen\",\"image\":{\"@type\":\"ImageObject\",\"inLanguage\":\"de\",\"@id\":\"https:\/\/www.prosos.org\/sosvz\/#\/schema\/person\/image\/\",\"url\":\"https:\/\/secure.gravatar.com\/avatar\/82ef3a9469ef3bd05873407e97f8b147210b92a74e92177457621f7a4df8218b?s=96&d=mm&r=g\",\"contentUrl\":\"https:\/\/secure.gravatar.com\/avatar\/82ef3a9469ef3bd05873407e97f8b147210b92a74e92177457621f7a4df8218b?s=96&d=mm&r=g\",\"caption\":\"Aktuelle Polizeimeldungen\"},\"sameAs\":[\"http:\/\/www.berlin.de\/polizei\/\"]}]}<\/script>\n<!-- \/ Yoast SEO plugin. -->","yoast_head_json":{"title":"Kind von Auto angefahren","description":"In Wittenau wurde gestern Nachmittag ein Kind von einem Auto angefahren und hierbei verletzt. Nach derzeitigen Erkenntnissen lief der Vierj\u00e4hrige gegen 14.30 Uhr auf die Fahrbahn der Oranienburger Stra\u00dfe und wurde von dem VW eines 36-J\u00e4hrigen erfasst, ...","robots":{"index":"index","follow":"follow","max-snippet":"max-snippet:-1","max-image-preview":"max-image-preview:large","max-video-preview":"max-video-preview:-1"},"canonical":"https:\/\/www.prosos.org\/sosvz\/kind-von-auto-angefahren-5-73782.html","og_locale":"de_DE","og_type":"article","og_title":"Kind von Auto angefahren","og_description":"In Wittenau wurde gestern Nachmittag ein Kind von einem Auto angefahren und hierbei verletzt. Nach derzeitigen Erkenntnissen lief der Vierj\u00e4hrige gegen 14.30 Uhr auf die Fahrbahn der Oranienburger Stra\u00dfe und wurde von dem VW eines 36-J\u00e4hrigen erfasst, ...","og_url":"https:\/\/www.prosos.org\/sosvz\/kind-von-auto-angefahren-5-73782.html","og_site_name":"ProSOS - sosVZ","article_published_time":"2022-12-24T08:59:00+00:00","author":"Aktuelle Polizeimeldungen","twitter_card":"summary_large_image","twitter_misc":{"Verfasst von":"Aktuelle Polizeimeldungen"},"schema":{"@context":"https:\/\/schema.org","@graph":[{"@type":"WebPage","@id":"https:\/\/www.prosos.org\/sosvz\/kind-von-auto-angefahren-5-73782.html","url":"https:\/\/www.prosos.org\/sosvz\/kind-von-auto-angefahren-5-73782.html","name":"Kind von Auto angefahren","isPartOf":{"@id":"https:\/\/www.prosos.org\/sosvz\/#website"},"datePublished":"2022-12-24T08:59:00+00:00","author":{"@id":"https:\/\/www.prosos.org\/sosvz\/#\/schema\/person\/f626ad8c5cd65f26c33d5e6d5757fca6"},"description":"In Wittenau wurde gestern Nachmittag ein Kind von einem Auto angefahren und hierbei verletzt. Nach derzeitigen Erkenntnissen lief der Vierj\u00e4hrige gegen 14.30 Uhr auf die Fahrbahn der Oranienburger Stra\u00dfe und wurde von dem VW eines 36-J\u00e4hrigen erfasst, ...","breadcrumb":{"@id":"https:\/\/www.prosos.org\/sosvz\/kind-von-auto-angefahren-5-73782.html#breadcrumb"},"inLanguage":"de","potentialAction":[{"@type":"ReadAction","target":["https:\/\/www.prosos.org\/sosvz\/kind-von-auto-angefahren-5-73782.html"]}]},{"@type":"BreadcrumbList","@id":"https:\/\/www.prosos.org\/sosvz\/kind-von-auto-angefahren-5-73782.html#breadcrumb","itemListElement":[{"@type":"ListItem","position":1,"name":"Home","item":"https:\/\/www.prosos.org\/sosvz"},{"@type":"ListItem","position":2,"name":"Kind von Auto angefahren"}]},{"@type":"WebSite","@id":"https:\/\/www.prosos.org\/sosvz\/#website","url":"https:\/\/www.prosos.org\/sosvz\/","name":"ProSOS - sosVZ","description":"Die Coummunity f\u00fcr Polizei, Feuerwehr, Rettungsdienste und Selbstschutz","potentialAction":[{"@type":"SearchAction","target":{"@type":"EntryPoint","urlTemplate":"https:\/\/www.prosos.org\/sosvz\/?s={search_term_string}"},"query-input":{"@type":"PropertyValueSpecification","valueRequired":true,"valueName":"search_term_string"}}],"inLanguage":"de"},{"@type":"Person","@id":"https:\/\/www.prosos.org\/sosvz\/#\/schema\/person\/f626ad8c5cd65f26c33d5e6d5757fca6","name":"Aktuelle Polizeimeldungen","image":{"@type":"ImageObject","inLanguage":"de","@id":"https:\/\/www.prosos.org\/sosvz\/#\/schema\/person\/image\/","url":"https:\/\/secure.gravatar.com\/avatar\/82ef3a9469ef3bd05873407e97f8b147210b92a74e92177457621f7a4df8218b?s=96&d=mm&r=g","contentUrl":"https:\/\/secure.gravatar.com\/avatar\/82ef3a9469ef3bd05873407e97f8b147210b92a74e92177457621f7a4df8218b?s=96&d=mm&r=g","caption":"Aktuelle Polizeimeldungen"},"sameAs":["http:\/\/www.berlin.de\/polizei\/"]}]}},"_links":{"self":[{"href":"https:\/\/www.prosos.org\/sosvz\/wp-json\/wp\/v2\/posts\/73782","targetHints":{"allow":["GET"]}}],"collection":[{"href":"https:\/\/www.prosos.org\/sosvz\/wp-json\/wp\/v2\/posts"}],"about":[{"href":"https:\/\/www.prosos.org\/sosvz\/wp-json\/wp\/v2\/types\/post"}],"author":[{"embeddable":true,"href":"https:\/\/www.prosos.org\/sosvz\/wp-json\/wp\/v2\/users\/8"}],"replies":[{"embeddable":true,"href":"https:\/\/www.prosos.org\/sosvz\/wp-json\/wp\/v2\/comments?post=73782"}],"version-history":[{"count":1,"href":"https:\/\/www.prosos.org\/sosvz\/wp-json\/wp\/v2\/posts\/73782\/revisions"}],"predecessor-version":[{"id":73783,"href":"https:\/\/www.prosos.org\/sosvz\/wp-json\/wp\/v2\/posts\/73782\/revisions\/73783"}],"wp:attachment":[{"href":"https:\/\/www.prosos.org\/sosvz\/wp-json\/wp\/v2\/media?parent=73782"}],"wp:term":[{"taxonomy":"category","embeddable":true,"href":"https:\/\/www.prosos.org\/sosvz\/wp-json\/wp\/v2\/categories?post=73782"},{"taxonomy":"post_tag","embeddable":true,"href":"https:\/\/www.prosos.org\/sosvz\/wp-json\/wp\/v2\/tags?post=73782"}],"curies":[{"name":"wp","href":"https:\/\/api.w.org\/{rel}","templated":true}]}}