{"id":74243,"date":"2023-02-26T12:13:00","date_gmt":"2023-02-26T11:13:00","guid":{"rendered":"\/polizei\/polizeimeldungen\/2023\/pressemitteilung.1298774.php"},"modified":"2023-02-26T12:13:00","modified_gmt":"2023-02-26T11:13:00","slug":"fussgaenger-von-strassenbahn-angefahren","status":"publish","type":"post","link":"https:\/\/www.prosos.org\/sosvz\/fussgaenger-von-strassenbahn-angefahren-74243.html","title":{"rendered":"Fu\u00dfg\u00e4nger von Stra\u00dfenbahn angefahren"},"content":{"rendered":"Lebensbedrohliche Verletzungen am Kopf zog sich ein 66 Jahre alter Fu\u00dfg\u00e4nger bei einem Zusammensto\u00df mit einer Tram gestern Nachmittag in Marzahn zu. Nach dem bisherigen Ermittlungsstand soll der Mann gegen 14 Uhr bei Rot zeigender Ampel die Kreuzung Landsberger Allee\/ Blumberger Damm in n\u00f6rdliche Richtung \u00fcberquert haben.\n<p class=\"syndicated-attribution\"><br \/><a target='_blank' href='https:\/\/www.berlin.de\/polizei\/polizeimeldungen\/2023\/pressemitteilung.1298774.php'> komplette Meldung auf Aktuelle Polizeimeldungen lesen<\/a><br \/><\/p>","protected":false},"excerpt":{"rendered":"<p>Lebensbedrohliche Verletzungen am Kopf zog sich ein 66 Jahre alter Fu\u00dfg\u00e4nger bei einem Zusammensto\u00df mit einer Tram gestern Nachmittag in Marzahn zu. Nach dem bisherigen Ermittlungsstand soll der Mann gegen 14 Uhr bei Rot zeigender Ampel die Kreuzung La&#8230;<\/p>\n","protected":false},"author":8,"featured_media":0,"comment_status":"closed","ping_status":"closed","sticky":false,"template":"","format":"standard","meta":{"footnotes":""},"categories":[7],"tags":[],"class_list":["post-74243","post","type-post","status-publish","format-standard","hentry","category-berlin"],"yoast_head":"<!-- This site is optimized with the Yoast SEO plugin v24.9 - https:\/\/yoast.com\/wordpress\/plugins\/seo\/ -->\n<title>Fu\u00dfg\u00e4nger von Stra\u00dfenbahn angefahren<\/title>\n<meta name=\"description\" content=\"Lebensbedrohliche Verletzungen am Kopf zog sich ein 66 Jahre alter Fu\u00dfg\u00e4nger bei einem Zusammensto\u00df mit einer Tram gestern Nachmittag in Marzahn zu. Nach dem bisherigen Ermittlungsstand soll der Mann gegen 14 Uhr bei Rot zeigender Ampel die Kreuzung La...\" \/>\n<meta name=\"robots\" content=\"index, follow, max-snippet:-1, max-image-preview:large, max-video-preview:-1\" \/>\n<link rel=\"canonical\" href=\"https:\/\/www.prosos.org\/sosvz\/fussgaenger-von-strassenbahn-angefahren-74243.html\" \/>\n<meta property=\"og:locale\" content=\"de_DE\" \/>\n<meta property=\"og:type\" content=\"article\" \/>\n<meta property=\"og:title\" content=\"Fu\u00dfg\u00e4nger von Stra\u00dfenbahn angefahren\" \/>\n<meta property=\"og:description\" content=\"Lebensbedrohliche Verletzungen am Kopf zog sich ein 66 Jahre alter Fu\u00dfg\u00e4nger bei einem Zusammensto\u00df mit einer Tram gestern Nachmittag in Marzahn zu. Nach dem bisherigen Ermittlungsstand soll der Mann gegen 14 Uhr bei Rot zeigender Ampel die Kreuzung La...\" \/>\n<meta property=\"og:url\" content=\"https:\/\/www.prosos.org\/sosvz\/fussgaenger-von-strassenbahn-angefahren-74243.html\" \/>\n<meta property=\"og:site_name\" content=\"ProSOS - sosVZ\" \/>\n<meta property=\"article:published_time\" content=\"2023-02-26T11:13:00+00:00\" \/>\n<meta name=\"author\" content=\"Aktuelle Polizeimeldungen\" \/>\n<meta name=\"twitter:card\" content=\"summary_large_image\" \/>\n<meta name=\"twitter:label1\" content=\"Verfasst von\" \/>\n\t<meta name=\"twitter:data1\" content=\"Aktuelle Polizeimeldungen\" \/>\n<script type=\"application\/ld+json\" class=\"yoast-schema-graph\">{\"@context\":\"https:\/\/schema.org\",\"@graph\":[{\"@type\":\"WebPage\",\"@id\":\"https:\/\/www.prosos.org\/sosvz\/fussgaenger-von-strassenbahn-angefahren-74243.html\",\"url\":\"https:\/\/www.prosos.org\/sosvz\/fussgaenger-von-strassenbahn-angefahren-74243.html\",\"name\":\"Fu\u00dfg\u00e4nger von Stra\u00dfenbahn angefahren\",\"isPartOf\":{\"@id\":\"https:\/\/www.prosos.org\/sosvz\/#website\"},\"datePublished\":\"2023-02-26T11:13:00+00:00\",\"author\":{\"@id\":\"https:\/\/www.prosos.org\/sosvz\/#\/schema\/person\/f626ad8c5cd65f26c33d5e6d5757fca6\"},\"description\":\"Lebensbedrohliche Verletzungen am Kopf zog sich ein 66 Jahre alter Fu\u00dfg\u00e4nger bei einem Zusammensto\u00df mit einer Tram gestern Nachmittag in Marzahn zu. Nach dem bisherigen Ermittlungsstand soll der Mann gegen 14 Uhr bei Rot zeigender Ampel die Kreuzung La...\",\"breadcrumb\":{\"@id\":\"https:\/\/www.prosos.org\/sosvz\/fussgaenger-von-strassenbahn-angefahren-74243.html#breadcrumb\"},\"inLanguage\":\"de\",\"potentialAction\":[{\"@type\":\"ReadAction\",\"target\":[\"https:\/\/www.prosos.org\/sosvz\/fussgaenger-von-strassenbahn-angefahren-74243.html\"]}]},{\"@type\":\"BreadcrumbList\",\"@id\":\"https:\/\/www.prosos.org\/sosvz\/fussgaenger-von-strassenbahn-angefahren-74243.html#breadcrumb\",\"itemListElement\":[{\"@type\":\"ListItem\",\"position\":1,\"name\":\"Home\",\"item\":\"https:\/\/www.prosos.org\/sosvz\"},{\"@type\":\"ListItem\",\"position\":2,\"name\":\"Fu\u00dfg\u00e4nger von Stra\u00dfenbahn angefahren\"}]},{\"@type\":\"WebSite\",\"@id\":\"https:\/\/www.prosos.org\/sosvz\/#website\",\"url\":\"https:\/\/www.prosos.org\/sosvz\/\",\"name\":\"ProSOS - sosVZ\",\"description\":\"Die Coummunity f\u00fcr Polizei, Feuerwehr, Rettungsdienste und Selbstschutz\",\"potentialAction\":[{\"@type\":\"SearchAction\",\"target\":{\"@type\":\"EntryPoint\",\"urlTemplate\":\"https:\/\/www.prosos.org\/sosvz\/?s={search_term_string}\"},\"query-input\":{\"@type\":\"PropertyValueSpecification\",\"valueRequired\":true,\"valueName\":\"search_term_string\"}}],\"inLanguage\":\"de\"},{\"@type\":\"Person\",\"@id\":\"https:\/\/www.prosos.org\/sosvz\/#\/schema\/person\/f626ad8c5cd65f26c33d5e6d5757fca6\",\"name\":\"Aktuelle Polizeimeldungen\",\"image\":{\"@type\":\"ImageObject\",\"inLanguage\":\"de\",\"@id\":\"https:\/\/www.prosos.org\/sosvz\/#\/schema\/person\/image\/\",\"url\":\"https:\/\/secure.gravatar.com\/avatar\/82ef3a9469ef3bd05873407e97f8b147210b92a74e92177457621f7a4df8218b?s=96&d=mm&r=g\",\"contentUrl\":\"https:\/\/secure.gravatar.com\/avatar\/82ef3a9469ef3bd05873407e97f8b147210b92a74e92177457621f7a4df8218b?s=96&d=mm&r=g\",\"caption\":\"Aktuelle Polizeimeldungen\"},\"sameAs\":[\"http:\/\/www.berlin.de\/polizei\/\"]}]}<\/script>\n<!-- \/ Yoast SEO plugin. -->","yoast_head_json":{"title":"Fu\u00dfg\u00e4nger von Stra\u00dfenbahn angefahren","description":"Lebensbedrohliche Verletzungen am Kopf zog sich ein 66 Jahre alter Fu\u00dfg\u00e4nger bei einem Zusammensto\u00df mit einer Tram gestern Nachmittag in Marzahn zu. Nach dem bisherigen Ermittlungsstand soll der Mann gegen 14 Uhr bei Rot zeigender Ampel die Kreuzung La...","robots":{"index":"index","follow":"follow","max-snippet":"max-snippet:-1","max-image-preview":"max-image-preview:large","max-video-preview":"max-video-preview:-1"},"canonical":"https:\/\/www.prosos.org\/sosvz\/fussgaenger-von-strassenbahn-angefahren-74243.html","og_locale":"de_DE","og_type":"article","og_title":"Fu\u00dfg\u00e4nger von Stra\u00dfenbahn angefahren","og_description":"Lebensbedrohliche Verletzungen am Kopf zog sich ein 66 Jahre alter Fu\u00dfg\u00e4nger bei einem Zusammensto\u00df mit einer Tram gestern Nachmittag in Marzahn zu. Nach dem bisherigen Ermittlungsstand soll der Mann gegen 14 Uhr bei Rot zeigender Ampel die Kreuzung La...","og_url":"https:\/\/www.prosos.org\/sosvz\/fussgaenger-von-strassenbahn-angefahren-74243.html","og_site_name":"ProSOS - sosVZ","article_published_time":"2023-02-26T11:13:00+00:00","author":"Aktuelle Polizeimeldungen","twitter_card":"summary_large_image","twitter_misc":{"Verfasst von":"Aktuelle Polizeimeldungen"},"schema":{"@context":"https:\/\/schema.org","@graph":[{"@type":"WebPage","@id":"https:\/\/www.prosos.org\/sosvz\/fussgaenger-von-strassenbahn-angefahren-74243.html","url":"https:\/\/www.prosos.org\/sosvz\/fussgaenger-von-strassenbahn-angefahren-74243.html","name":"Fu\u00dfg\u00e4nger von Stra\u00dfenbahn angefahren","isPartOf":{"@id":"https:\/\/www.prosos.org\/sosvz\/#website"},"datePublished":"2023-02-26T11:13:00+00:00","author":{"@id":"https:\/\/www.prosos.org\/sosvz\/#\/schema\/person\/f626ad8c5cd65f26c33d5e6d5757fca6"},"description":"Lebensbedrohliche Verletzungen am Kopf zog sich ein 66 Jahre alter Fu\u00dfg\u00e4nger bei einem Zusammensto\u00df mit einer Tram gestern Nachmittag in Marzahn zu. Nach dem bisherigen Ermittlungsstand soll der Mann gegen 14 Uhr bei Rot zeigender Ampel die Kreuzung La...","breadcrumb":{"@id":"https:\/\/www.prosos.org\/sosvz\/fussgaenger-von-strassenbahn-angefahren-74243.html#breadcrumb"},"inLanguage":"de","potentialAction":[{"@type":"ReadAction","target":["https:\/\/www.prosos.org\/sosvz\/fussgaenger-von-strassenbahn-angefahren-74243.html"]}]},{"@type":"BreadcrumbList","@id":"https:\/\/www.prosos.org\/sosvz\/fussgaenger-von-strassenbahn-angefahren-74243.html#breadcrumb","itemListElement":[{"@type":"ListItem","position":1,"name":"Home","item":"https:\/\/www.prosos.org\/sosvz"},{"@type":"ListItem","position":2,"name":"Fu\u00dfg\u00e4nger von Stra\u00dfenbahn angefahren"}]},{"@type":"WebSite","@id":"https:\/\/www.prosos.org\/sosvz\/#website","url":"https:\/\/www.prosos.org\/sosvz\/","name":"ProSOS - sosVZ","description":"Die Coummunity f\u00fcr Polizei, Feuerwehr, Rettungsdienste und Selbstschutz","potentialAction":[{"@type":"SearchAction","target":{"@type":"EntryPoint","urlTemplate":"https:\/\/www.prosos.org\/sosvz\/?s={search_term_string}"},"query-input":{"@type":"PropertyValueSpecification","valueRequired":true,"valueName":"search_term_string"}}],"inLanguage":"de"},{"@type":"Person","@id":"https:\/\/www.prosos.org\/sosvz\/#\/schema\/person\/f626ad8c5cd65f26c33d5e6d5757fca6","name":"Aktuelle Polizeimeldungen","image":{"@type":"ImageObject","inLanguage":"de","@id":"https:\/\/www.prosos.org\/sosvz\/#\/schema\/person\/image\/","url":"https:\/\/secure.gravatar.com\/avatar\/82ef3a9469ef3bd05873407e97f8b147210b92a74e92177457621f7a4df8218b?s=96&d=mm&r=g","contentUrl":"https:\/\/secure.gravatar.com\/avatar\/82ef3a9469ef3bd05873407e97f8b147210b92a74e92177457621f7a4df8218b?s=96&d=mm&r=g","caption":"Aktuelle Polizeimeldungen"},"sameAs":["http:\/\/www.berlin.de\/polizei\/"]}]}},"_links":{"self":[{"href":"https:\/\/www.prosos.org\/sosvz\/wp-json\/wp\/v2\/posts\/74243","targetHints":{"allow":["GET"]}}],"collection":[{"href":"https:\/\/www.prosos.org\/sosvz\/wp-json\/wp\/v2\/posts"}],"about":[{"href":"https:\/\/www.prosos.org\/sosvz\/wp-json\/wp\/v2\/types\/post"}],"author":[{"embeddable":true,"href":"https:\/\/www.prosos.org\/sosvz\/wp-json\/wp\/v2\/users\/8"}],"replies":[{"embeddable":true,"href":"https:\/\/www.prosos.org\/sosvz\/wp-json\/wp\/v2\/comments?post=74243"}],"version-history":[{"count":1,"href":"https:\/\/www.prosos.org\/sosvz\/wp-json\/wp\/v2\/posts\/74243\/revisions"}],"predecessor-version":[{"id":74244,"href":"https:\/\/www.prosos.org\/sosvz\/wp-json\/wp\/v2\/posts\/74243\/revisions\/74244"}],"wp:attachment":[{"href":"https:\/\/www.prosos.org\/sosvz\/wp-json\/wp\/v2\/media?parent=74243"}],"wp:term":[{"taxonomy":"category","embeddable":true,"href":"https:\/\/www.prosos.org\/sosvz\/wp-json\/wp\/v2\/categories?post=74243"},{"taxonomy":"post_tag","embeddable":true,"href":"https:\/\/www.prosos.org\/sosvz\/wp-json\/wp\/v2\/tags?post=74243"}],"curies":[{"name":"wp","href":"https:\/\/api.w.org\/{rel}","templated":true}]}}