{"id":74358,"date":"2023-03-08T15:25:27","date_gmt":"2023-03-08T14:25:27","guid":{"rendered":"\/polizei\/polizeimeldungen\/2023\/pressemitteilung.1302418.php"},"modified":"2023-03-08T15:25:27","modified_gmt":"2023-03-08T14:25:27","slug":"freier-festgenommen","status":"publish","type":"post","link":"https:\/\/www.prosos.org\/sosvz\/freier-festgenommen-74358.html","title":{"rendered":"Freier festgenommen"},"content":{"rendered":"Polizisten nahmen gestern fr\u00fch zwei M\u00e4nner in Sch\u00f6neberg fest. Nach bisherigen Ermittlungen sprachen die beiden M\u00e4nner im Alter von 28 und 29 Jahren gegen 5.15 Uhr eine Prostituierte auf der Stra\u00dfe an.\n<p class=\"syndicated-attribution\"><br \/><a target='_blank' href='https:\/\/www.berlin.de\/polizei\/polizeimeldungen\/2023\/pressemitteilung.1302418.php'> komplette Meldung auf Aktuelle Polizeimeldungen lesen<\/a><br \/><\/p>","protected":false},"excerpt":{"rendered":"<p>Polizisten nahmen gestern fr\u00fch zwei M\u00e4nner in Sch\u00f6neberg fest. Nach bisherigen Ermittlungen sprachen die beiden M\u00e4nner im Alter von 28 und 29 Jahren gegen 5.15 Uhr eine Prostituierte auf der Stra\u00dfe an.<\/p>\n","protected":false},"author":8,"featured_media":0,"comment_status":"closed","ping_status":"closed","sticky":false,"template":"","format":"standard","meta":{"footnotes":""},"categories":[7],"tags":[],"class_list":["post-74358","post","type-post","status-publish","format-standard","hentry","category-berlin"],"yoast_head":"<!-- This site is optimized with the Yoast SEO plugin v24.9 - https:\/\/yoast.com\/wordpress\/plugins\/seo\/ -->\n<title>Freier festgenommen<\/title>\n<meta name=\"description\" content=\"Polizisten nahmen gestern fr\u00fch zwei M\u00e4nner in Sch\u00f6neberg fest. Nach bisherigen Ermittlungen sprachen die beiden M\u00e4nner im Alter von 28 und 29 Jahren gegen 5.15 Uhr eine Prostituierte auf der Stra\u00dfe an.\" \/>\n<meta name=\"robots\" content=\"index, follow, max-snippet:-1, max-image-preview:large, max-video-preview:-1\" \/>\n<link rel=\"canonical\" href=\"https:\/\/www.prosos.org\/sosvz\/freier-festgenommen-74358.html\" \/>\n<meta property=\"og:locale\" content=\"de_DE\" \/>\n<meta property=\"og:type\" content=\"article\" \/>\n<meta property=\"og:title\" content=\"Freier festgenommen\" \/>\n<meta property=\"og:description\" content=\"Polizisten nahmen gestern fr\u00fch zwei M\u00e4nner in Sch\u00f6neberg fest. Nach bisherigen Ermittlungen sprachen die beiden M\u00e4nner im Alter von 28 und 29 Jahren gegen 5.15 Uhr eine Prostituierte auf der Stra\u00dfe an.\" \/>\n<meta property=\"og:url\" content=\"https:\/\/www.prosos.org\/sosvz\/freier-festgenommen-74358.html\" \/>\n<meta property=\"og:site_name\" content=\"ProSOS - sosVZ\" \/>\n<meta property=\"article:published_time\" content=\"2023-03-08T14:25:27+00:00\" \/>\n<meta name=\"author\" content=\"Aktuelle Polizeimeldungen\" \/>\n<meta name=\"twitter:card\" content=\"summary_large_image\" \/>\n<meta name=\"twitter:label1\" content=\"Verfasst von\" \/>\n\t<meta name=\"twitter:data1\" content=\"Aktuelle Polizeimeldungen\" \/>\n<script type=\"application\/ld+json\" class=\"yoast-schema-graph\">{\"@context\":\"https:\/\/schema.org\",\"@graph\":[{\"@type\":\"WebPage\",\"@id\":\"https:\/\/www.prosos.org\/sosvz\/freier-festgenommen-74358.html\",\"url\":\"https:\/\/www.prosos.org\/sosvz\/freier-festgenommen-74358.html\",\"name\":\"Freier festgenommen\",\"isPartOf\":{\"@id\":\"https:\/\/www.prosos.org\/sosvz\/#website\"},\"datePublished\":\"2023-03-08T14:25:27+00:00\",\"author\":{\"@id\":\"https:\/\/www.prosos.org\/sosvz\/#\/schema\/person\/f626ad8c5cd65f26c33d5e6d5757fca6\"},\"description\":\"Polizisten nahmen gestern fr\u00fch zwei M\u00e4nner in Sch\u00f6neberg fest. Nach bisherigen Ermittlungen sprachen die beiden M\u00e4nner im Alter von 28 und 29 Jahren gegen 5.15 Uhr eine Prostituierte auf der Stra\u00dfe an.\",\"breadcrumb\":{\"@id\":\"https:\/\/www.prosos.org\/sosvz\/freier-festgenommen-74358.html#breadcrumb\"},\"inLanguage\":\"de\",\"potentialAction\":[{\"@type\":\"ReadAction\",\"target\":[\"https:\/\/www.prosos.org\/sosvz\/freier-festgenommen-74358.html\"]}]},{\"@type\":\"BreadcrumbList\",\"@id\":\"https:\/\/www.prosos.org\/sosvz\/freier-festgenommen-74358.html#breadcrumb\",\"itemListElement\":[{\"@type\":\"ListItem\",\"position\":1,\"name\":\"Home\",\"item\":\"https:\/\/www.prosos.org\/sosvz\"},{\"@type\":\"ListItem\",\"position\":2,\"name\":\"Freier festgenommen\"}]},{\"@type\":\"WebSite\",\"@id\":\"https:\/\/www.prosos.org\/sosvz\/#website\",\"url\":\"https:\/\/www.prosos.org\/sosvz\/\",\"name\":\"ProSOS - sosVZ\",\"description\":\"Die Coummunity f\u00fcr Polizei, Feuerwehr, Rettungsdienste und Selbstschutz\",\"potentialAction\":[{\"@type\":\"SearchAction\",\"target\":{\"@type\":\"EntryPoint\",\"urlTemplate\":\"https:\/\/www.prosos.org\/sosvz\/?s={search_term_string}\"},\"query-input\":{\"@type\":\"PropertyValueSpecification\",\"valueRequired\":true,\"valueName\":\"search_term_string\"}}],\"inLanguage\":\"de\"},{\"@type\":\"Person\",\"@id\":\"https:\/\/www.prosos.org\/sosvz\/#\/schema\/person\/f626ad8c5cd65f26c33d5e6d5757fca6\",\"name\":\"Aktuelle Polizeimeldungen\",\"image\":{\"@type\":\"ImageObject\",\"inLanguage\":\"de\",\"@id\":\"https:\/\/www.prosos.org\/sosvz\/#\/schema\/person\/image\/\",\"url\":\"https:\/\/secure.gravatar.com\/avatar\/82ef3a9469ef3bd05873407e97f8b147210b92a74e92177457621f7a4df8218b?s=96&d=mm&r=g\",\"contentUrl\":\"https:\/\/secure.gravatar.com\/avatar\/82ef3a9469ef3bd05873407e97f8b147210b92a74e92177457621f7a4df8218b?s=96&d=mm&r=g\",\"caption\":\"Aktuelle Polizeimeldungen\"},\"sameAs\":[\"http:\/\/www.berlin.de\/polizei\/\"]}]}<\/script>\n<!-- \/ Yoast SEO plugin. -->","yoast_head_json":{"title":"Freier festgenommen","description":"Polizisten nahmen gestern fr\u00fch zwei M\u00e4nner in Sch\u00f6neberg fest. Nach bisherigen Ermittlungen sprachen die beiden M\u00e4nner im Alter von 28 und 29 Jahren gegen 5.15 Uhr eine Prostituierte auf der Stra\u00dfe an.","robots":{"index":"index","follow":"follow","max-snippet":"max-snippet:-1","max-image-preview":"max-image-preview:large","max-video-preview":"max-video-preview:-1"},"canonical":"https:\/\/www.prosos.org\/sosvz\/freier-festgenommen-74358.html","og_locale":"de_DE","og_type":"article","og_title":"Freier festgenommen","og_description":"Polizisten nahmen gestern fr\u00fch zwei M\u00e4nner in Sch\u00f6neberg fest. Nach bisherigen Ermittlungen sprachen die beiden M\u00e4nner im Alter von 28 und 29 Jahren gegen 5.15 Uhr eine Prostituierte auf der Stra\u00dfe an.","og_url":"https:\/\/www.prosos.org\/sosvz\/freier-festgenommen-74358.html","og_site_name":"ProSOS - sosVZ","article_published_time":"2023-03-08T14:25:27+00:00","author":"Aktuelle Polizeimeldungen","twitter_card":"summary_large_image","twitter_misc":{"Verfasst von":"Aktuelle Polizeimeldungen"},"schema":{"@context":"https:\/\/schema.org","@graph":[{"@type":"WebPage","@id":"https:\/\/www.prosos.org\/sosvz\/freier-festgenommen-74358.html","url":"https:\/\/www.prosos.org\/sosvz\/freier-festgenommen-74358.html","name":"Freier festgenommen","isPartOf":{"@id":"https:\/\/www.prosos.org\/sosvz\/#website"},"datePublished":"2023-03-08T14:25:27+00:00","author":{"@id":"https:\/\/www.prosos.org\/sosvz\/#\/schema\/person\/f626ad8c5cd65f26c33d5e6d5757fca6"},"description":"Polizisten nahmen gestern fr\u00fch zwei M\u00e4nner in Sch\u00f6neberg fest. Nach bisherigen Ermittlungen sprachen die beiden M\u00e4nner im Alter von 28 und 29 Jahren gegen 5.15 Uhr eine Prostituierte auf der Stra\u00dfe an.","breadcrumb":{"@id":"https:\/\/www.prosos.org\/sosvz\/freier-festgenommen-74358.html#breadcrumb"},"inLanguage":"de","potentialAction":[{"@type":"ReadAction","target":["https:\/\/www.prosos.org\/sosvz\/freier-festgenommen-74358.html"]}]},{"@type":"BreadcrumbList","@id":"https:\/\/www.prosos.org\/sosvz\/freier-festgenommen-74358.html#breadcrumb","itemListElement":[{"@type":"ListItem","position":1,"name":"Home","item":"https:\/\/www.prosos.org\/sosvz"},{"@type":"ListItem","position":2,"name":"Freier festgenommen"}]},{"@type":"WebSite","@id":"https:\/\/www.prosos.org\/sosvz\/#website","url":"https:\/\/www.prosos.org\/sosvz\/","name":"ProSOS - sosVZ","description":"Die Coummunity f\u00fcr Polizei, Feuerwehr, Rettungsdienste und Selbstschutz","potentialAction":[{"@type":"SearchAction","target":{"@type":"EntryPoint","urlTemplate":"https:\/\/www.prosos.org\/sosvz\/?s={search_term_string}"},"query-input":{"@type":"PropertyValueSpecification","valueRequired":true,"valueName":"search_term_string"}}],"inLanguage":"de"},{"@type":"Person","@id":"https:\/\/www.prosos.org\/sosvz\/#\/schema\/person\/f626ad8c5cd65f26c33d5e6d5757fca6","name":"Aktuelle Polizeimeldungen","image":{"@type":"ImageObject","inLanguage":"de","@id":"https:\/\/www.prosos.org\/sosvz\/#\/schema\/person\/image\/","url":"https:\/\/secure.gravatar.com\/avatar\/82ef3a9469ef3bd05873407e97f8b147210b92a74e92177457621f7a4df8218b?s=96&d=mm&r=g","contentUrl":"https:\/\/secure.gravatar.com\/avatar\/82ef3a9469ef3bd05873407e97f8b147210b92a74e92177457621f7a4df8218b?s=96&d=mm&r=g","caption":"Aktuelle Polizeimeldungen"},"sameAs":["http:\/\/www.berlin.de\/polizei\/"]}]}},"_links":{"self":[{"href":"https:\/\/www.prosos.org\/sosvz\/wp-json\/wp\/v2\/posts\/74358","targetHints":{"allow":["GET"]}}],"collection":[{"href":"https:\/\/www.prosos.org\/sosvz\/wp-json\/wp\/v2\/posts"}],"about":[{"href":"https:\/\/www.prosos.org\/sosvz\/wp-json\/wp\/v2\/types\/post"}],"author":[{"embeddable":true,"href":"https:\/\/www.prosos.org\/sosvz\/wp-json\/wp\/v2\/users\/8"}],"replies":[{"embeddable":true,"href":"https:\/\/www.prosos.org\/sosvz\/wp-json\/wp\/v2\/comments?post=74358"}],"version-history":[{"count":1,"href":"https:\/\/www.prosos.org\/sosvz\/wp-json\/wp\/v2\/posts\/74358\/revisions"}],"predecessor-version":[{"id":74359,"href":"https:\/\/www.prosos.org\/sosvz\/wp-json\/wp\/v2\/posts\/74358\/revisions\/74359"}],"wp:attachment":[{"href":"https:\/\/www.prosos.org\/sosvz\/wp-json\/wp\/v2\/media?parent=74358"}],"wp:term":[{"taxonomy":"category","embeddable":true,"href":"https:\/\/www.prosos.org\/sosvz\/wp-json\/wp\/v2\/categories?post=74358"},{"taxonomy":"post_tag","embeddable":true,"href":"https:\/\/www.prosos.org\/sosvz\/wp-json\/wp\/v2\/tags?post=74358"}],"curies":[{"name":"wp","href":"https:\/\/api.w.org\/{rel}","templated":true}]}}