{"id":76098,"date":"2024-03-18T07:44:00","date_gmt":"2024-03-18T06:44:00","guid":{"rendered":"\/polizei\/polizeimeldungen\/2024\/pressemitteilung.1428377.php"},"modified":"2024-03-18T07:44:00","modified_gmt":"2024-03-18T06:44:00","slug":"mann-bei-ueberfall-verletzt-2","status":"publish","type":"post","link":"https:\/\/www.prosos.org\/sosvz\/mann-bei-ueberfall-verletzt-2-76098.html","title":{"rendered":"Mann bei \u00dcberfall verletzt"},"content":{"rendered":"Zu einem \u00dcberfall kam es in der vergangenen Nacht in Mitte. Nach Angaben des Betroffenen sei dieser gegen 23.30 Uhr die Zolastra\u00dfe entlanggelaufen, als ihn ein entgegenkommender Unbekannter am Nacken gepackt und mit sich gezogen habe.\n<p class=\"syndicated-attribution\"><br \/><a target='_blank' href='https:\/\/www.berlin.de\/polizei\/polizeimeldungen\/2024\/pressemitteilung.1428377.php'> komplette Meldung auf Aktuelle Polizeimeldungen lesen<\/a><br \/><\/p>","protected":false},"excerpt":{"rendered":"<p>Zu einem \u00dcberfall kam es in der vergangenen Nacht in Mitte. Nach Angaben des Betroffenen sei dieser gegen 23.30 Uhr die Zolastra\u00dfe entlanggelaufen, als ihn ein entgegenkommender Unbekannter am Nacken gepackt und mit sich gezogen habe.<\/p>\n","protected":false},"author":8,"featured_media":0,"comment_status":"closed","ping_status":"closed","sticky":false,"template":"","format":"standard","meta":{"footnotes":""},"categories":[7],"tags":[],"class_list":["post-76098","post","type-post","status-publish","format-standard","hentry","category-berlin"],"yoast_head":"<!-- This site is optimized with the Yoast SEO plugin v24.9 - https:\/\/yoast.com\/wordpress\/plugins\/seo\/ -->\n<title>Mann bei \u00dcberfall verletzt<\/title>\n<meta name=\"description\" content=\"Zu einem \u00dcberfall kam es in der vergangenen Nacht in Mitte. Nach Angaben des Betroffenen sei dieser gegen 23.30 Uhr die Zolastra\u00dfe entlanggelaufen, als ihn ein entgegenkommender Unbekannter am Nacken gepackt und mit sich gezogen habe.\" \/>\n<meta name=\"robots\" content=\"index, follow, max-snippet:-1, max-image-preview:large, max-video-preview:-1\" \/>\n<link rel=\"canonical\" href=\"https:\/\/www.prosos.org\/sosvz\/mann-bei-ueberfall-verletzt-2-76098.html\" \/>\n<meta property=\"og:locale\" content=\"de_DE\" \/>\n<meta property=\"og:type\" content=\"article\" \/>\n<meta property=\"og:title\" content=\"Mann bei \u00dcberfall verletzt\" \/>\n<meta property=\"og:description\" content=\"Zu einem \u00dcberfall kam es in der vergangenen Nacht in Mitte. Nach Angaben des Betroffenen sei dieser gegen 23.30 Uhr die Zolastra\u00dfe entlanggelaufen, als ihn ein entgegenkommender Unbekannter am Nacken gepackt und mit sich gezogen habe.\" \/>\n<meta property=\"og:url\" content=\"https:\/\/www.prosos.org\/sosvz\/mann-bei-ueberfall-verletzt-2-76098.html\" \/>\n<meta property=\"og:site_name\" content=\"ProSOS - sosVZ\" \/>\n<meta property=\"article:published_time\" content=\"2024-03-18T06:44:00+00:00\" \/>\n<meta name=\"author\" content=\"Aktuelle Polizeimeldungen\" \/>\n<meta name=\"twitter:card\" content=\"summary_large_image\" \/>\n<meta name=\"twitter:label1\" content=\"Verfasst von\" \/>\n\t<meta name=\"twitter:data1\" content=\"Aktuelle Polizeimeldungen\" \/>\n<script type=\"application\/ld+json\" class=\"yoast-schema-graph\">{\"@context\":\"https:\/\/schema.org\",\"@graph\":[{\"@type\":\"WebPage\",\"@id\":\"https:\/\/www.prosos.org\/sosvz\/mann-bei-ueberfall-verletzt-2-76098.html\",\"url\":\"https:\/\/www.prosos.org\/sosvz\/mann-bei-ueberfall-verletzt-2-76098.html\",\"name\":\"Mann bei \u00dcberfall verletzt\",\"isPartOf\":{\"@id\":\"https:\/\/www.prosos.org\/sosvz\/#website\"},\"datePublished\":\"2024-03-18T06:44:00+00:00\",\"author\":{\"@id\":\"https:\/\/www.prosos.org\/sosvz\/#\/schema\/person\/f626ad8c5cd65f26c33d5e6d5757fca6\"},\"description\":\"Zu einem \u00dcberfall kam es in der vergangenen Nacht in Mitte. Nach Angaben des Betroffenen sei dieser gegen 23.30 Uhr die Zolastra\u00dfe entlanggelaufen, als ihn ein entgegenkommender Unbekannter am Nacken gepackt und mit sich gezogen habe.\",\"breadcrumb\":{\"@id\":\"https:\/\/www.prosos.org\/sosvz\/mann-bei-ueberfall-verletzt-2-76098.html#breadcrumb\"},\"inLanguage\":\"de\",\"potentialAction\":[{\"@type\":\"ReadAction\",\"target\":[\"https:\/\/www.prosos.org\/sosvz\/mann-bei-ueberfall-verletzt-2-76098.html\"]}]},{\"@type\":\"BreadcrumbList\",\"@id\":\"https:\/\/www.prosos.org\/sosvz\/mann-bei-ueberfall-verletzt-2-76098.html#breadcrumb\",\"itemListElement\":[{\"@type\":\"ListItem\",\"position\":1,\"name\":\"Home\",\"item\":\"https:\/\/www.prosos.org\/sosvz\"},{\"@type\":\"ListItem\",\"position\":2,\"name\":\"Mann bei \u00dcberfall verletzt\"}]},{\"@type\":\"WebSite\",\"@id\":\"https:\/\/www.prosos.org\/sosvz\/#website\",\"url\":\"https:\/\/www.prosos.org\/sosvz\/\",\"name\":\"ProSOS - sosVZ\",\"description\":\"Die Coummunity f\u00fcr Polizei, Feuerwehr, Rettungsdienste und Selbstschutz\",\"potentialAction\":[{\"@type\":\"SearchAction\",\"target\":{\"@type\":\"EntryPoint\",\"urlTemplate\":\"https:\/\/www.prosos.org\/sosvz\/?s={search_term_string}\"},\"query-input\":{\"@type\":\"PropertyValueSpecification\",\"valueRequired\":true,\"valueName\":\"search_term_string\"}}],\"inLanguage\":\"de\"},{\"@type\":\"Person\",\"@id\":\"https:\/\/www.prosos.org\/sosvz\/#\/schema\/person\/f626ad8c5cd65f26c33d5e6d5757fca6\",\"name\":\"Aktuelle Polizeimeldungen\",\"image\":{\"@type\":\"ImageObject\",\"inLanguage\":\"de\",\"@id\":\"https:\/\/www.prosos.org\/sosvz\/#\/schema\/person\/image\/\",\"url\":\"https:\/\/secure.gravatar.com\/avatar\/82ef3a9469ef3bd05873407e97f8b147210b92a74e92177457621f7a4df8218b?s=96&d=mm&r=g\",\"contentUrl\":\"https:\/\/secure.gravatar.com\/avatar\/82ef3a9469ef3bd05873407e97f8b147210b92a74e92177457621f7a4df8218b?s=96&d=mm&r=g\",\"caption\":\"Aktuelle Polizeimeldungen\"},\"sameAs\":[\"http:\/\/www.berlin.de\/polizei\/\"]}]}<\/script>\n<!-- \/ Yoast SEO plugin. -->","yoast_head_json":{"title":"Mann bei \u00dcberfall verletzt","description":"Zu einem \u00dcberfall kam es in der vergangenen Nacht in Mitte. Nach Angaben des Betroffenen sei dieser gegen 23.30 Uhr die Zolastra\u00dfe entlanggelaufen, als ihn ein entgegenkommender Unbekannter am Nacken gepackt und mit sich gezogen habe.","robots":{"index":"index","follow":"follow","max-snippet":"max-snippet:-1","max-image-preview":"max-image-preview:large","max-video-preview":"max-video-preview:-1"},"canonical":"https:\/\/www.prosos.org\/sosvz\/mann-bei-ueberfall-verletzt-2-76098.html","og_locale":"de_DE","og_type":"article","og_title":"Mann bei \u00dcberfall verletzt","og_description":"Zu einem \u00dcberfall kam es in der vergangenen Nacht in Mitte. Nach Angaben des Betroffenen sei dieser gegen 23.30 Uhr die Zolastra\u00dfe entlanggelaufen, als ihn ein entgegenkommender Unbekannter am Nacken gepackt und mit sich gezogen habe.","og_url":"https:\/\/www.prosos.org\/sosvz\/mann-bei-ueberfall-verletzt-2-76098.html","og_site_name":"ProSOS - sosVZ","article_published_time":"2024-03-18T06:44:00+00:00","author":"Aktuelle Polizeimeldungen","twitter_card":"summary_large_image","twitter_misc":{"Verfasst von":"Aktuelle Polizeimeldungen"},"schema":{"@context":"https:\/\/schema.org","@graph":[{"@type":"WebPage","@id":"https:\/\/www.prosos.org\/sosvz\/mann-bei-ueberfall-verletzt-2-76098.html","url":"https:\/\/www.prosos.org\/sosvz\/mann-bei-ueberfall-verletzt-2-76098.html","name":"Mann bei \u00dcberfall verletzt","isPartOf":{"@id":"https:\/\/www.prosos.org\/sosvz\/#website"},"datePublished":"2024-03-18T06:44:00+00:00","author":{"@id":"https:\/\/www.prosos.org\/sosvz\/#\/schema\/person\/f626ad8c5cd65f26c33d5e6d5757fca6"},"description":"Zu einem \u00dcberfall kam es in der vergangenen Nacht in Mitte. Nach Angaben des Betroffenen sei dieser gegen 23.30 Uhr die Zolastra\u00dfe entlanggelaufen, als ihn ein entgegenkommender Unbekannter am Nacken gepackt und mit sich gezogen habe.","breadcrumb":{"@id":"https:\/\/www.prosos.org\/sosvz\/mann-bei-ueberfall-verletzt-2-76098.html#breadcrumb"},"inLanguage":"de","potentialAction":[{"@type":"ReadAction","target":["https:\/\/www.prosos.org\/sosvz\/mann-bei-ueberfall-verletzt-2-76098.html"]}]},{"@type":"BreadcrumbList","@id":"https:\/\/www.prosos.org\/sosvz\/mann-bei-ueberfall-verletzt-2-76098.html#breadcrumb","itemListElement":[{"@type":"ListItem","position":1,"name":"Home","item":"https:\/\/www.prosos.org\/sosvz"},{"@type":"ListItem","position":2,"name":"Mann bei \u00dcberfall verletzt"}]},{"@type":"WebSite","@id":"https:\/\/www.prosos.org\/sosvz\/#website","url":"https:\/\/www.prosos.org\/sosvz\/","name":"ProSOS - sosVZ","description":"Die Coummunity f\u00fcr Polizei, Feuerwehr, Rettungsdienste und Selbstschutz","potentialAction":[{"@type":"SearchAction","target":{"@type":"EntryPoint","urlTemplate":"https:\/\/www.prosos.org\/sosvz\/?s={search_term_string}"},"query-input":{"@type":"PropertyValueSpecification","valueRequired":true,"valueName":"search_term_string"}}],"inLanguage":"de"},{"@type":"Person","@id":"https:\/\/www.prosos.org\/sosvz\/#\/schema\/person\/f626ad8c5cd65f26c33d5e6d5757fca6","name":"Aktuelle Polizeimeldungen","image":{"@type":"ImageObject","inLanguage":"de","@id":"https:\/\/www.prosos.org\/sosvz\/#\/schema\/person\/image\/","url":"https:\/\/secure.gravatar.com\/avatar\/82ef3a9469ef3bd05873407e97f8b147210b92a74e92177457621f7a4df8218b?s=96&d=mm&r=g","contentUrl":"https:\/\/secure.gravatar.com\/avatar\/82ef3a9469ef3bd05873407e97f8b147210b92a74e92177457621f7a4df8218b?s=96&d=mm&r=g","caption":"Aktuelle Polizeimeldungen"},"sameAs":["http:\/\/www.berlin.de\/polizei\/"]}]}},"_links":{"self":[{"href":"https:\/\/www.prosos.org\/sosvz\/wp-json\/wp\/v2\/posts\/76098","targetHints":{"allow":["GET"]}}],"collection":[{"href":"https:\/\/www.prosos.org\/sosvz\/wp-json\/wp\/v2\/posts"}],"about":[{"href":"https:\/\/www.prosos.org\/sosvz\/wp-json\/wp\/v2\/types\/post"}],"author":[{"embeddable":true,"href":"https:\/\/www.prosos.org\/sosvz\/wp-json\/wp\/v2\/users\/8"}],"replies":[{"embeddable":true,"href":"https:\/\/www.prosos.org\/sosvz\/wp-json\/wp\/v2\/comments?post=76098"}],"version-history":[{"count":1,"href":"https:\/\/www.prosos.org\/sosvz\/wp-json\/wp\/v2\/posts\/76098\/revisions"}],"predecessor-version":[{"id":76099,"href":"https:\/\/www.prosos.org\/sosvz\/wp-json\/wp\/v2\/posts\/76098\/revisions\/76099"}],"wp:attachment":[{"href":"https:\/\/www.prosos.org\/sosvz\/wp-json\/wp\/v2\/media?parent=76098"}],"wp:term":[{"taxonomy":"category","embeddable":true,"href":"https:\/\/www.prosos.org\/sosvz\/wp-json\/wp\/v2\/categories?post=76098"},{"taxonomy":"post_tag","embeddable":true,"href":"https:\/\/www.prosos.org\/sosvz\/wp-json\/wp\/v2\/tags?post=76098"}],"curies":[{"name":"wp","href":"https:\/\/api.w.org\/{rel}","templated":true}]}}